{"id":33774,"date":"2025-06-14T09:46:37","date_gmt":"2025-06-14T12:46:37","guid":{"rendered":"https:\/\/13.com.ar\/index.php\/robbie-williams-y-laura-pausini-grabaron-el-nuevo-himno-de-fifa-gianni-infantino-lo-aprobo-y-se-estrenara-en-el-mundial-de-clubes\/"},"modified":"2025-06-14T09:46:37","modified_gmt":"2025-06-14T12:46:37","slug":"robbie-williams-y-laura-pausini-grabaron-el-nuevo-himno-de-fifa-gianni-infantino-lo-aprobo-y-se-estrenara-en-el-mundial-de-clubes","status":"publish","type":"post","link":"https:\/\/13.com.ar\/index.php\/robbie-williams-y-laura-pausini-grabaron-el-nuevo-himno-de-fifa-gianni-infantino-lo-aprobo-y-se-estrenara-en-el-mundial-de-clubes\/","title":{"rendered":"Robbie Williams y Laura Pausini grabaron el nuevo himno de FIFA, Gianni Infantino lo aprob\u00f3 y se estrenar\u00e1 en el Mundial de Clubes"},"content":{"rendered":"<p> <br \/>\n<br \/><img decoding=\"async\" src=\"https:\/\/13.com.ar\/wp-content\/uploads\/2025\/06\/Robbie-Williams-y-Laura-Pausini-grabaron-el-nuevo-himno-de.jpg\" \/><\/p>\n<div id=\"element-body-0\">\n<p>La <strong>ceremonia inaugural del Mundial de Clubes<\/strong> ser\u00e1 el momento elegido por la <strong>FIFA <\/strong>para presentar su <strong>nuevo himno oficial<\/strong>. La canci\u00f3n, compuesta e interpretada por el multipremiado cantante brit\u00e1nico <strong>Robbie Williams<\/strong>, ser\u00e1 estrenada este s\u00e1bado, antes del comienzo del partido entre <strong>Inter Miami<\/strong> y <strong>Al Ahly<\/strong> en Miami que dar\u00e1 inicio al certamen.<\/p>\n<\/div>\n<div id=\"element-body-1\">\n<p>El tema se llama \u201c<strong>Desire<\/strong>\u201d y fue grabado por Williams (quien fue designado embajador de la m\u00fasica por la FIFA para el Mundial de Clubes) junto a dos de sus colaboradores habituales, <strong>Karl Brazil<\/strong> y <strong>Owen Parker<\/strong>, adem\u00e1s de <strong>Erik Jan Grob<\/strong> y una invitada especial: la cantante italiana <strong>Laura Pausini<\/strong>.<\/p>\n<\/div>\n<div id=\"element-body-2\">\n<p>La presentaci\u00f3n de este himno en el Hard Rock este s\u00e1bado ser\u00e1 acompa\u00f1ada por un video que se proyectar\u00e1 en las pantallas del estadio. Luego, la canci\u00f3n sonar\u00e1 en todos los eventos de la FIFA, incluido el Mundial 2026 que se llevar\u00e1 a cabo en Canad\u00e1, M\u00e9xico y Estados Unidos. Adem\u00e1s, Williams y Pausini la interpretar\u00e1n en vivo el domingo 13 de julio en el MetLife Stadium de Nueva Jersey, donde se disputar\u00e1 la final del torneo.<\/p>\n<\/div>\n<div id=\"element-body-3\">\n<blockquote class=\"twitter-tweet\">\n<p lang=\"es\" dir=\"ltr\">Buenos d\u00edas. Hoy comienza el Mundial de Clubes&#8230; <a rel=\"nofollow\" target=\"_blank\" href=\"https:\/\/twitter.com\/hashtag\/FIFACWC?src=hash&amp;ref_src=twsrc%5Etfw\">#FIFACWC<\/a> <a rel=\"nofollow\" target=\"_blank\" href=\"https:\/\/t.co\/1fOUmuN4uD\">pic.twitter.com\/1fOUmuN4uD<\/a><\/p>\n<p>\u2014 Mundial de Clubes FIFA \ud83c\udfc6 (@fifaworldcup_es) <a rel=\"nofollow\" target=\"_blank\" href=\"https:\/\/twitter.com\/fifaworldcup_es\/status\/1933856414042042789?ref_src=twsrc%5Etfw\">June 14, 2025<\/a><\/p><\/blockquote>\n<\/div>\n<div id=\"element-body-4\">\n<p>\u201cLa m\u00fasica y el f\u00fatbol tienen un poder \u00fanico: unen a las personas como nada m\u00e1s en el mundo. Cada uno habla su propio lenguaje universal de conexi\u00f3n, esp\u00edritu y comunidad. Cuando esos dos mundos se encuentran, la experiencia es incomparable. Por eso, ser embajador de la m\u00fasica de la FIFA es un honor inmenso para m\u00ed. El f\u00fatbol y la m\u00fasica han estado presentes en mi vida desde siempre, as\u00ed que este proyecto tiene un significado muy especial a nivel personal\u201d, destac\u00f3 Williams durante una videollamada que mantuvo con el presidente de la casa madre del f\u00fatbol mundial, Gianni Infantino.<\/p>\n<\/div>\n<div id=\"element-body-5\">\n<p>\u201cCrec\u00ed viendo las salidas de los equipos al campo, los himnos, la emoci\u00f3n. As\u00ed que escribir y grabar el himno oficial de la FIFA es un verdadero privilegio. Quise crear una canci\u00f3n que lo abarque todo: la pasi\u00f3n, los nervios, el orgullo y esa grandeza que se respira justo antes del pitazo inicial. El f\u00fatbol y la m\u00fasica siempre fueron fundamentales en mi vida, y unirlos en un escenario como este me pone la piel de gallina\u201d, a\u00f1adi\u00f3 el excantante de Take That.<\/p>\n<\/div>\n<div id=\"element-body-6\">\n<p>Por su parte, Laura Pausini se manifest\u00f3 honrada por haber sido convocada para participar en \u201cun tema maravilloso y muy conmovedor\u201d y asegur\u00f3 que acompa\u00f1ar a Williams en el Mundial de Clubes era \u201cun sue\u00f1o hecho realidad\u201d. \u201cCrec\u00ed en Italia, rodeada de la emoci\u00f3n y la pasi\u00f3n por el f\u00fatbol que forma parte de la identidad de mi pa\u00eds. Tener ahora la oportunidad de cantar en vivo junto a Robbie, ante miles de aficionados del f\u00fatbol, y que mi voz se escuche en diferentes partes del mundo es sencillamente incre\u00edble\u201d, a\u00f1adi\u00f3.<\/p>\n<\/div>\n<div id=\"element-body-7\">\n<p>Seg\u00fan explic\u00f3 el organismo rector en un comunicado publicado en su sitio web, la elecci\u00f3n de Williams como embajador de la m\u00fasica marca \u201cel comienzo de una nueva etapa en la evoluci\u00f3n cultural de la FIFA: una apuesta por el poder universal de la m\u00fasica para estrechar la conexi\u00f3n con los aficionados y amplificar la emoci\u00f3n genuina que solo el f\u00fatbol es capaz de provocar\u201d.<\/p>\n<\/div>\n<div id=\"element-body-8\">\n<p>En ese sentido, Gianni Infantino destac\u00f3 que el artista hab\u00eda creado un himno \u201cverdaderamente espectacular, emotivo y cargado de energ\u00eda\u201d, y valor\u00f3 el aporte que Laura Pausini hab\u00eda realizado para ello. \u201cCon dos m\u00fasicos incre\u00edbles detr\u00e1s de &#8216;Desire&#8217;, esta gran canci\u00f3n representa el esp\u00edritu del f\u00fatbol mundial. Escucharla en la ceremonia inaugural del primer partido ser\u00e1 el inicio perfecto del primer Mundial de Clubes. Sin duda, ser\u00e1 un momento \u00e9pico\u201d, celebr\u00f3 el dirigente suizo.<\/p>\n<\/div>\n<p><script async src=\"\/\/platform.twitter.com\/widgets.js\" charset=\"utf-8\"><\/script><br \/>\n<br \/><br \/>\n<br \/><a href=\"https:\/\/www.clarin.com\/deportes\/robbie-williams-laura-pausini-grabaron-nuevo-himno-fifa-gianni-infantino-aprobo-estrenara-mundial-clubes_0_ttMSdDgSMF.html\">Fuente Clarin.com <\/a><\/p>\n","protected":false},"excerpt":{"rendered":"<p>La ceremonia inaugural del Mundial de Clubes ser\u00e1 el momento elegido por la FIFA para presentar su nuevo himno oficial. La canci\u00f3n, compuesta e interpretada por el multipremiado cantante brit\u00e1nico Robbie Williams, ser\u00e1 estrenada este s\u00e1bado, antes del comienzo del partido entre Inter Miami y Al Ahly en Miami que dar\u00e1 inicio al certamen. El [&hellip;]<\/p>\n","protected":false},"author":1,"featured_media":33775,"comment_status":"open","ping_status":"open","sticky":false,"template":"","format":"standard","meta":{"footnotes":""},"categories":[2],"tags":[6451,1613,9713,5982,2076,12947,17157,2077,11361,1612,14,21173,9615,9616],"class_list":["post-33774","post","type-post","status-publish","format-standard","has-post-thumbnail","hentry","category-ultimas-noticias","tag-aprobo","tag-clubes","tag-estrenara","tag-fifa","tag-gianni","tag-grabaron","tag-himno","tag-infantino","tag-laura","tag-mundial","tag-nuevo","tag-pausini","tag-robbie","tag-williams"],"_links":{"self":[{"href":"https:\/\/13.com.ar\/index.php\/wp-json\/wp\/v2\/posts\/33774","targetHints":{"allow":["GET"]}}],"collection":[{"href":"https:\/\/13.com.ar\/index.php\/wp-json\/wp\/v2\/posts"}],"about":[{"href":"https:\/\/13.com.ar\/index.php\/wp-json\/wp\/v2\/types\/post"}],"author":[{"embeddable":true,"href":"https:\/\/13.com.ar\/index.php\/wp-json\/wp\/v2\/users\/1"}],"replies":[{"embeddable":true,"href":"https:\/\/13.com.ar\/index.php\/wp-json\/wp\/v2\/comments?post=33774"}],"version-history":[{"count":0,"href":"https:\/\/13.com.ar\/index.php\/wp-json\/wp\/v2\/posts\/33774\/revisions"}],"wp:featuredmedia":[{"embeddable":true,"href":"https:\/\/13.com.ar\/index.php\/wp-json\/wp\/v2\/media\/33775"}],"wp:attachment":[{"href":"https:\/\/13.com.ar\/index.php\/wp-json\/wp\/v2\/media?parent=33774"}],"wp:term":[{"taxonomy":"category","embeddable":true,"href":"https:\/\/13.com.ar\/index.php\/wp-json\/wp\/v2\/categories?post=33774"},{"taxonomy":"post_tag","embeddable":true,"href":"https:\/\/13.com.ar\/index.php\/wp-json\/wp\/v2\/tags?post=33774"}],"curies":[{"name":"wp","href":"https:\/\/api.w.org\/{rel}","templated":true}]}}