{"id":33770,"date":"2025-06-14T09:04:31","date_gmt":"2025-06-14T12:04:31","guid":{"rendered":"https:\/\/13.com.ar\/index.php\/el-que-tiene-algun-enojo-que-se-enoje-conmigo\/"},"modified":"2025-06-14T09:04:31","modified_gmt":"2025-06-14T12:04:31","slug":"el-que-tiene-algun-enojo-que-se-enoje-conmigo","status":"publish","type":"post","link":"https:\/\/13.com.ar\/index.php\/el-que-tiene-algun-enojo-que-se-enoje-conmigo\/","title":{"rendered":"El que tiene alg\u00fan enojo, que se enoje conmigo"},"content":{"rendered":"<p> <br \/>\n<br \/><img decoding=\"async\" src=\"https:\/\/13.com.ar\/wp-content\/uploads\/2025\/06\/El-que-tiene-algun-enojo-que-se-enoje-conmigo.jpg\" \/><\/p>\n<div id=\"element-body-0\">\n<p>El presidente de <strong>River<\/strong>, <strong>Jorge Brito<\/strong>, habl\u00f3 tras hacerse oficial la venta de <strong>Franco Mastantuono<\/strong> al <strong>Real Madrid <\/strong>y sostuvo que durante la operaci\u00f3n intent\u00f3 &#8220;preservar al jugador&#8221; y pidi\u00f3 ser \u00e9l el foco de alg\u00fan posible enojo del hincha.<\/p>\n<\/div>\n<div id=\"element-body-1\">\n<p>&#8220;El que tiene algun enojo de todo esto, lo unico que tiene que hacer es enojarse conmigo&#8221;, dijo el m\u00e1ximo dirigente de River, quien adem\u00e1s cont\u00f3 que el futbolista, de 17 a\u00f1os, fue de los que &#8220;m\u00e1s presion\u00f3&#8221; para quedarse en el club hasta diciembre&#8221;.<\/p>\n<\/div>\n<div id=\"element-body-2\">\n<p>&#8220;Mastantuono ama a River y quiere volver&#8221;, a\u00f1adi\u00f3 Brito.<\/p>\n<\/div>\n<div id=\"element-body-3\">\n<p>Luego, asegur\u00f3 que &#8220;desde lo futbol\u00edstico es un golpe duro, pero que se va a superar, como siempre lo ha hecho River&#8221;<\/p>\n<\/div>\n<div id=\"element-body-4\">\n<p>Este viernes, ambos clubes oficializaron la operaci\u00f3n, la m\u00e1s cara en la historia del f\u00fatbol argentino, por una cl\u00e1usula ubicada en los 45 millones de euros.<\/p>\n<\/div>\n<div id=\"element-body-5\">\n<p>En un breve informe publicado en su sitio web, el club argentino explic\u00f3 que &#8220;el 11 de junio de 2025, Franco Mastantuono ejecut\u00f3 su cl\u00e1usula de rescisi\u00f3n, en conjunto con el Real Madrid, finalizando de forma anticipada su contrato&#8221;. As\u00ed, el jugador se incorporar\u00e1 al club espa\u00f1ol tras la disputa del Mundial de Clubes 2025.<\/p>\n<\/div>\n<div id=\"element-body-6\">\n<p>&#8220;El monto total de la operaci\u00f3n fue de \u20ac 63,2 millones, equivalentes a USD 72,6 millones, constituy\u00e9ndose como la mayor transferencia en la historia del f\u00fatbol argentino. River Plate percibir\u00e1 \u20ac 45 millones netos (USD 51,7 millones)&#8221;, inform\u00f3 el conjunto de N\u00fa\u00f1ez.<\/p>\n<\/div>\n<div id=\"element-body-7\">\n<p>El resto, en tanto, se distribuy\u00f3 de la siguiente manera:<\/p>\n<\/div>\n<div id=\"element-body-8\">\n<p>\u2022 \u20ac 11,8 millones (USD 13,6 millones): fisco espa\u00f1ol.<\/p>\n<\/div>\n<div id=\"element-body-9\">\n<p>\u2022 \u20ac 1,4 millones (USD 1,6 millones): Futbolistas Agremiados.<\/p>\n<\/div>\n<div id=\"element-body-10\">\n<p>\u2022 \u20ac 0,9 millones (USD 1 mill\u00f3n): Fondos Estructurales AFA.<\/p>\n<\/div>\n<div id=\"element-body-11\">\n<p>\u2022 \u20ac 3,6 millones (USD 4,1 millones): Decreto 510\/2023.<\/p>\n<\/div>\n<div id=\"element-body-12\">\n<p>\u2022 \u20ac 0,5 millones (USD 0,6 millones): otras tasas.<\/p>\n<\/div>\n<div id=\"element-body-13\">\n<p>Al final del detalle, River le dej\u00f3 un mensaje a su joven futbolista de 17 a\u00f1os que se encuentra en Estados Unidos para disputar el Mundial de Clubes.<\/p>\n<\/div>\n<div id=\"element-body-14\">\n<p>&#8220;Gracias, Franco, por tu entrega y talento. Un orgullo verte crecer en el Club. Te deseamos lo mejor en esta nueva etapa que viene post Mundial de Clubes&#8221;, dice el texto.<\/p>\n<\/div>\n<p><br \/>\n<br \/><a href=\"https:\/\/www.clarin.com\/deportes\/jorge-brito-hablo-venta-franco-mastantuono-real-madrid-algun-enojo-enoje-conmigo_0_1SLKKcsj6q.html\">Fuente Clarin.com <\/a><\/p>\n","protected":false},"excerpt":{"rendered":"<p>El presidente de River, Jorge Brito, habl\u00f3 tras hacerse oficial la venta de Franco Mastantuono al Real Madrid y sostuvo que durante la operaci\u00f3n intent\u00f3 &#8220;preservar al jugador&#8221; y pidi\u00f3 ser \u00e9l el foco de alg\u00fan posible enojo del hincha. &#8220;El que tiene algun enojo de todo esto, lo unico que tiene que hacer es [&hellip;]<\/p>\n","protected":false},"author":1,"featured_media":33771,"comment_status":"open","ping_status":"open","sticky":false,"template":"","format":"standard","meta":{"footnotes":""},"categories":[2],"tags":[20847,190,21171,2639,1486],"class_list":["post-33770","post","type-post","status-publish","format-standard","has-post-thumbnail","hentry","category-ultimas-noticias","tag-algun","tag-conmigo","tag-enoje","tag-enojo","tag-tiene"],"_links":{"self":[{"href":"https:\/\/13.com.ar\/index.php\/wp-json\/wp\/v2\/posts\/33770","targetHints":{"allow":["GET"]}}],"collection":[{"href":"https:\/\/13.com.ar\/index.php\/wp-json\/wp\/v2\/posts"}],"about":[{"href":"https:\/\/13.com.ar\/index.php\/wp-json\/wp\/v2\/types\/post"}],"author":[{"embeddable":true,"href":"https:\/\/13.com.ar\/index.php\/wp-json\/wp\/v2\/users\/1"}],"replies":[{"embeddable":true,"href":"https:\/\/13.com.ar\/index.php\/wp-json\/wp\/v2\/comments?post=33770"}],"version-history":[{"count":0,"href":"https:\/\/13.com.ar\/index.php\/wp-json\/wp\/v2\/posts\/33770\/revisions"}],"wp:featuredmedia":[{"embeddable":true,"href":"https:\/\/13.com.ar\/index.php\/wp-json\/wp\/v2\/media\/33771"}],"wp:attachment":[{"href":"https:\/\/13.com.ar\/index.php\/wp-json\/wp\/v2\/media?parent=33770"}],"wp:term":[{"taxonomy":"category","embeddable":true,"href":"https:\/\/13.com.ar\/index.php\/wp-json\/wp\/v2\/categories?post=33770"},{"taxonomy":"post_tag","embeddable":true,"href":"https:\/\/13.com.ar\/index.php\/wp-json\/wp\/v2\/tags?post=33770"}],"curies":[{"name":"wp","href":"https:\/\/api.w.org\/{rel}","templated":true}]}}