{"id":33749,"date":"2025-06-14T06:39:38","date_gmt":"2025-06-14T09:39:38","guid":{"rendered":"https:\/\/13.com.ar\/index.php\/de-la-sinceridad-al-caso-mastantuono-y-todo-con-una-trivia-de-fondo\/"},"modified":"2025-06-14T06:39:38","modified_gmt":"2025-06-14T09:39:38","slug":"de-la-sinceridad-al-caso-mastantuono-y-todo-con-una-trivia-de-fondo","status":"publish","type":"post","link":"https:\/\/13.com.ar\/index.php\/de-la-sinceridad-al-caso-mastantuono-y-todo-con-una-trivia-de-fondo\/","title":{"rendered":"de la sinceridad al caso Mastantuono, y todo con una trivia de fondo"},"content":{"rendered":"<p> <br \/>\n<br \/><img decoding=\"async\" src=\"https:\/\/13.com.ar\/wp-content\/uploads\/2025\/06\/de-la-sinceridad-al-caso-Mastantuono-y-todo-con-una.jpg\" \/><\/p>\n<div id=\"element-body-0\">\n<p><strong>Liberado<\/strong>. A diferencia de lo que se podr\u00eda pensar en la previa, <strong>Javier Mascherano<\/strong> no luce tenso a la espera del enorme desaf\u00edo que tendr\u00e1 su <strong>Inter Miami<\/strong> en el <strong>Mundial de Clubes<\/strong>. <strong>Lionel Messi<\/strong> es la figura central del equipo que eligi\u00f3 la <strong>FIFA<\/strong> a dedo para representar a Estados Unidos pero el Jefecito deber\u00e1 elegir los otros 10 jugadores que lo rodeen. S\u00ed, <em>Mascherano +10<\/em>, como aquella frase de Diego Maradona que regresa como profec\u00eda. <\/p>\n<\/div>\n<div id=\"element-body-1\">\n<p><strong>\u201cQu\u00e9 bueno que viniste Michelle, ya te extra\u00f1aba despu\u00e9s de dos semanas<\/strong>\u201d, fue su divertida iron\u00eda a la primera pregunta de la conferencia de prensa, hecha por una insidiosa periodista local que sigue el d\u00eda a d\u00eda del club para el <em>Miami Herald<\/em> y le pregunt\u00f3 por los lesionados. Da gusto verlo as\u00ed. Este enorme futbolista que fue, devenido en un joven entrenador de 41 a\u00f1os, tuvo que sufrir ciertos estigmas al hacerse entrenador, con una experiencia al frente del Sub 20 argentino que no estuvo a la altura de las expectativas.<\/p>\n<\/div>\n<div id=\"element-body-2\">\n<p>La salida del <strong>Tata Martino<\/strong> lo puso en el Inter de Leo pero tambi\u00e9n de Busquets, Alba y Su\u00e1rez, sus excompa\u00f1eros en Barcelona, y seis meses despu\u00e9s tendr\u00e1 literalmente todas las miradas del mundo encima pero \u00e9l no se preocupa.<\/p>\n<\/div>\n<div id=\"element-body-3\">\n<p>&#8220;Es una competici\u00f3n \u00fanica y tenemos el privilegio de jugarla por lo que hizo el cuerpo t\u00e9cnico del a\u00f1o pasado&#8221;, coment\u00f3 en referencia a Gerardo Martino. Y agreg\u00f3: &#8220;Es una buena medida para ver el nivel que tenemos. Ya los sabemos en la MLS y en la Concacaf, donde competimos hasta las \u00faltimas instancias. Ahora el nivel sube y queremos estar a la altura. Es una linda posibilidad y tomamos el reto con mucha confianza e ilusi\u00f3n&#8221;.<\/p>\n<\/div>\n<div id=\"element-body-4\">\n<p>A miles de kil\u00f3metros de Buenos Aires, <strong>el tono de las preguntas quiz\u00e1 lo amansaron<\/strong>: ac\u00e1 se destaca m\u00e1s el crecimiento de la MLS que una factible eliminaci\u00f3n temprana, y ni se menciona que a su equipo le viene costando mantenerse en la lucha de la liga.<\/p>\n<\/div>\n<div id=\"element-body-6\">\n<p>Vale decir que sufri\u00f3 por los lesionados y la falta de refuerzos, aceptando las normativas de Estados Unidos respecto a l\u00edmites presupuestarios en las plantillas. &#8220;Es lo que vengo diciendo siempre, mi trabajo es entrenar a los jugadores que tengo y conf\u00edo en ellos, pero tambi\u00e9n es cierto que nos hubiera gustado hacer algunas incorporaciones&#8221;, admiti\u00f3. <\/p>\n<\/div>\n<div id=\"element-body-7\">\n<p><strong><em>Masche <\/em>conf\u00eda en su vestuario<\/strong>, lo dej\u00f3 claro cuando le preguntaron por la experiencia de los m\u00e1s veteranos. Habl\u00f3 de ellos, pero en realidad lo hizo apuntando a los m\u00e1s chicos: &#8220;Tenemos la ventaja de tener unos cuantos jugadores que han tenido este tipo de competiciones. No hay nada mejor que un compa\u00f1ero te transmita eso. Los entrenadores a veces no podemos. Los jugadores retienen m\u00e1s cuando el que lo ha vivido es un compa\u00f1ero. Eso es una ventaja, especialmente para los jugadores j\u00f3venes, que buscar\u00e1n mostrarse y demostrar lo que realmente valen&#8221;, reflexion\u00f3.<\/p>\n<\/div>\n<div id=\"element-body-8\">\n<p>Y luego sigui\u00f3 con su optimismo: &#8220;Veo todas cosas positivas a la hora del inicio. Pero el f\u00fatbol es lo que pasa dentro de la cancha, ah\u00ed se terminan las palabras&#8221;.<\/p>\n<\/div>\n<div id=\"element-body-9\">\n<p>Eso s\u00ed, en un momento logr\u00f3 sincerarse y avis\u00f3:<strong> &#8220;No seamos hip\u00f3critas, es muy probable que el Mundial de Clubes lo va a terminar ganando un equipo europeo&#8221;.<\/strong><\/p>\n<\/div>\n<div id=\"element-body-10\">\n<p>&#8220;Hopefully no&#8221;, dijo finalmente, sac\u00e1ndole una sonrisa al periodista egipcio que le consult\u00f3 en ingl\u00e9s por las chances de clasificaci\u00f3n del <strong>Al Ahly<\/strong>, su rival en el debut, quiz\u00e1s el m\u00e1s d\u00e9bil porque despu\u00e9s seguir\u00e1n <strong>Porto <\/strong>y <strong>Palmeiras<\/strong>, en ese orden. <em>Masche <\/em>espera que los egipcios no avancen, claro. Y mostr\u00f3 que no lo subestima porque est\u00e1 bastante informado: dio nombres, actualidad y refuerzos, ratificando adem\u00e1s que est\u00e1 m\u00e1s suelto con el idioma.<\/p>\n<\/div>\n<div id=\"element-body-12\">\n<p>Hubo tiempo para hablar de <strong>Franco Mastantuono<\/strong>, el pibe de oro que se va de River al Real Madrid en una cifra r\u00e9cord.<strong> &#8220;Lo dirig\u00ed en la Sub 20, es un jugador con un talento impresionante y una mentalidad poco com\u00fan&#8221;<\/strong>, coment\u00f3 con tono paternal.<\/p>\n<\/div>\n<div id=\"element-body-13\">\n<p>A la vez que destac\u00f3:<strong> \u201cNo es f\u00e1cil encontrar chicos de esa edad con semejante personalidad\u201d.<\/strong><\/p>\n<\/div>\n<div id=\"element-body-14\">\n<p>\u201cEst\u00e1 dando un gran paso, est\u00e1 en uno de los mejores equipos en los que pod\u00e9s estar en el mundo como es River, pero cuando equipos como Real Madrid y Barcelona te vienen a buscar es dif\u00edcil decirle que no\u201d, cerr\u00f3 <em>Masche<\/em>, que elogi\u00f3 tambi\u00e9n a <strong>Xabi Alonso<\/strong>, nuevo DT del <em>Merengue<\/em>.<\/p>\n<\/div>\n<div id=\"element-body-15\">\n<p>Mientras todo esto pasaba, en las pantallas de la conferencia se suced\u00edan los ensayos de la fiesta inaugural dentro de la cancha, que parece estar en buenas condiciones a pesar de que hace unos d\u00edas <strong>Shakira <\/strong>brind\u00f3 un recital.<\/p>\n<\/div>\n<div id=\"element-body-16\">\n<p>Pero lo m\u00e1s curioso fue la inclusi\u00f3n de una trivia que promete servir de entretenimiento para los fan\u00e1ticos que se acerquen al<strong> Hard Rock Stadium<\/strong>, con preguntas al estilo &#8220;qu\u00e9 selecci\u00f3n tiene m\u00e1s t\u00edtulos del mundo&#8221;.<\/p>\n<\/div>\n<div id=\"element-body-18\">\n<p>Masche luci\u00f3 tan suelto que le falt\u00f3 jugar tambi\u00e9n a responderlas.<\/p>\n<\/div>\n<p><br \/>\n<br \/><a href=\"https:\/\/www.clarin.com\/deportes\/mascherano-liberado-previa-mundial-clubes-sinceridad-caso-mastantuono-trivia-fondo_0_1KAowp9ghp.html\">Fuente Clarin.com <\/a><\/p>\n","protected":false},"excerpt":{"rendered":"<p>Liberado. A diferencia de lo que se podr\u00eda pensar en la previa, Javier Mascherano no luce tenso a la espera del enorme desaf\u00edo que tendr\u00e1 su Inter Miami en el Mundial de Clubes. Lionel Messi es la figura central del equipo que eligi\u00f3 la FIFA a dedo para representar a Estados Unidos pero el Jefecito [&hellip;]<\/p>\n","protected":false},"author":1,"featured_media":33750,"comment_status":"open","ping_status":"open","sticky":false,"template":"","format":"standard","meta":{"footnotes":""},"categories":[2],"tags":[800,18,1244,4320,21161,24,21162,73],"class_list":["post-33749","post","type-post","status-publish","format-standard","has-post-thumbnail","hentry","category-ultimas-noticias","tag-caso","tag-con","tag-fondo","tag-mastantuono","tag-sinceridad","tag-todo","tag-trivia","tag-una"],"_links":{"self":[{"href":"https:\/\/13.com.ar\/index.php\/wp-json\/wp\/v2\/posts\/33749","targetHints":{"allow":["GET"]}}],"collection":[{"href":"https:\/\/13.com.ar\/index.php\/wp-json\/wp\/v2\/posts"}],"about":[{"href":"https:\/\/13.com.ar\/index.php\/wp-json\/wp\/v2\/types\/post"}],"author":[{"embeddable":true,"href":"https:\/\/13.com.ar\/index.php\/wp-json\/wp\/v2\/users\/1"}],"replies":[{"embeddable":true,"href":"https:\/\/13.com.ar\/index.php\/wp-json\/wp\/v2\/comments?post=33749"}],"version-history":[{"count":0,"href":"https:\/\/13.com.ar\/index.php\/wp-json\/wp\/v2\/posts\/33749\/revisions"}],"wp:featuredmedia":[{"embeddable":true,"href":"https:\/\/13.com.ar\/index.php\/wp-json\/wp\/v2\/media\/33750"}],"wp:attachment":[{"href":"https:\/\/13.com.ar\/index.php\/wp-json\/wp\/v2\/media?parent=33749"}],"wp:term":[{"taxonomy":"category","embeddable":true,"href":"https:\/\/13.com.ar\/index.php\/wp-json\/wp\/v2\/categories?post=33749"},{"taxonomy":"post_tag","embeddable":true,"href":"https:\/\/13.com.ar\/index.php\/wp-json\/wp\/v2\/tags?post=33749"}],"curies":[{"name":"wp","href":"https:\/\/api.w.org\/{rel}","templated":true}]}}