{"id":33739,"date":"2025-06-14T06:24:30","date_gmt":"2025-06-14T09:24:30","guid":{"rendered":"https:\/\/13.com.ar\/index.php\/murio-otro-medico-en-un-choque-frontal-en-una-ruta-bonaerense\/"},"modified":"2025-06-14T06:24:30","modified_gmt":"2025-06-14T09:24:30","slug":"murio-otro-medico-en-un-choque-frontal-en-una-ruta-bonaerense","status":"publish","type":"post","link":"https:\/\/13.com.ar\/index.php\/murio-otro-medico-en-un-choque-frontal-en-una-ruta-bonaerense\/","title":{"rendered":"Muri\u00f3 otro m\u00e9dico en un choque frontal en una ruta bonaerense"},"content":{"rendered":"<p> <br \/>\n<\/p>\n<div id=\"cuerpo\">\n<div class=\"sc-45461e9c-0 eqiBeF container-text text-embed \" id=\"element-body-0\">\n<p>Cinco d\u00edas despu\u00e9s de la tragedia en la <strong>ruta provincial 88<\/strong>, que se cobr\u00f3 la vida de un reconocido m\u00e9dico marplatense y el hijo de su esposa, de 8 a\u00f1os, este viernes se repiti\u00f3 la historia cerca de all\u00ed, a unos cien kil\u00f3metros, pero en otra carretera bonaerense, <strong>la 55<\/strong>, donde un pediatra que iba a trabajar a<strong> Lober\u00eda <\/strong>perdi\u00f3 la vida en un choque frontal cerca de Pieres.<\/p>\n<\/div>\n<div class=\"sc-45461e9c-0 eqiBeF container-text text-embed \" id=\"element-body-1\">\n<p>La v\u00edctima fue <strong>Fernando Lamas (41)<\/strong>, quien manejaba un <strong>Volkswagen Gol Power<\/strong> que impact\u00f3 contra una <strong>Honda HRV <\/strong>en la que iban, hacia Buenos Aires, una mujer de 48 a\u00f1os y su hija de 17. El profesional de la salud muri\u00f3 en el acto.<\/p>\n<\/div>\n<div class=\"sc-45461e9c-0 eqiBeF container-text text-embed \" id=\"element-body-2\">\n<p>Del siniestro particip\u00f3 tambi\u00e9n una camioneta <strong>Ford F-100<\/strong>, conducida por un contratista rural de 48 a\u00f1os, due\u00f1o de una limpiadora de granos y semillas.<\/p>\n<\/div>\n<div class=\"sc-45461e9c-0 eqiBeF container-text text-embed \" id=\"element-body-3\">\n<p>En principio, todo indica que el Gol del m\u00e9dico roz\u00f3 a la camioneta, se cruz\u00f3 al carril contrario y se dio de frente contra la Honda HRV, cuyas ocupantes sufrieron golpes pero se encontraban internadas fuera de peligro en el Hospital Emilio Ferreyra, de Necochea.<\/p>\n<\/div>\n<div class=\"sc-98b114a2-0 bkqiHH image-embed  image-embed \" id=\"element-body-4\"><picture class=\"sc-98b114a2-1 jRUlDm\"><source media=\"(min-width: 975px)\" width=\"720\" height=\"480\" \/><img alt=\"Fernando Lamas (41), m\u00e9dico pediatra, muri\u00f3 en un choque frontal en la ruta provincial 55, cerca de Pieres. Foto Ecos Diarios\" loading=\"lazy\" width=\"720\" height=\"480\" decoding=\"async\" data-nimg=\"1\" style=\"color:transparent\" src=\"https:\/\/13.com.ar\/wp-content\/uploads\/2025\/06\/Murio-otro-medico-en-un-choque-frontal-en-una-ruta.jpg\"\/><span class=\"epigraphe\">Fernando Lamas (41), m\u00e9dico pediatra, muri\u00f3 en un choque frontal en la ruta provincial 55, cerca de Pieres. Foto Ecos Diarios<\/span><span class=\"picture-open\"><button class=\"open-image\" aria-label=\"Open Image\"\/><\/span><\/picture><\/div>\n<div class=\"sc-45461e9c-0 eqiBeF container-text text-embed \" id=\"element-body-5\">\n<p>Lamas era de Ramos Mej\u00eda (La Matanza). Se recibi\u00f3 en la Universidad Nacional de La Plata (UNLP) y se hab\u00eda ido a vivir a <strong>San Agust\u00edn<\/strong>, un pueblo de 500 habitantes en el partido de <strong>Balcarce<\/strong>, para desempe\u00f1arse en su profesi\u00f3n.<\/p>\n<\/div>\n<div class=\"sc-45461e9c-0 eqiBeF container-text text-embed \" id=\"element-body-6\">\n<p>Seg\u00fan pudo saber <strong>Clar\u00edn<\/strong>, hab\u00eda aprendido a manejar hace poco tiempo y se lanz\u00f3 a la ruta, a pesar de sus temores, debido a que cubr\u00eda guardias en distintas localidades, entre ellas Coronel Vidal y Lober\u00eda.<\/p>\n<\/div>\n<div class=\"sc-45461e9c-0 eqiBeF container-text text-embed \" id=\"element-body-7\">\n<p>En esta \u00faltima ciudad trabajaba en la guardia pedi\u00e1trica los viernes y s\u00e1bados. &#8220;<em>Lamentamos profundamente el fallecimiento del Doctor Fernando Lamas, profesional que se desempe\u00f1ara en el \u00e1rea de pediatr\u00eda del Hospital Municipal Gaspar M. Campos. Acompa\u00f1amos en el dolor a familiares, amigos y compa\u00f1eros de trabajo<\/em>&#8220;, indicaron desde la comuna.<\/p>\n<\/div>\n<p><iframe loading=\"lazy\" src=\"https:\/\/www.facebook.com\/plugins\/post.php?href=https%3A%2F%2Fwww.facebook.com%2Fmunicipalidadloberia%2Fposts%2Fpfbid0F8Dd4uBgXb3XEFeKzUBryY16S5DpqiiGckpzAAKP9aptBBHUq9dVKvVz71GRZtMZl&amp;show_text=true&amp;width=500\" width=\"500\" height=\"654\" style=\"border:none;overflow:hidden\" scrolling=\"no\" frameborder=\"0\" allowfullscreen=\"true\" allow=\"autoplay; clipboard-write; encrypted-media; picture-in-picture; web-share\"><\/iframe><\/p>\n<div class=\"sc-45461e9c-0 eqiBeF container-text text-embed \" id=\"element-body-9\">\n<p>La tragedia volvi\u00f3 a poner en la escena<strong> el lamentable estado de las rutas de la provincia de Buenos Aires<\/strong>. En el caso de la 55, que tiene 178 kil\u00f3metros de extensi\u00f3n y conecta Necochea con Coronel Vidal, hasta la autov\u00eda 2, los automovilistas se quejan que no est\u00e1 se\u00f1alizada y es un peligro circular, sobre todo de noche.<\/p>\n<\/div>\n<div class=\"sc-45461e9c-0 eqiBeF container-text text-embed \" id=\"element-body-10\">\n<p>&#8220;<em>Quienes andamos por la ruta 55 no podemos decir que est\u00e1 buena, por favor, los desniveles que tiene en las orillas son terribles y cuando llueve se acumula todo el agua sobre ella. Re peligrosa<\/em>&#8220;, escribi\u00f3 un usuario.<\/p>\n<\/div>\n<div class=\"sc-98b114a2-0 bkqiHH image-embed  image-embed \" id=\"element-body-11\"><picture class=\"sc-98b114a2-1 jRUlDm\"><source media=\"(min-width: 975px)\" width=\"720\" height=\"480\" \/><img alt=\"Fernando Lamas (41), m\u00e9dico pediatra, muri\u00f3 en un choque frontal en la ruta provincial 55, cerca de Pieres.\" loading=\"lazy\" width=\"720\" height=\"480\" decoding=\"async\" data-nimg=\"1\" style=\"color:transparent\" src=\"https:\/\/13.com.ar\/wp-content\/uploads\/2025\/06\/1749893069_729_Murio-otro-medico-en-un-choque-frontal-en-una-ruta.jpg\"\/><span class=\"epigraphe\">Fernando Lamas (41), m\u00e9dico pediatra, muri\u00f3 en un choque frontal en la ruta provincial 55, cerca de Pieres.<\/span><span class=\"picture-open\"><button class=\"open-image\" aria-label=\"Open Image\"\/><\/span><\/picture><\/div>\n<div class=\"sc-45461e9c-0 eqiBeF container-text text-embed \" id=\"element-body-12\">\n<p>El choque se produjo en una recta, en el kil\u00f3metro 5 de la ruta, a unos 500 metros de un curv\u00f3n a la salida de una rotonda donde el tr\u00e1nsito se bifurca en dos direcciones: hacia Pieres-Necochea y hacia Lober\u00eda.<\/p>\n<\/div>\n<div class=\"sc-45461e9c-0 eqiBeF container-text text-embed \" id=\"element-body-13\">\n<p>De acuerdo a lo que reconstruyeron los investigadores, luego del roce con la Ford F-100 -que circulaba en sentido contrario- <strong>el Gol mordi\u00f3 la banquina y sali\u00f3 disparado a la otra mano<\/strong>, donde la conductora de la Honda HRV no pudo hacer nada para evitar el impacto.<\/p>\n<\/div>\n<div class=\"sc-98b114a2-0 bkqiHH image-embed  image-embed \" id=\"element-body-14\"><picture class=\"sc-98b114a2-1 jRUlDm\"><source media=\"(min-width: 975px)\" width=\"720\" height=\"480\" \/><img alt=\"Fernando Lamas (41), m\u00e9dico pediatra, muri\u00f3 en un choque frontal en la ruta provincial 55, cerca de Pieres.\" loading=\"lazy\" width=\"720\" height=\"480\" decoding=\"async\" data-nimg=\"1\" style=\"color:transparent\" src=\"https:\/\/13.com.ar\/wp-content\/uploads\/2025\/06\/1749893069_849_Murio-otro-medico-en-un-choque-frontal-en-una-ruta.jpg\"\/><span class=\"epigraphe\">Fernando Lamas (41), m\u00e9dico pediatra, muri\u00f3 en un choque frontal en la ruta provincial 55, cerca de Pieres.<\/span><span class=\"picture-open\"><button class=\"open-image\" aria-label=\"Open Image\"\/><\/span><\/picture><\/div>\n<div class=\"sc-45461e9c-0 eqiBeF container-text text-embed \" id=\"element-body-15\">\n<p>En el lugar trabajaron los bomberos voluntarios de Lober\u00eda. Los m\u00e9dicos fueron quienes constataron la muerte del m\u00e9dico.<\/p>\n<\/div>\n<div class=\"sc-45461e9c-0 eqiBeF container-text text-embed \" id=\"element-body-16\">\n<p>La causa fue caratulada como &#8220;<em>homicidio culposo<\/em>&#8221; y qued\u00f3 a cargo de la UFI N\u00b0 1 de Necochea, que conduce <strong>el fiscal Jos\u00e9 Luis Cipolletti<\/strong>.<\/p>\n<\/div>\n<p><h2>Antecedente tr\u00e1gico<\/h2>\n<\/p>\n<div class=\"sc-45461e9c-0 eqiBeF container-text text-embed \" id=\"element-body-18\">\n<p>El domingo pasado, a las 20, a la altura del kil\u00f3metro 45 de la ruta provincial 88, cerca del acceso a Miramar, el reconocido m\u00e9dico <strong>Diego Quir\u00f3s (57) <\/strong>muri\u00f3 junto al hijo de su mujer, <strong>I\u00f1aki Mendiz\u00e1bal (8)<\/strong>, al chocar su Mercedes Benz GLA 250 contra un cami\u00f3n con acoplado, cargado con cereal.<\/p>\n<\/div>\n<div class=\"sc-98b114a2-0 bkqiHH image-embed  image-embed \" id=\"element-body-19\"><picture class=\"sc-98b114a2-1 jRUlDm\"><source media=\"(min-width: 975px)\" width=\"720\" height=\"480\" \/><img alt=\"El m\u00e9dico marplatense Diego Quir\u00f3s (57) y su esposa, Yanina Liani (39).\" loading=\"lazy\" width=\"720\" height=\"480\" decoding=\"async\" data-nimg=\"1\" style=\"color:transparent\" src=\"https:\/\/13.com.ar\/wp-content\/uploads\/2025\/06\/1749893069_721_Murio-otro-medico-en-un-choque-frontal-en-una-ruta.jpg\"\/><span class=\"epigraphe\">El m\u00e9dico marplatense Diego Quir\u00f3s (57) y su esposa, Yanina Liani (39).<\/span><span class=\"picture-open\"><button class=\"open-image\" aria-label=\"Open Image\"\/><\/span><\/picture><\/div>\n<div class=\"sc-45461e9c-0 eqiBeF container-text text-embed \" id=\"element-body-20\">\n<p>El conductor del cami\u00f3n, <strong>Ra\u00fal Alejandro Lozano Garc\u00eda (48)<\/strong>, con domicilio en Quequ\u00e9n, circulaba con la licencia profesional de conducir vencida en 2022 y el transporte no ten\u00eda la Verificaci\u00f3n T\u00e9cnica Vehicular (VTV).<\/p>\n<\/div>\n<div class=\"sc-45461e9c-0 eqiBeF container-text text-embed \" id=\"element-body-21\">\n<p>El veh\u00edculo hab\u00eda salido de una balanza en la zona de La Ballenera y circulaba a muy baja velocidad al momento del hecho. <\/p>\n<\/div>\n<div class=\"sc-45461e9c-0 eqiBeF container-text text-embed \" id=\"element-body-22\">\n<p>Lozano Garc\u00eda fue liberado este viernes, a pesar del pedido formulado por <strong>el fiscal Rodolfo Moure.<\/strong><\/p>\n<\/div>\n<div class=\"sc-98b114a2-0 bkqiHH image-embed  image-embed \" id=\"element-body-23\"><picture class=\"sc-98b114a2-1 jRUlDm\"><source media=\"(min-width: 975px)\" width=\"720\" height=\"480\" \/><img alt=\"El auto que choc\u00f3 contra un acoplado en la ruta provincial 88, cerca del acceso a Miramar. Foto La Capital de Mar del Plata\" loading=\"lazy\" width=\"720\" height=\"480\" decoding=\"async\" data-nimg=\"1\" style=\"color:transparent\" src=\"https:\/\/13.com.ar\/wp-content\/uploads\/2025\/06\/1749893070_324_Murio-otro-medico-en-un-choque-frontal-en-una-ruta.jpg\"\/><span class=\"epigraphe\">El auto que choc\u00f3 contra un acoplado en la ruta provincial 88, cerca del acceso a Miramar. Foto La Capital de Mar del Plata<\/span><span class=\"picture-open\"><button class=\"open-image\" aria-label=\"Open Image\"\/><\/span><\/picture><\/div>\n<div class=\"sc-45461e9c-0 eqiBeF container-text text-embed \" id=\"element-body-24\">\n<p><strong>Yanina Liani (39)<\/strong>, esposa del m\u00e9dico, continuaba internada este s\u00e1bado en estado reservado producto de las graves heridas sufridas. <\/p>\n<\/div>\n<div class=\"sc-45461e9c-0 eqiBeF container-text text-embed \" id=\"element-body-25\">\n<p>Quir\u00f3s trabajaba en las principales cl\u00ednicas de la ciudad de Mar del Plata y, adem\u00e1s, estaba ligado al rugby.<\/p>\n<\/div>\n<div class=\"sc-45461e9c-0 eqiBeF container-text text-embed \" id=\"element-body-26\">\n<p>Desde Im\u00e1genes MDQ escribieron: &#8220;<em>Con profundo dolor, hoy debemos informale a nuestra comunidad el fallecimiento del Dr. Diego Quir\u00f3s, CEO de Im\u00e1genes MDQ, m\u00e9dico, colega, l\u00edder y, por sobre todo, una persona excepcional<\/em>&#8220;.<\/p>\n<\/div>\n<\/div>\n<p><br \/>\n<br \/><a href=\"https:\/\/www.clarin.com\/sociedad\/murio-medico-choque-frontal-ruta-bonaerense_0_m7kWi0ky7W.html\">Fuente Clarin.com <\/a><\/p>\n","protected":false},"excerpt":{"rendered":"<p>Cinco d\u00edas despu\u00e9s de la tragedia en la ruta provincial 88, que se cobr\u00f3 la vida de un reconocido m\u00e9dico marplatense y el hijo de su esposa, de 8 a\u00f1os, este viernes se repiti\u00f3 la historia cerca de all\u00ed, a unos cien kil\u00f3metros, pero en otra carretera bonaerense, la 55, donde un pediatra que iba [&hellip;]<\/p>\n","protected":false},"author":1,"featured_media":33740,"comment_status":"open","ping_status":"open","sticky":false,"template":"","format":"standard","meta":{"footnotes":""},"categories":[2],"tags":[375,428,429,4094,611,366,493,73],"class_list":["post-33739","post","type-post","status-publish","format-standard","has-post-thumbnail","hentry","category-ultimas-noticias","tag-bonaerense","tag-choque","tag-frontal","tag-medico","tag-murio","tag-otro","tag-ruta","tag-una"],"_links":{"self":[{"href":"https:\/\/13.com.ar\/index.php\/wp-json\/wp\/v2\/posts\/33739","targetHints":{"allow":["GET"]}}],"collection":[{"href":"https:\/\/13.com.ar\/index.php\/wp-json\/wp\/v2\/posts"}],"about":[{"href":"https:\/\/13.com.ar\/index.php\/wp-json\/wp\/v2\/types\/post"}],"author":[{"embeddable":true,"href":"https:\/\/13.com.ar\/index.php\/wp-json\/wp\/v2\/users\/1"}],"replies":[{"embeddable":true,"href":"https:\/\/13.com.ar\/index.php\/wp-json\/wp\/v2\/comments?post=33739"}],"version-history":[{"count":0,"href":"https:\/\/13.com.ar\/index.php\/wp-json\/wp\/v2\/posts\/33739\/revisions"}],"wp:featuredmedia":[{"embeddable":true,"href":"https:\/\/13.com.ar\/index.php\/wp-json\/wp\/v2\/media\/33740"}],"wp:attachment":[{"href":"https:\/\/13.com.ar\/index.php\/wp-json\/wp\/v2\/media?parent=33739"}],"wp:term":[{"taxonomy":"category","embeddable":true,"href":"https:\/\/13.com.ar\/index.php\/wp-json\/wp\/v2\/categories?post=33739"},{"taxonomy":"post_tag","embeddable":true,"href":"https:\/\/13.com.ar\/index.php\/wp-json\/wp\/v2\/tags?post=33739"}],"curies":[{"name":"wp","href":"https:\/\/api.w.org\/{rel}","templated":true}]}}