{"id":33735,"date":"2025-06-14T06:18:30","date_gmt":"2025-06-14T09:18:30","guid":{"rendered":"https:\/\/13.com.ar\/index.php\/el-dia-que-la-plaza-de-mayo-se-tino-de-sangre\/"},"modified":"2025-06-14T06:18:30","modified_gmt":"2025-06-14T09:18:30","slug":"el-dia-que-la-plaza-de-mayo-se-tino-de-sangre","status":"publish","type":"post","link":"https:\/\/13.com.ar\/index.php\/el-dia-que-la-plaza-de-mayo-se-tino-de-sangre\/","title":{"rendered":"El d\u00eda que la Plaza de Mayo se ti\u00f1\u00f3 de sangre"},"content":{"rendered":"<p> <br \/>\n<\/p>\n<div id=\"cuerpo\">\n<div class=\"sc-45461e9c-0 eqiBeF container-text text-embed \" id=\"element-body-0\">\n<p>Aquel 16 de junio de 1955, Juan Domingo Per\u00f3n lleg\u00f3 como todos los d\u00edas muy temprano a la Casa Rosada. Comenz\u00f3 su jornada recibiendo al director de la SIDE, general de brigada Carlos Benito J\u00e1uregui. <strong>Las noticias que tra\u00eda el jefe de los esp\u00edas eran muy preocupantes<\/strong>, pero no estaban confirmadas.<\/p>\n<\/div>\n<div class=\"sc-45461e9c-0 eqiBeF container-text text-embed \" id=\"element-body-1\">\n<p>Per\u00f3n decidi\u00f3 continuar con su actividad diaria y estar alerta ante cualquier aviso. Recibi\u00f3 al embajador de los Estados Unidos y comenz\u00f3 una cordial entrevista. <strong>A eso de las nueve de la ma\u00f1ana, fueron interrumpidos, intempestivamente, por el general Franklin Lucero<\/strong>, quien ingres\u00f3 pidiendo disculpas con un marcado gesto de preocupaci\u00f3n.<\/p>\n<\/div>\n<div class=\"sc-45461e9c-0 eqiBeF container-text text-embed \" id=\"element-body-2\">\n<p>Per\u00f3n sab\u00eda que <strong>estaba programado un desfile a\u00e9reo en desagravio a la bandera nacional<\/strong> y a la memoria del Libertador por los destrozos producidos en la Catedral, donde descansan sus restos. <\/p>\n<\/div>\n<div class=\"sc-45461e9c-0 eqiBeF container-text text-embed \" id=\"element-body-3\">\n<p>Pero Lucero estaba en condiciones de confirmar las sospechas del director de la SIDE: <strong>ese desfile pod\u00eda ser aprovechado para bombardear la Casa de Gobierno<\/strong> y a su principal ocupante. Y convenci\u00f3 al presidente de que se trasladara a su despacho en el Ministerio de Guerra, cruzando la avenida Paseo Col\u00f3n.<\/p>\n<\/div>\n<div class=\"sc-45461e9c-0 eqiBeF container-text text-embed \" id=\"element-body-4\">\n<p>Desde su nueva ubicaci\u00f3n, a las 12.40 en punto, Per\u00f3n pudo escuchar el sonido inconfundible de aviones de combate. Luego supo que eran los Avro Lincoln y Catalinas de la escuadrilla de patrulleros Espora de la Aviaci\u00f3n Naval, coordinados por el almirante Samuel Toranzo Calder\u00f3n y comandados por el capit\u00e1n de nav\u00edo Enrique Noriega.<\/p>\n<\/div>\n<div class=\"sc-45461e9c-0 eqiBeF container-text text-embed \" id=\"element-body-5\">\n<p>Era un ruido inesperado, nuevo en la ciudad de Buenos Aires, que se estrenaba como <strong>la primera capital de Sudam\u00e9rica en ser bombardeada desde el aire por sus propias fuerzas armadas<\/strong>, curiosamente por la Marina.<\/p>\n<\/div>\n<div class=\"sc-98b114a2-0 bkqiHH image-embed  image-embed \" id=\"element-body-6\"><picture class=\"sc-98b114a2-1 jRUlDm\"><source media=\"(min-width: 975px)\" width=\"720\" height=\"480\" \/><img alt=\"Muerte y desolaci\u00f3n en la Plaza. Sobre la Casa Rosada cayeron en total 129 bombas. \/ Archivo Clar\u00edn\" loading=\"lazy\" width=\"720\" height=\"480\" decoding=\"async\" data-nimg=\"1\" style=\"color:transparent\" src=\"https:\/\/13.com.ar\/wp-content\/uploads\/2025\/06\/El-dia-que-la-Plaza-de-Mayo-se-tino-de.jpg\"\/><span class=\"epigraphe\">Muerte y desolaci\u00f3n en la Plaza. Sobre la Casa Rosada cayeron en total 129 bombas. \/ Archivo Clar\u00edn<\/span><span class=\"picture-open\"><button class=\"open-image\" aria-label=\"Open Image\"\/><\/span><\/picture><\/div>\n<div class=\"sc-45461e9c-0 eqiBeF container-text text-embed \" id=\"element-body-7\">\n<p>Los aviones atacantes llevaban pintadas en sus colas una \u201cV\u201d y una cruz, que se\u00f1alaban \u201cCristo Vence\u201d. Curiosamente, <strong>los golpistas tomaban la \u201cV\u201d de la victoria<\/strong>, usada como s\u00edmbolo de la resistencia antinazi durante la Segunda Guerra Mundial.<\/p>\n<\/div>\n<div class=\"sc-45461e9c-0 eqiBeF container-text text-embed \" id=\"element-body-8\">\n<p>En la Plaza, adem\u00e1s de los apurados transe\u00fantes, hab\u00eda algunas <strong>familias que se dispon\u00edan a presenciar el desfile a\u00e9reo<\/strong>. Nunca imaginaron que la parada militar tuviera un car\u00e1cter tan realista.<\/p>\n<\/div>\n<div class=\"sc-45461e9c-0 eqiBeF container-text text-embed \" id=\"element-body-9\">\n<p>Las primeras bombas cayeron a pocos metros de la Pir\u00e1mide. <strong>Sobre la Casa Rosada cayeron en total 29 bombas<\/strong>, de entre cincuenta y cien kilos cada una. Otra de ellas destroz\u00f3 un troleb\u00fas repleto de pasajeros.<\/p>\n<\/div>\n<div class=\"sc-45461e9c-0 eqiBeF container-text text-embed \" id=\"element-body-10\">\n<p>Al enterarse de los hechos, la CGT convoc\u00f3 a la Plaza a defender a Per\u00f3n. <strong>El General trat\u00f3 de parar la movilizaci\u00f3n<\/strong>: desde su puesto de comando en el Ministerio de Guerra le orden\u00f3 al mayor Cialcetta que le pidiera a la CGT que no movilizara a los trabajadores para evitar v\u00edctimas, pero ya era demasiado tarde.<\/p>\n<\/div>\n<div class=\"sc-45461e9c-0 eqiBeF container-text text-embed \" id=\"element-body-11\">\n<p>Per\u00f3n ten\u00eda claro algo que los dirigentes cegetistas parec\u00edan no ver. Sab\u00eda que los atacantes, lejos de conmoverse por la barrera humana, <strong>disparar\u00edan criminalmente sobre la multitud<\/strong> sin la menor contemplaci\u00f3n.<\/p>\n<\/div>\n<div class=\"sc-45461e9c-0 eqiBeF container-text text-embed \" id=\"element-body-12\">\n<p>A la tarde eran cientos los descamisados reunidos para defender el gobierno en la hist\u00f3rica plaza, cuando una nueva oleada de aviones espant\u00f3 a las desconcertadas palomas y <strong>arroj\u00f3 su mort\u00edfera carga de nueve toneladas y media de explosivos sobre la multitud<\/strong>.<\/p>\n<\/div>\n<div class=\"sc-45461e9c-0 eqiBeF container-text text-embed \" id=\"element-body-13\">\n<p>Uno de los tantos que fueron a la Plaza a parar el golpe era un chico de 15 a\u00f1os que por entonces viv\u00eda en Buenos Aires y se dedicaba a repartir soda. Volvi\u00f3 indignado a su casa porque en la CGT se negaron a entregarle un arma. Se llamaba Agust\u00edn Tosco, que con el tiempo se convertir\u00eda en un combativo l\u00edder sindical.<\/p>\n<\/div>\n<div class=\"sc-98b114a2-0 bkqiHH image-embed  image-embed \" id=\"element-body-14\"><picture class=\"sc-98b114a2-1 jRUlDm\"><source media=\"(min-width: 975px)\" width=\"720\" height=\"480\" \/><img alt=\"Trabajadores van a la Plaza de Mayo a defender el gobierno de Per\u00f3n luego de los bombardeos. \/ Archivo Clar\u00edn\" loading=\"lazy\" width=\"720\" height=\"480\" decoding=\"async\" data-nimg=\"1\" style=\"color:transparent\" src=\"https:\/\/13.com.ar\/wp-content\/uploads\/2025\/06\/1749892709_739_El-dia-que-la-Plaza-de-Mayo-se-tino-de.jpg\"\/><span class=\"epigraphe\">Trabajadores van a la Plaza de Mayo a defender el gobierno de Per\u00f3n luego de los bombardeos. \/ Archivo Clar\u00edn<\/span><span class=\"picture-open\"><button class=\"open-image\" aria-label=\"Open Image\"\/><\/span><\/picture><\/div>\n<p><h2>Un tendal de muertos y heridos<\/h2>\n<\/p>\n<div class=\"sc-45461e9c-0 eqiBeF container-text text-embed \" id=\"element-body-16\">\n<p>En la Plaza de Mayo y sus alrededores quedaron los cuerpos de 355 civiles muertos, y los hospitales colapsaron por los m\u00e1s de 600 heridos. <strong>Se hab\u00eda perpetrado el peor ataque terrorista de la historia argentina. <\/strong><\/p>\n<\/div>\n<div class=\"sc-45461e9c-0 eqiBeF container-text text-embed \" id=\"element-body-17\">\n<p>Entre los autores intelectuales del horror <strong>hab\u00eda varios civiles<\/strong>, unidos no precisamente por el amor sino por el espanto que estaban dispuestos a provocar. <\/p>\n<\/div>\n<div class=\"sc-45461e9c-0 eqiBeF container-text text-embed \" id=\"element-body-18\">\n<p>Algunos de ellos eran el socialdem\u00f3crata Am\u00e9rico Ghioldi, el radical unionista Miguel \u00c1ngel Zavala Ortiz, el conservador Oscar Vichi y los nacionalistas cat\u00f3licos Mario Amadeo y Luis Mar\u00eda de Pablo Pardo, <strong>miembros fantasmales de una hipot\u00e9tica junta de gobierno<\/strong> c\u00edvico-militar.<\/p>\n<\/div>\n<div class=\"sc-45461e9c-0 eqiBeF container-text text-embed \" id=\"element-body-19\">\n<p>En el Ministerio de Marina, que hab\u00eda sido el cuartel general de los golpistas, uno de los l\u00edderes de aquella \u201crevoluci\u00f3n\u201d, <strong>el vicealmirante de infanter\u00eda Benjam\u00edn Gargiulo, decidi\u00f3 pegarse un tiro<\/strong>, mientras que otro de los conspiradores, el almirante An\u00edbal Olivieri, observaba por las ventanas c\u00f3mo avanzaban sobre el edificio columnas de trabajadores enardecidos y decididos a vengar a sus compa\u00f1eros asesinados. <\/p>\n<\/div>\n<div class=\"sc-98b114a2-0 bkqiHH image-embed  image-embed \" id=\"element-body-20\"><picture class=\"sc-98b114a2-1 jRUlDm\"><source media=\"(min-width: 975px)\" width=\"720\" height=\"480\" \/><img alt=\"La masacre perpetrada por los bombardeos caus\u00f3 355 muertos civiles y m\u00e1s de 600 heridos. \/ Archivo Clar\u00edn\" loading=\"lazy\" width=\"720\" height=\"480\" decoding=\"async\" data-nimg=\"1\" style=\"color:transparent\" src=\"https:\/\/13.com.ar\/wp-content\/uploads\/2025\/06\/1749892709_59_El-dia-que-la-Plaza-de-Mayo-se-tino-de.jpg\"\/><span class=\"epigraphe\">La masacre perpetrada por los bombardeos caus\u00f3 355 muertos civiles y m\u00e1s de 600 heridos. \/ Archivo Clar\u00edn<\/span><span class=\"picture-open\"><button class=\"open-image\" aria-label=\"Open Image\"\/><\/span><\/picture><\/div>\n<div class=\"sc-45461e9c-0 eqiBeF container-text text-embed \" id=\"element-body-21\">\n<p>El marino tom\u00f3 el tel\u00e9fono aterrado y llam\u00f3 al ministro de Guerra, el general Lucero, y le dijo:<strong> \u201cIntervenga. Mande hombres. Nos rendimos<\/strong>, pero evite que la muchedumbre armada y enfurecida penetre en el edificio del Ministerio\u201d. Junto a Olivieri estaban sus colaboradores m\u00e1s cercanos, los tenientes Emilio Eduardo Massera y Horacio Mayorga, de triste futuro.<\/p>\n<\/div>\n<div class=\"sc-45461e9c-0 eqiBeF container-text text-embed \" id=\"element-body-22\">\n<p>Otro almirante y responsable directo de la masacre de Plaza de Mayo, Samuel Toranzo Calder\u00f3n, fue degradado y condenado a prisi\u00f3n por tiempo indeterminado. <\/p>\n<\/div>\n<div class=\"sc-45461e9c-0 eqiBeF container-text text-embed \" id=\"element-body-23\">\n<p><strong>Al almirante Olivieri se lo destituy\u00f3<\/strong> y conden\u00f3 a un a\u00f1o y seis meses de \u201cprisi\u00f3n menor\u201d. Su defensor en el juicio fue el contralmirante Isaac Francisco Rojas. Otros once oficiales fueron condenados a reclusi\u00f3n por tiempo indeterminado. <\/p>\n<\/div>\n<div class=\"sc-45461e9c-0 eqiBeF container-text text-embed \" id=\"element-body-24\">\n<p>Pero el tiempo estaba determinado y <strong>todos ser\u00edan liberados, junto con sus c\u00f3mplices, por la llamada \u201crevoluci\u00f3n libertadora\u201d<\/strong>, que meses despu\u00e9s derrocar\u00eda a Per\u00f3n.<\/p>\n<\/div>\n<div class=\"sc-45461e9c-0 eqiBeF container-text text-embed \" id=\"element-body-25\">\n<p>Tras concretar su masacre, 110 tripulantes, entre ellos varios civiles como Zavala Ortiz, <strong>llegaban a Montevideo a bordo de los 39 aviones<\/strong> con los cuales hab\u00edan perpetrado la masacre. <\/p>\n<\/div>\n<div class=\"sc-45461e9c-0 eqiBeF container-text text-embed \" id=\"element-body-26\">\n<p>Estos hombres, que <strong>hab\u00edan demostrado su total desprecio por la vida humana<\/strong> ametrallando a columnas enteras de trabajadores, recordaron repentinamente en la Banda Oriental que exist\u00edan los derechos humanos, particularmente el de asilo.<\/p>\n<\/div>\n<div class=\"sc-98b114a2-0 bkqiHH image-embed  image-embed \" id=\"element-body-27\"><picture class=\"sc-98b114a2-1 jRUlDm\"><source media=\"(min-width: 975px)\" width=\"720\" height=\"480\" \/><img alt=\"Per\u00f3n y su c\u00edrculo \u00edntimo leen los diarios despu\u00e9s de los bombardeos a Plaza de Mayo. \/ Archivo Clar\u00edn\" loading=\"lazy\" width=\"720\" height=\"480\" decoding=\"async\" data-nimg=\"1\" style=\"color:transparent\" src=\"https:\/\/13.com.ar\/wp-content\/uploads\/2025\/06\/1749892709_812_El-dia-que-la-Plaza-de-Mayo-se-tino-de.jpg\"\/><span class=\"epigraphe\">Per\u00f3n y su c\u00edrculo \u00edntimo leen los diarios despu\u00e9s de los bombardeos a Plaza de Mayo. \/ Archivo Clar\u00edn<\/span><span class=\"picture-open\"><button class=\"open-image\" aria-label=\"Open Image\"\/><\/span><\/picture><\/div>\n<div class=\"sc-45461e9c-0 eqiBeF container-text text-embed \" id=\"element-body-28\">\n<p>Per\u00f3n habl\u00f3 esa noche por la cadena nacional de radio y televisi\u00f3n. En los pocos televisores que hab\u00eda en la Argentina <strong>se pudo ver a un Per\u00f3n desencajado<\/strong>, dolido, que dec\u00eda: <\/p>\n<\/div>\n<div class=\"sc-45461e9c-0 eqiBeF container-text text-embed \" id=\"element-body-29\">\n<p>\u201cLos que tiraron contra el pueblo no son ni han sido jam\u00e1s soldados argentinos, porque los soldados argentinos no son traidores ni cobardes, y los que tiraron contra el pueblo son traidores y cobardes. <strong>La ley caer\u00e1 inflexiblemente sobre ellos.<\/strong> Yo no he de dar un paso para atemperar su culpa ni para atemperar la pena que les ha de corresponder. [&#8230;]. <\/p>\n<\/div>\n<div class=\"sc-45461e9c-0 eqiBeF container-text text-embed \" id=\"element-body-30\">\n<p><strong>El pueblo no es el encargado de hacer justicia:<\/strong> debe confiar en mi palabra de soldado [&#8230;]. Sepamos cumplir como pueblo civilizado y dejar que la ley castigue\u2026\u201d.<\/p>\n<\/div>\n<div class=\"sc-45461e9c-0 eqiBeF container-text text-embed \" id=\"element-body-31\">\n<p>Esa misma noche del 16 de junio, grupos de peronistas, que ve\u00edan detr\u00e1s de la intentona el apoyo eclesi\u00e1stico, <strong>quemaron las iglesias de Santo Domingo, San Francisco<\/strong>, San Nicol\u00e1s de Bari, San Miguel Arc\u00e1ngel, la Piedad, la Merced, San Ignacio y la Curia metropolitana.<\/p>\n<\/div>\n<div class=\"sc-45461e9c-0 eqiBeF container-text text-embed \" id=\"element-body-32\">\n<p>La comisi\u00f3n investigadora formada a pedido de Per\u00f3n determin\u00f3 que los incendios fueron provocados por tres grupos: el equipo principal constituido por 65 fan\u00e1ticos que salieron del edificio central del Partido Peronista y se dirigieron a la Curia para comenzar <strong>la serie de incendios cuya responsabilidad fue atribuida al vicepresidente Teisaire.<\/strong><\/p>\n<\/div>\n<div class=\"sc-45461e9c-0 eqiBeF container-text text-embed \" id=\"element-body-33\">\n<p>El segundo grupo, organizado en el Ministerio de Salud P\u00fablica, que sac\u00f3 de all\u00ed los implementos necesarios para ir a incendiar las iglesias de Santo Domingo, San Francisco y San Ignacio. El tercer piquete proveniente del Servicio de Informaciones, preparado para prender fuego las iglesias de San Nicol\u00e1s y Nuestra Se\u00f1ora del Socorro.<\/p>\n<\/div>\n<div class=\"sc-45461e9c-0 eqiBeF container-text text-embed \" id=\"element-body-34\">\n<p>A\u00f1os m\u00e1s tarde, desde el exilio, reflexionaba el General: \u201cEl incendio de las iglesias, que se limit\u00f3 a la Capital Federal y el Gran Buenos Aires, <strong>neutraliz\u00f3 el efecto que la matanza de Plaza de Mayo habr\u00eda tenido en la poblaci\u00f3n<\/strong>. Sobre todo en los sectores medios, m\u00e1s influidos por la pr\u00e9dica opositora\u201d.<\/p>\n<\/div>\n<div class=\"sc-4306f4f9-0 bAPCpp\">\n<div class=\"inner-card-m\">\n<div class=\"related-content\">\n<p><span class=\"body-title\">Mir\u00e1 tambi\u00e9n<\/span><\/p>\n<h3>El viaje de Isabelita como delegada de Per\u00f3n y la aparici\u00f3n de L\u00f3pez Rega<\/h3>\n<source media=\"(min-width: 975px)\" width=\"340\" height=\"340\" \/><img alt=\"El viaje de Isabelita como delegada de Per\u00f3n y la aparici\u00f3n de L\u00f3pez Rega\" loading=\"lazy\" width=\"340\" height=\"340\" decoding=\"async\" data-nimg=\"1\" style=\"color:transparent\" src=\"https:\/\/13.com.ar\/wp-content\/uploads\/2025\/06\/1749892710_344_El-dia-que-la-Plaza-de-Mayo-se-tino-de.jpg\"\/><\/div>\n<\/div>\n<\/div>\n<div class=\"sc-4306f4f9-0 bAPCpp\">\n<div class=\"inner-card-m\">\n<div class=\"related-content\">\n<p><span class=\"body-title\">Mir\u00e1 tambi\u00e9n<\/span><\/p>\n<h3>De Per\u00f3n a Milei: los curiosos apodos de los presidentes<\/h3>\n<source media=\"(min-width: 975px)\" width=\"340\" height=\"340\" \/><img alt=\"De Per\u00f3n a Milei: los curiosos apodos de los presidentes\" loading=\"lazy\" width=\"340\" height=\"340\" decoding=\"async\" data-nimg=\"1\" style=\"color:transparent\" src=\"https:\/\/13.com.ar\/wp-content\/uploads\/2025\/06\/1749892710_539_El-dia-que-la-Plaza-de-Mayo-se-tino-de.jpg\"\/><\/div>\n<\/div>\n<\/div>\n<\/div>\n<p><br \/>\n<br \/><a href=\"https:\/\/www.clarin.com\/viva\/dia-plaza-mayo-tino-sangre_0_f0rQUZgcyf.html\">Fuente Clarin.com <\/a><\/p>\n","protected":false},"excerpt":{"rendered":"<p>Aquel 16 de junio de 1955, Juan Domingo Per\u00f3n lleg\u00f3 como todos los d\u00edas muy temprano a la Casa Rosada. Comenz\u00f3 su jornada recibiendo al director de la SIDE, general de brigada Carlos Benito J\u00e1uregui. Las noticias que tra\u00eda el jefe de los esp\u00edas eran muy preocupantes, pero no estaban confirmadas. Per\u00f3n decidi\u00f3 continuar con [&hellip;]<\/p>\n","protected":false},"author":1,"featured_media":33736,"comment_status":"open","ping_status":"open","sticky":false,"template":"","format":"standard","meta":{"footnotes":""},"categories":[2],"tags":[1154,9811,1627,5329,8360],"class_list":["post-33735","post","type-post","status-publish","format-standard","has-post-thumbnail","hentry","category-ultimas-noticias","tag-dia","tag-mayo","tag-plaza","tag-sangre","tag-tino"],"_links":{"self":[{"href":"https:\/\/13.com.ar\/index.php\/wp-json\/wp\/v2\/posts\/33735","targetHints":{"allow":["GET"]}}],"collection":[{"href":"https:\/\/13.com.ar\/index.php\/wp-json\/wp\/v2\/posts"}],"about":[{"href":"https:\/\/13.com.ar\/index.php\/wp-json\/wp\/v2\/types\/post"}],"author":[{"embeddable":true,"href":"https:\/\/13.com.ar\/index.php\/wp-json\/wp\/v2\/users\/1"}],"replies":[{"embeddable":true,"href":"https:\/\/13.com.ar\/index.php\/wp-json\/wp\/v2\/comments?post=33735"}],"version-history":[{"count":0,"href":"https:\/\/13.com.ar\/index.php\/wp-json\/wp\/v2\/posts\/33735\/revisions"}],"wp:featuredmedia":[{"embeddable":true,"href":"https:\/\/13.com.ar\/index.php\/wp-json\/wp\/v2\/media\/33736"}],"wp:attachment":[{"href":"https:\/\/13.com.ar\/index.php\/wp-json\/wp\/v2\/media?parent=33735"}],"wp:term":[{"taxonomy":"category","embeddable":true,"href":"https:\/\/13.com.ar\/index.php\/wp-json\/wp\/v2\/categories?post=33735"},{"taxonomy":"post_tag","embeddable":true,"href":"https:\/\/13.com.ar\/index.php\/wp-json\/wp\/v2\/tags?post=33735"}],"curies":[{"name":"wp","href":"https:\/\/api.w.org\/{rel}","templated":true}]}}