{"id":33733,"date":"2025-06-14T06:09:37","date_gmt":"2025-06-14T09:09:37","guid":{"rendered":"https:\/\/13.com.ar\/index.php\/europa-se-vuelca-a-los-fertilizantes-biologicos\/"},"modified":"2025-06-14T06:09:37","modified_gmt":"2025-06-14T09:09:37","slug":"europa-se-vuelca-a-los-fertilizantes-biologicos","status":"publish","type":"post","link":"https:\/\/13.com.ar\/index.php\/europa-se-vuelca-a-los-fertilizantes-biologicos\/","title":{"rendered":"Europa se vuelca a los fertilizantes biol\u00f3gicos"},"content":{"rendered":"<p> <br \/>\n<br \/><img decoding=\"async\" src=\"https:\/\/13.com.ar\/wp-content\/uploads\/2025\/06\/Europa-se-vuelca-a-los-fertilizantes-biologicos.jpg\" \/><\/p>\n<div id=\"element-body-0\">\n<p>El uso de pesticidas qu\u00edmicos ha polucionado los r\u00edos y arroyos de Europa a trav\u00e9s de la mol\u00e9cula creada por la industria qu\u00edmica denominada TFA (\u00e1cido trifluoroac\u00e9tico) que ha resultado indestructible y hondamente contaminante, y que afecta sin excepci\u00f3n a los pa\u00edses del Continente.<\/p>\n<\/div>\n<div id=\"element-body-1\">\n<p>El Centro de Tecnolog\u00eda H\u00eddrica (WTC) de Karlsruhe en la Rep\u00fablica Federal, se mostr\u00f3 <strong>absolutamente impotente frente al nuevo flagelo<\/strong>, y adujo que \u201c\u2026no hemos visto nunca nada parecido\u201d, aunque se\u00f1al\u00f3 que el origen del TFA es el uso intensivo de herbicidas de origen qu\u00edmico, diseminados por la proliferaci\u00f3n de refrigerantes y pesticidas.<\/p>\n<\/div>\n<div id=\"element-body-2\">\n<p>El cambio clim\u00e1tico (o \u201ccalentamiento de la atm\u00f3sfera\u201d) no es una ideolog\u00eda ni una doctrina, sino la consecuencia directa de la 2da Revoluci\u00f3n Industrial surgida de la industria automotriz y de la producci\u00f3n qu\u00edmica, y cuyo epicentro fue EE.UU y Alemania a partir de 1900.<\/p>\n<\/div>\n<div id=\"element-body-3\">\n<p><strong>La industria qu\u00edmica global es esencial para la producci\u00f3n agroalimentaria en el mundo<\/strong>, y sin ella no habr\u00eda habido forma de garantizar la seguridad alimentaria del planeta.<\/p>\n<\/div>\n<div id=\"element-body-4\">\n<p>Pero este gran logro de la innovaci\u00f3n y de la ciencia alemana ha tenido como contrapartida una e<strong>misi\u00f3n desmedida de di\u00f3xido de carbono (CO2) as\u00ed como una poluci\u00f3n generalizada del medio ambiente.<\/strong><\/p>\n<\/div>\n<div id=\"element-body-5\">\n<p>La Agencia Ambiental (GEA) de la RFA afirma que <strong>la principal amenaza son hoy las sustancias sint\u00e9ticas que no pueden ser destruidas y que se acumulan en todos los niveles de vida y de trabajo de las sociedades europeas.<\/strong><\/p>\n<\/div>\n<div id=\"element-body-6\">\n<p>Son los caracterizados como \u201cqu\u00edmicos eternos\u201d; y entre ellos, y en 1er lugar, se encuentra la mort\u00edfera TFA, que corrompe los r\u00edos y los arroyos de Europa.<\/p>\n<\/div>\n<div id=\"element-body-7\">\n<p>La Comisi\u00f3n Europea (CE), el organismo ejecutivo del gobierno de Bruselas, <strong>discute la posibilidad de prohibir los pesticidas qu\u00edmicos<\/strong>, y establecer l\u00edmites estrictos en los niveles de utilizaci\u00f3n del agua para el consumo humano.<\/p>\n<\/div>\n<div id=\"element-body-8\">\n<p>Todo esto implica enfrentar a poderosos \u201clobbys\u201d industriales, sobre todo en el muy influenciable sistema de gobierno europeo, en especial en Francia y en la industria automotriz alemana,<\/p>\n<\/div>\n<div id=\"element-body-9\">\n<p>La h\u00edper-regulada y burocr\u00e1tica econom\u00eda europea carece de flexibilidad ante los nuevos desaf\u00edos.<\/p>\n<\/div>\n<div id=\"element-body-10\">\n<p>Mientras tanto est\u00e1 demostrado que los \u201cqu\u00edmicos eternos\u201d se concentran en los alimentos, y en especial en las frutas y hortalizas.<\/p>\n<\/div>\n<div id=\"element-body-11\">\n<p>Se acerca, en s\u00edntesis, el momento de la verdad para el medio ambiente del Continente. <strong>Ahora hay que actuar y decidir lo que no ha sido nunca una virtud particular del gobierno de Bruselas<\/strong>, inmerso en un universo de papeles y de interminables seminarios, donde lo que importa es tener raz\u00f3n sobre puntos espec\u00edficos y no lograr resultados.<\/p>\n<\/div>\n<div id=\"element-body-12\">\n<p>La lista de los \u201cqu\u00edmicos eternos\u201d supera los 10.000 en la Uni\u00f3n Europea, y aumenta d\u00eda a d\u00eda; y en todos los casos est\u00e1n vinculadas a enfermedades de todo tipo como el c\u00e1ncer, los problemas de fertilidad, y las disrupciones hormonales; y a pesar de eso muchos de estos \u201cqu\u00edmicos eternos\u201d son esenciales para la producci\u00f3n de semiconductores o \u201cchips\u201d, el n\u00facleo estructural de la Inteligencia artificial.<\/p>\n<\/div>\n<div id=\"element-body-13\">\n<p>El TFA crece exponencialmente y ha aumentado en m\u00e1s de 5 veces en los \u00faltimos 20 a\u00f1os, y en algunos pa\u00edses el porcentaje es todav\u00eda superior, como es el caso de Dinamarca donde se ha elevado en m\u00e1s de 10 veces en el mismo periodo; y este desaf\u00edo est\u00e1 destinado a crecer en los pr\u00f3ximos a\u00f1os por el incremento generalizado del uso de pesticidas y de productos qu\u00edmicos en general.<\/p>\n<\/div>\n<div id=\"element-body-14\">\n<p>La \u00fanica respuesta verdadera a esta amenaza existencial para el medio ambiente europeo y la salud de sus habitantes, <strong>no es dejar de utilizar fertilizantes, que son absolutamente necesarios para la producci\u00f3n agroalimentaria, sino que hay que volcarse al mundo biol\u00f3gico<\/strong>, en una imprescindible transici\u00f3n realizada a trav\u00e9s de las \u201cciencias de la vida\u201d y el conocimiento m\u00e1s avanzado de la \u00e9poca que es la biotecnolog\u00eda.<\/p>\n<\/div>\n<div id=\"element-body-15\">\n<p><strong>Es lo ya est\u00e1 ocurriendo, sobre todo en EE.UU y en los pa\u00edses de Am\u00e9rica del Sur (Argentina y Brasil en 1er lugar),<\/strong> donde el uso de fertilizantes biol\u00f3gicos crece 4 y 5 veces por encima de los qu\u00edmicos.<\/p>\n<\/div>\n<p><br \/>\n<br \/><a href=\"https:\/\/www.clarin.com\/rural\/europa-vuelca-fertilizantes-biologicos_0_A88W0QtGZF.html\">Fuente Clarin.com <\/a><\/p>\n","protected":false},"excerpt":{"rendered":"<p>El uso de pesticidas qu\u00edmicos ha polucionado los r\u00edos y arroyos de Europa a trav\u00e9s de la mol\u00e9cula creada por la industria qu\u00edmica denominada TFA (\u00e1cido trifluoroac\u00e9tico) que ha resultado indestructible y hondamente contaminante, y que afecta sin excepci\u00f3n a los pa\u00edses del Continente. El Centro de Tecnolog\u00eda H\u00eddrica (WTC) de Karlsruhe en la Rep\u00fablica [&hellip;]<\/p>\n","protected":false},"author":1,"featured_media":33734,"comment_status":"open","ping_status":"open","sticky":false,"template":"","format":"standard","meta":{"footnotes":""},"categories":[2],"tags":[10895,363,4907,28,14235],"class_list":["post-33733","post","type-post","status-publish","format-standard","has-post-thumbnail","hentry","category-ultimas-noticias","tag-biologicos","tag-europa","tag-fertilizantes","tag-los","tag-vuelca"],"_links":{"self":[{"href":"https:\/\/13.com.ar\/index.php\/wp-json\/wp\/v2\/posts\/33733","targetHints":{"allow":["GET"]}}],"collection":[{"href":"https:\/\/13.com.ar\/index.php\/wp-json\/wp\/v2\/posts"}],"about":[{"href":"https:\/\/13.com.ar\/index.php\/wp-json\/wp\/v2\/types\/post"}],"author":[{"embeddable":true,"href":"https:\/\/13.com.ar\/index.php\/wp-json\/wp\/v2\/users\/1"}],"replies":[{"embeddable":true,"href":"https:\/\/13.com.ar\/index.php\/wp-json\/wp\/v2\/comments?post=33733"}],"version-history":[{"count":0,"href":"https:\/\/13.com.ar\/index.php\/wp-json\/wp\/v2\/posts\/33733\/revisions"}],"wp:featuredmedia":[{"embeddable":true,"href":"https:\/\/13.com.ar\/index.php\/wp-json\/wp\/v2\/media\/33734"}],"wp:attachment":[{"href":"https:\/\/13.com.ar\/index.php\/wp-json\/wp\/v2\/media?parent=33733"}],"wp:term":[{"taxonomy":"category","embeddable":true,"href":"https:\/\/13.com.ar\/index.php\/wp-json\/wp\/v2\/categories?post=33733"},{"taxonomy":"post_tag","embeddable":true,"href":"https:\/\/13.com.ar\/index.php\/wp-json\/wp\/v2\/tags?post=33733"}],"curies":[{"name":"wp","href":"https:\/\/api.w.org\/{rel}","templated":true}]}}