{"id":3366,"date":"2025-02-09T20:04:37","date_gmt":"2025-02-09T23:04:37","guid":{"rendered":"https:\/\/13.com.ar\/index.php\/de-verdad-la-culpa-la-tiene-la-oms\/"},"modified":"2025-02-09T20:04:37","modified_gmt":"2025-02-09T23:04:37","slug":"de-verdad-la-culpa-la-tiene-la-oms","status":"publish","type":"post","link":"https:\/\/13.com.ar\/index.php\/de-verdad-la-culpa-la-tiene-la-oms\/","title":{"rendered":"\u00bfDe verdad la culpa la tiene la OMS?"},"content":{"rendered":"<p> <br \/>\n<br \/><img decoding=\"async\" src=\"https:\/\/13.com.ar\/wp-content\/uploads\/2025\/02\/\u00bfDe-verdad-la-culpa-la-tiene-la-OMS.jpg\" \/><\/p>\n<div>\n<p>En sinton\u00eda con el reciente anuncio de <strong>Donald Trump<\/strong>, el presidente Javier Milei tom\u00f3 la decisi\u00f3n de que <strong>Argentina abandone la Organizaci\u00f3n Mundial de la Salud<\/strong>. Entre las muchas cr\u00edticas lanzadas al organismo se cuestiona, sobre todo, su gesti\u00f3n durante la pandemia de Covid-19: \u201cFueron los <strong>ide\u00f3logos de la cuarentena cavern\u00edcola<\/strong>\u201d.<\/p>\n<\/div>\n<div>\n<p>D\u00edas antes, en una entrevista concedida al semanario franc\u00e9s Le Point, Milei se hab\u00eda referido a la OMS como una \u201corganizaci\u00f3n criminal, responsable de un <strong>delito de lesa humanidad<\/strong> a gran escala\u201d. La visi\u00f3n presidencial alud\u00eda a una definici\u00f3n del Estatuto de Roma. \u201cEl delito de lesa humanidad- dijo- no necesariamente tiene que ser un asesinato, de manera directa, porque si vos <strong>atac\u00e1s la libertad o atac\u00e1s la propiedad<\/strong> de un individuo a punto tal que vos no lo dej\u00e1s que pueda vivir, o vos encerr\u00e1s a un individuo, ese individuo no puede generar ingresos. Entonces lo est\u00e1s matando. Si vos a un individuo no le permit\u00eds disponer de su propiedad, est\u00e1s generando un esclavo. Es lo que pas\u00f3 con las cuarentenas.\u201d<\/p>\n<\/div>\n<div>\n<p>Trascendi\u00f3 m\u00e1s tarde que Milei piensa<strong> denunciar ante la Corte Penal Internacional<\/strong> al titular de la OMS, Tedros Adhanom Ghebreyesus, por delitos de lesa humanidad durante la pandemia.<\/p>\n<\/div>\n<div>\n<p>M\u00e1s all\u00e1 de la imposibilidad de saber cu\u00e1ntos muertos m\u00e1s habr\u00eda habido en la Argentina, con un sistema sanitario al borde del colapso, de no haberse implementado una cuarentena, algunas nociones parecen claras. Que el gobierno de <strong>Alberto Fern\u00e1ndez<\/strong> hizo un <strong>uso y abuso pol\u00edtico de la cuarentena<\/strong>, extendi\u00e9ndola por dem\u00e1s, es una de ellas. Que viol\u00f3 la prohibici\u00f3n que \u00e9l mismo hab\u00eda establecido con la <strong>escandalosa fiestita de cumplea\u00f1os de Fabiola <\/strong>Ya\u00f1ez en Olivos en pleno confinamiento, es otra. En la misma l\u00ednea se inscribe el <strong>vergonzoso Vacunatorio<\/strong> <strong>Vip<\/strong>. Y respecto de la gesti\u00f3n de compra, o no, de vacunas en la pandemia es muy loable la intenci\u00f3n de Milei de que se aclare debidamente c\u00f3mo se realiz\u00f3.<\/p>\n<\/div>\n<div>\n<p>Dicho todo esto, \u00bfla culpa es de la OMS? En<strong> octubre de 2020<\/strong>, el doctor David Nabarro, enviado especial de la organizaci\u00f3n para el Covid 19, dijo a la revista brit\u00e1nica \u201cThe Spectator\u201d: \u201cNosotros en la Organizaci\u00f3n Mundial de la Salud <strong>no abogamos por los confinamientos<\/strong> como el principal medio de control de este virus. Los confinamientos s\u00f3lo tienen una consecuencia que uno nunca, nunca debe menospreciar, y es que hacen a los pobres mucho m\u00e1s pobres. Realmente llamamos a los l\u00edderes del mundo a dejar de usar los confinamientos como su principal m\u00e9todo de control\u201d.<\/p>\n<\/div>\n<div>\n<p>La <strong>portavoz de la OMS<\/strong>, Margaret Ann Harris, enfatiz\u00f3 entonces ante la BBC: \u201cLo que siempre hemos dicho es que los <strong>confinamientos pueden ayudar a comprar algo de tiempo<\/strong>, especialmente si hay abundante transmisi\u00f3n comunitaria. Pero nuestra posici\u00f3n es que nos gustar\u00eda ver a gobiernos y comunidades hacer de forma continua todas las otras cosas que pueden ayudar a ralentizar la transmisi\u00f3n del virus\u201d. Declaraciones en el mismo sentido se registraron en los meses previos.<\/p>\n<\/div>\n<div>\n<p>De vuelta al 2025, y al margen de todas las discusiones acerca de la concreci\u00f3n de la salida de Argentina de la OMS, de c\u00f3mo deber\u00eda hacerse, o de sus potenciales consecuencias, se inform\u00f3. como public\u00f3 Clar\u00edn, que se hab\u00eda enviado una<strong> solicitud de informes a la Anmat y a Analis-Malbr\u00e1n<\/strong>, que entienden \u201cson las dependencias que pueden tener un impedimento en el funcionamiento\u201d y anticiparon que ANMAT \u201cya dijo que la salida de la OMS no ofrece ninguna implicancia\u201d y que desde Malbr\u00e1n \u201cdijeron que<strong> van a hacer un informe t\u00e9cnico<\/strong>\u201d. Ser\u00eda algo as\u00ed como tomar la decisi\u00f3n primero y ver cu\u00e1n factible es, despu\u00e9s. Recuerda a la frase con que Eduardo Belgrano Rawson titul\u00f3 uno de sus libros, \u201cVamos fusilando mientras llega la orden\u201d.<\/p>\n<\/div>\n<p><br \/>\n<br \/><a href=\"https:\/\/www.clarin.com\/opinion\/verdad-culpa-oms_0_Sb3N83KJJ1.html\">Fuente Clarin.com <\/a><\/p>\n","protected":false},"excerpt":{"rendered":"<p>En sinton\u00eda con el reciente anuncio de Donald Trump, el presidente Javier Milei tom\u00f3 la decisi\u00f3n de que Argentina abandone la Organizaci\u00f3n Mundial de la Salud. Entre las muchas cr\u00edticas lanzadas al organismo se cuestiona, sobre todo, su gesti\u00f3n durante la pandemia de Covid-19: \u201cFueron los ide\u00f3logos de la cuarentena cavern\u00edcola\u201d. D\u00edas antes, en una [&hellip;]<\/p>\n","protected":false},"author":1,"featured_media":3367,"comment_status":"open","ping_status":"open","sticky":false,"template":"","format":"standard","meta":{"footnotes":""},"categories":[2],"tags":[5390,3325,1486,5389],"class_list":["post-3366","post","type-post","status-publish","format-standard","has-post-thumbnail","hentry","category-ultimas-noticias","tag-culpa","tag-oms","tag-tiene","tag-verdad"],"_links":{"self":[{"href":"https:\/\/13.com.ar\/index.php\/wp-json\/wp\/v2\/posts\/3366","targetHints":{"allow":["GET"]}}],"collection":[{"href":"https:\/\/13.com.ar\/index.php\/wp-json\/wp\/v2\/posts"}],"about":[{"href":"https:\/\/13.com.ar\/index.php\/wp-json\/wp\/v2\/types\/post"}],"author":[{"embeddable":true,"href":"https:\/\/13.com.ar\/index.php\/wp-json\/wp\/v2\/users\/1"}],"replies":[{"embeddable":true,"href":"https:\/\/13.com.ar\/index.php\/wp-json\/wp\/v2\/comments?post=3366"}],"version-history":[{"count":0,"href":"https:\/\/13.com.ar\/index.php\/wp-json\/wp\/v2\/posts\/3366\/revisions"}],"wp:featuredmedia":[{"embeddable":true,"href":"https:\/\/13.com.ar\/index.php\/wp-json\/wp\/v2\/media\/3367"}],"wp:attachment":[{"href":"https:\/\/13.com.ar\/index.php\/wp-json\/wp\/v2\/media?parent=3366"}],"wp:term":[{"taxonomy":"category","embeddable":true,"href":"https:\/\/13.com.ar\/index.php\/wp-json\/wp\/v2\/categories?post=3366"},{"taxonomy":"post_tag","embeddable":true,"href":"https:\/\/13.com.ar\/index.php\/wp-json\/wp\/v2\/tags?post=3366"}],"curies":[{"name":"wp","href":"https:\/\/api.w.org\/{rel}","templated":true}]}}