{"id":3364,"date":"2025-02-09T20:00:43","date_gmt":"2025-02-09T23:00:43","guid":{"rendered":"https:\/\/13.com.ar\/index.php\/por-la-violencia-narco-y-el-deterioro-economico-el-nuevo-gobierno-enfrentara-la-peor-crisis-en-medio-siglo\/"},"modified":"2025-02-09T20:00:43","modified_gmt":"2025-02-09T23:00:43","slug":"por-la-violencia-narco-y-el-deterioro-economico-el-nuevo-gobierno-enfrentara-la-peor-crisis-en-medio-siglo","status":"publish","type":"post","link":"https:\/\/13.com.ar\/index.php\/por-la-violencia-narco-y-el-deterioro-economico-el-nuevo-gobierno-enfrentara-la-peor-crisis-en-medio-siglo\/","title":{"rendered":"por la violencia narco y el deterioro econ\u00f3mico, el nuevo gobierno enfrentar\u00e1 la peor crisis en medio siglo"},"content":{"rendered":"<p> <br \/>\n<\/p>\n<div id=\"cuerpo\">\n<div class=\"sc-80531b6b-0 chRIGJ container-text text-embed\">\n<p>Pese a la sangrienta guerra del narcotr\u00e1fico<strong>, el desplome de la econom\u00eda y una aguda crisis energ\u00e9tica<\/strong>, los ecuatorianos se muestran optimistas sobre el futuro de su pa\u00eds tras las elecciones del domingo.<\/p>\n<\/div>\n<div class=\"sc-80531b6b-0 chRIGJ container-text text-embed\">\n<p><strong>Los \u00faltimos a\u00f1os han sido brutales y ca\u00f3ticos para Ecuador,<\/strong> una pintoresca naci\u00f3n andina de unos 18 millones de habitantes que lleg\u00f3 a ser basti\u00f3n de estabilidad en una regi\u00f3n convulsa.<\/p>\n<\/div>\n<div class=\"sc-80531b6b-0 chRIGJ container-text text-embed\">\n<p>Los cortes de electricidad provocados por una hist\u00f3rica sequ\u00eda han sumido al pa\u00eds en la oscuridad. La violencia alimentada por el narcotr\u00e1fico ha provocado el asesinato de un candidato presidencial,<strong> el control de las c\u00e1rceles por parte de bandas criminales <\/strong>y el asalto de un canal de televisi\u00f3n por hombres armados mientras sus periodistas transmit\u00edan en directo.<\/p>\n<\/div>\n<div class=\"sc-80531b6b-0 chRIGJ container-text text-embed\">\n<p>Pero una encuesta publicada en diciembre por la firma local Comunicaliza mostr\u00f3 que m\u00e1s del 50% de los votantes cree que su pa\u00eds estar\u00e1 mejor este a\u00f1o.<\/p>\n<\/div>\n<div class=\"sc-80531b6b-0 chRIGJ container-text text-embed\">\n<p>&#8220;\u00bfPor qu\u00e9?&#8221;, se preguntan analistas, menos optimistas.<\/p>\n<\/div>\n<div class=\"sc-80531b6b-0 chRIGJ container-text text-embed\">\n<p><strong>El futuro presidente enfrentar\u00e1 m\u00faltiples desaf\u00edos.<\/strong><\/p>\n<\/div>\n<div class=\"sc-80531b6b-0 chRIGJ container-text text-embed\">\n<p>&#8220;Ecuador est\u00e1 en un momento muy dif\u00edcil, <strong>creo que en la peor crisis desde que regresamos a la democracia&#8221; hace casi medio siglo<\/strong>, asegura Leonardo Laso, analista pol\u00edtico.<\/p>\n<\/div>\n<div class=\"sc-80531b6b-0 chRIGJ container-text text-embed\">\n<p>Dolarizado, con estrat\u00e9gicos puertos en el Pac\u00edfico y encajonado entre los dos mayores productores de coca\u00edna del mundo -Colombia y Per\u00fa-, Ecuador se ha convertido en un para\u00edso narco.<\/p>\n<\/div>\n<div class=\"sc-80531b6b-0 chRIGJ container-text text-embed\">\n<p><strong>&#8220;En Ecuador operan las mafias albanesas y balc\u00e1nica<\/strong>s, la Ndrangheta italiana y las mafias turcas&#8221;, afirma Douglas Farah, consultor de seguridad y analista de Am\u00e9rica Latina.<\/p>\n<\/div>\n<div class=\"sc-80531b6b-0 chRIGJ container-text text-embed\">\n<p>&#8220;Y ahora tienes bandas locales como Los Lobos y los Choneros, <strong>que luchan por el territorio<\/strong>, para poder mover el producto a trav\u00e9s de Ecuador hacia sus nuevos compradores en Europa y en Asia&#8221;, agrega.<\/p>\n<\/div>\n<p><h2>Violencia de todo tipo<\/h2>\n<\/p>\n<div class=\"sc-80531b6b-0 chRIGJ container-text text-embed\">\n<p>Esta transformaci\u00f3n ha dejado niveles r\u00e9cord de asesinatos, extorsiones y secuestros, que han sobrepasado las capacidades de la fuerza p\u00fablica.<\/p>\n<\/div>\n<div class=\"sc-198be8ec-0 cynXbu image-embed  image-embed \"><picture class=\"sc-198be8ec-1 kOjRiQ\"><source media=\"(min-width: 975px)\" width=\"720\" height=\"480\" \/><img alt=\"Miembros del Ej\u00e9rcito patrullan las calles del barrio de Guamani, en el sur de Quito. Foto AFP\" loading=\"lazy\" width=\"720\" height=\"480\" decoding=\"async\" data-nimg=\"1\" style=\"color:transparent\" src=\"https:\/\/13.com.ar\/wp-content\/uploads\/2025\/02\/por-la-violencia-narco-y-el-deterioro-economico-el-nuevo.jpg\"\/><span class=\"epigraphe\">Miembros del Ej\u00e9rcito patrullan las calles del barrio de Guamani, en el sur de Quito. Foto AFP<\/span><span class=\"bkg\"\/><span class=\"picture-open\"><button class=\"open-image\" aria-label=\"Open Image\"\/><\/span><\/picture><\/div>\n<div class=\"sc-80531b6b-0 chRIGJ container-text text-embed\">\n<p>Los ecuatorianos<strong> &#8220;nunca hab\u00edan sufrido este tipo de violencia&#8221;, <\/strong>afirma Farah. &#8220;Se est\u00e1n viendo azotados por un fen\u00f3meno totalmente nuevo para el que no est\u00e1n preparados en absoluto&#8221;.<\/p>\n<\/div>\n<div class=\"sc-80531b6b-0 chRIGJ container-text text-embed\">\n<p><strong>La respuesta de Noboa ha sido desplegar las Fuerzas Armadas, <\/strong>detener a los l\u00edderes de las bandas e interceptar los env\u00edos de coca\u00edna, cuando ha sido posible.<\/p>\n<\/div>\n<div class=\"sc-80531b6b-0 chRIGJ container-text text-embed\">\n<p>El mandatario ha dado a la poblaci\u00f3n la sensaci\u00f3n de que se est\u00e1 haciendo algo, aunque pocos expertos creen que sea una estrategia de \u00e9xito a largo plazo.<\/p>\n<\/div>\n<div class=\"sc-80531b6b-0 chRIGJ container-text text-embed\">\n<p>Alternativas como fortalecer la fuerza p\u00fablica y los servicios sociales, reformar las prisiones y generar empleos cuestan tiempo y dinero. <strong>Ecuador tiene poco de ambos.<\/strong><\/p>\n<\/div>\n<div class=\"sc-80531b6b-0 chRIGJ container-text text-embed\">\n<p>En la naci\u00f3n sudamericana, las carreteras e infraestructuras que en su d\u00eda fueron la envidia de la regi\u00f3n,<strong> hoy empiezan a verse deterioradas.<\/strong><\/p>\n<\/div>\n<div class=\"sc-80531b6b-0 chRIGJ container-text text-embed\">\n<p>&#8220;Es muy probable que la econom\u00eda se contrajera el a\u00f1o pasado&#8221;, dice el economista Alberto Acosta Burneo.<\/p>\n<\/div>\n<div class=\"sc-80531b6b-0 chRIGJ container-text text-embed\">\n<p>El analista culpa en parte a los apagones a lo largo de 2024, causados por una sequ\u00eda que afect\u00f3 a la generaci\u00f3n hidroel\u00e9ctrica, y <strong>que provocaron el cierre de negocios.<\/strong><\/p>\n<\/div>\n<div class=\"sc-80531b6b-0 chRIGJ container-text text-embed\">\n<p><strong>Pero los expertos tambi\u00e9n se\u00f1alan a la falta de inversi\u00f3n.<\/strong><\/p>\n<\/div>\n<div class=\"sc-80531b6b-0 chRIGJ container-text text-embed\">\n<p>Tras m\u00e1s de una d\u00e9cada de gasto sin los ingresos de la bonanza de los precios del petr\u00f3leo, que en su momento llenaron las arcas del Estado, la deuda p\u00fablica <strong>se sit\u00faa ahora en torno al 57% del PIB, seg\u00fan el FMI.<\/strong><\/p>\n<\/div>\n<div class=\"sc-80531b6b-0 chRIGJ container-text text-embed\">\n<p>Recientemente, Noboa acudi\u00f3 al FMI para solicitar un salvavidas financiero. Pero es probable que haya m\u00e1s recortes, pues el pa\u00eds sigue teniendo dificultades para obtener pr\u00e9stamos baratos en los mercados de renta fija debido a la escasez de reservas y a m\u00e1s de una decena de impagos recientes.<\/p>\n<\/div>\n<div class=\"sc-80531b6b-0 chRIGJ container-text text-embed\">\n<p><strong>La situaci\u00f3n de seguridad ha agravado<\/strong> los problemas econ\u00f3micos del pa\u00eds, ahuyentando a visitantes e inversores. &#8220;No hay turistas, no hay clientes&#8221;, dice Mar\u00eda Delfina Toaquiza, una artesana ind\u00edgena de 58 a\u00f1os con un puesto en una colina con vista al casco antiguo de Quito.<\/p>\n<\/div>\n<div class=\"sc-80531b6b-0 chRIGJ container-text text-embed\">\n<p>Para Laso la dura ofensiva militar de Noboa para abordar el problema de las drogas<strong> tambi\u00e9n ha da\u00f1ado la imagen del pa\u00eds.<\/strong><\/p>\n<\/div>\n<div class=\"sc-80531b6b-0 chRIGJ container-text text-embed\">\n<p>&#8220;Sale con chaleco antibalas y casco, declara el estado de excepci\u00f3n, cerr\u00f3 las fronteras con las elecciones por un potencial problema que pueda darse. Y \u00e9l, cuando hace esas declaraciones tan duras (&#8230;) anula toda posibilidad de inversi\u00f3n&#8221;, asegura.<\/p>\n<\/div>\n<div class=\"sc-80531b6b-0 chRIGJ container-text text-embed\">\n<p>Por si fuera poco, el nuevo presidente tambi\u00e9n deber\u00e1 sortear a su hom\u00f3logo estadounidense Donald Trump,<strong> sus deportaciones y amenazas de aranceles.<\/strong><\/p>\n<\/div>\n<div class=\"sc-80531b6b-0 chRIGJ container-text text-embed\">\n<p>Noboa ha accedido a ayudar con las deportaciones de Estados Unidos, pese a que los migrantes <strong>env\u00edan unos 6.000 millones de d\u00f3lares al a\u00f1o a Ecuador<\/strong>. Cualquier disminuci\u00f3n de esas remesas se sentir\u00eda profundamente.<\/p>\n<\/div>\n<div class=\"sc-80531b6b-0 chRIGJ container-text text-embed\">\n<p>&#8220;La migraci\u00f3n era como una v\u00e1lvula de presi\u00f3n para la econom\u00eda, que ahora est\u00e1 bloqueada debido a las pol\u00edticas de Trump&#8221;, dice Acosta Burneo.<\/p>\n<\/div>\n<\/div>\n<p><br \/>\n<br \/><a href=\"https:\/\/www.clarin.com\/mundo\/elecciones-ecuador-violencia-narco-deterioro-economico-nuevo-gobierno-enfrentara-peor-crisis-medio-siglo_0_Kor9nIEX3V.html\">Fuente Clarin.com <\/a><\/p>\n","protected":false},"excerpt":{"rendered":"<p>Pese a la sangrienta guerra del narcotr\u00e1fico, el desplome de la econom\u00eda y una aguda crisis energ\u00e9tica, los ecuatorianos se muestran optimistas sobre el futuro de su pa\u00eds tras las elecciones del domingo. Los \u00faltimos a\u00f1os han sido brutales y ca\u00f3ticos para Ecuador, una pintoresca naci\u00f3n andina de unos 18 millones de habitantes que lleg\u00f3 [&hellip;]<\/p>\n","protected":false},"author":1,"featured_media":3365,"comment_status":"open","ping_status":"open","sticky":false,"template":"","format":"standard","meta":{"footnotes":""},"categories":[2],"tags":[625,4290,5334,5388,71,1224,1326,14,264,142,2623,3028],"class_list":["post-3364","post","type-post","status-publish","format-standard","has-post-thumbnail","hentry","category-ultimas-noticias","tag-crisis","tag-deterioro","tag-economico","tag-enfrentara","tag-gobierno","tag-medio","tag-narco","tag-nuevo","tag-peor","tag-por","tag-siglo","tag-violencia"],"_links":{"self":[{"href":"https:\/\/13.com.ar\/index.php\/wp-json\/wp\/v2\/posts\/3364","targetHints":{"allow":["GET"]}}],"collection":[{"href":"https:\/\/13.com.ar\/index.php\/wp-json\/wp\/v2\/posts"}],"about":[{"href":"https:\/\/13.com.ar\/index.php\/wp-json\/wp\/v2\/types\/post"}],"author":[{"embeddable":true,"href":"https:\/\/13.com.ar\/index.php\/wp-json\/wp\/v2\/users\/1"}],"replies":[{"embeddable":true,"href":"https:\/\/13.com.ar\/index.php\/wp-json\/wp\/v2\/comments?post=3364"}],"version-history":[{"count":0,"href":"https:\/\/13.com.ar\/index.php\/wp-json\/wp\/v2\/posts\/3364\/revisions"}],"wp:featuredmedia":[{"embeddable":true,"href":"https:\/\/13.com.ar\/index.php\/wp-json\/wp\/v2\/media\/3365"}],"wp:attachment":[{"href":"https:\/\/13.com.ar\/index.php\/wp-json\/wp\/v2\/media?parent=3364"}],"wp:term":[{"taxonomy":"category","embeddable":true,"href":"https:\/\/13.com.ar\/index.php\/wp-json\/wp\/v2\/categories?post=3364"},{"taxonomy":"post_tag","embeddable":true,"href":"https:\/\/13.com.ar\/index.php\/wp-json\/wp\/v2\/tags?post=3364"}],"curies":[{"name":"wp","href":"https:\/\/api.w.org\/{rel}","templated":true}]}}