{"id":3362,"date":"2025-02-09T19:38:45","date_gmt":"2025-02-09T22:38:45","guid":{"rendered":"https:\/\/13.com.ar\/index.php\/reclamos-y-cruzada-conjunta-por-la-baja-de-impuestos\/"},"modified":"2025-02-09T19:38:45","modified_gmt":"2025-02-09T22:38:45","slug":"reclamos-y-cruzada-conjunta-por-la-baja-de-impuestos","status":"publish","type":"post","link":"https:\/\/13.com.ar\/index.php\/reclamos-y-cruzada-conjunta-por-la-baja-de-impuestos\/","title":{"rendered":"reclamos y cruzada conjunta por la baja de impuestos"},"content":{"rendered":"<p> <br \/>\n<br \/><img decoding=\"async\" src=\"https:\/\/13.com.ar\/wp-content\/uploads\/2025\/02\/reclamos-y-cruzada-conjunta-por-la-baja-de-impuestos.jpg\" \/><\/p>\n<div id=\"cuerpo\">\n<div class=\"sc-80531b6b-0 chRIGJ container-text text-embed\">\n<p>Despu\u00e9s de dos meses de desencuentros y varios plantones, Luis Caputo se reunir\u00e1 finalmente este martes con la Uni\u00f3n Industrial Argentina (UIA). <strong>Daniel Funes de Rioja y el comit\u00e9 ejecutivo lo recibir\u00e1n en la sede de Avenida de Mayo con propuestas para aumentar la competitividad y bajar impuestos<\/strong>, adornadas con un tono m\u00e1s amistoso que el de la \u00faltima conferencia industrial en noviembre, cuando Javier Milei y Caputo pegaron el faltazo.<\/p>\n<\/div>\n<div class=\"sc-80531b6b-0 chRIGJ container-text text-embed\">\n<p>&#8220;<strong>Con mucho respeto se le presentar\u00e1 la problem\u00e1tica que estamos viviendo, y se hablar\u00e1 de la presi\u00f3n impositiva <\/strong>nacional, provincial y municipal&#8221;, anticip\u00f3 un miembro de la c\u00fapula industrial. La intenci\u00f3n es evitar la confrontaci\u00f3n y acercarse al gobierno en momentos que el sector preocupado por el estancamiento industrial, la apreciaci\u00f3n cambiaria y el incremento de los costos, lo que gatill\u00f3 el achique de grandes plantas.<\/p>\n<\/div>\n<div class=\"sc-80531b6b-0 chRIGJ container-text text-embed\">\n<p>Las tensiones fueron en aumento desde la \u00faltima visita del Presidente a la UIA. En septiembre, durante el D\u00eda de la Industria, <strong>Milei les reproch\u00f3 que por &#8220;proteger a la industria se rob\u00f3 al campo\u201d<\/strong> y que &#8220;esa protecci\u00f3n lo \u00fanico que gener\u00f3 es un sector industrial, adicto al Estado\u201d, pero que &#8220;no los iba a dejar tirados&#8221;. Luego, vino la conferencia donde los industriales pidieron &#8220;nivelar la cancha&#8221; y el gobierno se abstuvo de enviar altos funcionarios.<\/p>\n<\/div>\n<div class=\"sc-80531b6b-0 chRIGJ container-text text-embed\">\n<p>Desde entonces, los dirigentes fabriles se ilusionaron con ser recibidos por Caputo en diciembre, pero el ministro los esquiv\u00f3 de nuevo. En su lugar, <strong>los visit\u00f3 Federico Sturzenegger<\/strong>, el encargado de la desregulaci\u00f3n, quien ante el pedido de una rebaja de impuestos dijo que eso era un tema de Econom\u00eda. <strong>Y en enero, redujo los plazos para denunciar la competencia desleal<\/strong> de productos importados, pese a los reclamos de la UIA.<\/p>\n<\/div>\n<div class=\"sc-80531b6b-0 chRIGJ container-text text-embed\">\n<p>Seg\u00fan los datos anticipados de la entidad, <strong>la industria registr\u00f3 una ca\u00edda mensual en diciembre respecto al mes previo<\/strong>, luego de registrar una baja interanual del 3,8% en noviembre y una merma mensual ese mes del 2,5%. Con estos datos, el sector acumul\u00f3 una <strong>disminuci\u00f3n del 9,7% en 2024,<\/strong> lo que se reflej\u00f3 en los datos oficiales con una ca\u00edda de 25.000 puestos asalariados en la industria en 12 meses desde noviembre de 2023.<\/p>\n<\/div>\n<div class=\"sc-80531b6b-0 chRIGJ container-text text-embed\">\n<p>En los \u00faltimas semanas, <strong>grandes empresas aplicaron despidos, retiros voluntarios, suspensiones o frenos en la producci\u00f3n<\/strong>. La lista incluye a Toyota, General Motors, Nissan, Acindar, Avon, Granja Tres Arroyos, Nestl\u00e9 y Bridgestone, entre otras. Ma\u00f1ana se sumar\u00e1 una protesta en Panamericana de empleados de Linde Praxair por cesant\u00edas en la multinacional de gases industriales y oxigeno medicinal que abastece a YPF y las automotrices.<\/p>\n<\/div>\n<div class=\"sc-80531b6b-0 chRIGJ container-text text-embed\">\n<p>&#8220;Por un lado, la exportaci\u00f3n con el peso sobrevaluado y con las retenciones e impuestos no ten\u00e9s costos para competir, por lo tanto solo empresas que tengan un nicho podr\u00e1n exportar y con la facilidad de importar productos terminados para hacer competencia a la industria nacional, <strong>muchas empresas est\u00e1n teniendo problemas, se va a incrementar la desocupaci\u00f3n en este a\u00f1o<\/strong>&#8220;, advirti\u00f3 un integrante de la mesa chica de la UIA.<\/p>\n<\/div>\n<div class=\"sc-80531b6b-0 chRIGJ container-text text-embed\">\n<p>Con la reciente baja del ritmo de devaluaci\u00f3n y las tasas, la apuesta de <strong>Caputo es reducir a\u00fan m\u00e1s la inflaci\u00f3n antes de las elecciones y convencer a los empresarios de que no va a devaluar<\/strong>. Tambi\u00e9n alienta un <strong>techo del 1% en las paritarias <\/strong>y un tope en la suba de tarifas. El ministro sostiene que ya hizo su parte -reduciendo el d\u00e9ficit fiscal- y que ahora le toca a los empresarios, sum\u00e1ndose a la cruzada para bajar impuestos en provincias y municipios.<\/p>\n<\/div>\n<div class=\"sc-80531b6b-0 chRIGJ container-text text-embed\">\n<p>Fue lo que les transmiti\u00f3 en diciembre en la intimidad a los principales due\u00f1os de empresas de AEA y a las automotrices, como revel\u00f3 <strong>Clar\u00edn. <\/strong>&#8220;<strong>Salgan a denunciarlos, vamos a bancarlos<\/strong>&#8220;, les dijo a las terminales. Los pedidos parecen haber rendido sus frutos, ya que en las \u00faltimas semanas el Grupo de los Seis -dentro del cual est\u00e1 la UIA- y el due\u00f1o de Mercado Libre por otro lado, Marcos Galper\u00edn, se plegaron al reclamo de bajar Ingresos Brutos y tasas municipales.<\/p>\n<\/div>\n<div class=\"sc-80531b6b-0 chRIGJ container-text text-embed\">\n<p> El Gobierno envi\u00f3 el 29 de noviembre al Congreso un proyecto de ley para la industria con beneficios similares a los del RIGI y una nueva reforma laboral, incluyendo las pymes. Fue lo que les hab\u00eda prometido Juan Pazo en noviembre, pero no fue incluido en sesiones extraordinarias. Mientras tanto, <strong>hay charlas discretas con gremios de la CGT para revisar convenios laborales<\/strong>, al estilo de Vaca Muerta. La mira est\u00e1 puesta en hidrocarburos, construcci\u00f3n, industria, textil y agroindustria.<\/p>\n<\/div>\n<\/div>\n<p><br \/>\n<br \/><a href=\"https:\/\/www.clarin.com\/economia\/caputo-almuerza-uia-reclamos-cruzada-conjunta-baja-impuestos_0_emmtbNp8Im.html\">Fuente Clarin.com <\/a><\/p>\n","protected":false},"excerpt":{"rendered":"<p>Despu\u00e9s de dos meses de desencuentros y varios plantones, Luis Caputo se reunir\u00e1 finalmente este martes con la Uni\u00f3n Industrial Argentina (UIA). Daniel Funes de Rioja y el comit\u00e9 ejecutivo lo recibir\u00e1n en la sede de Avenida de Mayo con propuestas para aumentar la competitividad y bajar impuestos, adornadas con un tono m\u00e1s amistoso que [&hellip;]<\/p>\n","protected":false},"author":1,"featured_media":3363,"comment_status":"open","ping_status":"open","sticky":false,"template":"","format":"standard","meta":{"footnotes":""},"categories":[2],"tags":[524,5387,5386,51,142,3241],"class_list":["post-3362","post","type-post","status-publish","format-standard","has-post-thumbnail","hentry","category-ultimas-noticias","tag-baja","tag-conjunta","tag-cruzada","tag-impuestos","tag-por","tag-reclamos"],"_links":{"self":[{"href":"https:\/\/13.com.ar\/index.php\/wp-json\/wp\/v2\/posts\/3362","targetHints":{"allow":["GET"]}}],"collection":[{"href":"https:\/\/13.com.ar\/index.php\/wp-json\/wp\/v2\/posts"}],"about":[{"href":"https:\/\/13.com.ar\/index.php\/wp-json\/wp\/v2\/types\/post"}],"author":[{"embeddable":true,"href":"https:\/\/13.com.ar\/index.php\/wp-json\/wp\/v2\/users\/1"}],"replies":[{"embeddable":true,"href":"https:\/\/13.com.ar\/index.php\/wp-json\/wp\/v2\/comments?post=3362"}],"version-history":[{"count":0,"href":"https:\/\/13.com.ar\/index.php\/wp-json\/wp\/v2\/posts\/3362\/revisions"}],"wp:featuredmedia":[{"embeddable":true,"href":"https:\/\/13.com.ar\/index.php\/wp-json\/wp\/v2\/media\/3363"}],"wp:attachment":[{"href":"https:\/\/13.com.ar\/index.php\/wp-json\/wp\/v2\/media?parent=3362"}],"wp:term":[{"taxonomy":"category","embeddable":true,"href":"https:\/\/13.com.ar\/index.php\/wp-json\/wp\/v2\/categories?post=3362"},{"taxonomy":"post_tag","embeddable":true,"href":"https:\/\/13.com.ar\/index.php\/wp-json\/wp\/v2\/tags?post=3362"}],"curies":[{"name":"wp","href":"https:\/\/api.w.org\/{rel}","templated":true}]}}