{"id":3358,"date":"2025-02-09T19:30:40","date_gmt":"2025-02-09T22:30:40","guid":{"rendered":"https:\/\/13.com.ar\/index.php\/las-emotivas-palabras-que-le-dedico-a-su-pareja\/"},"modified":"2025-02-09T19:30:40","modified_gmt":"2025-02-09T22:30:40","slug":"las-emotivas-palabras-que-le-dedico-a-su-pareja","status":"publish","type":"post","link":"https:\/\/13.com.ar\/index.php\/las-emotivas-palabras-que-le-dedico-a-su-pareja\/","title":{"rendered":"las emotivas palabras que le dedic\u00f3 a su pareja"},"content":{"rendered":"<p> <br \/>\n<\/p>\n<div id=\"cuerpo\">\n<div class=\"sc-80531b6b-0 chRIGJ container-text text-embed\">\n<p><strong>Jimena Bar\u00f3n<\/strong> (37) se present\u00f3 en el Festival de Villa Mar\u00eda, C\u00f3rdoba. Pero no se trat\u00f3 de un show especial, sino que fue a pura emoci\u00f3n.<\/p>\n<\/div>\n<div class=\"sc-80531b6b-0 chRIGJ container-text text-embed\">\n<p>Embarazada de cuatro meses (recientemente dio a conocer que tendr\u00e1 otro var\u00f3n), la actriz y cantante se tom\u00f3 un tiempo sobre el escenario del festival cordob\u00e9s para dedicarle unas m\u00e1s que emotivas palabras a su pareja y padre del hijo que viene en camino, Mat\u00edas Palleiro.<\/p>\n<\/div>\n<div class=\"sc-80531b6b-0 chRIGJ container-text text-embed\">\n<p>A pura emoci\u00f3n, Jimena record\u00f3 algunas de las duras situaciones que vivi\u00f3 en su vida y luego destac\u00f3 su gran presente.<\/p>\n<\/div>\n<div class=\"sc-80531b6b-0 chRIGJ container-text text-embed\">\n<p>\u201cLes quiero decir que, si alguna vez en la vida, aparece alg\u00fan hombre que tiene ganas o pretende o intenta hacer de villano y arruinarles la vida, <strong>nunca jam\u00e1s se olviden y tengan muy presente que no existe hombre en la faz de la tierra que le pueda arruinar la vida a nadie, a ninguna mujer\u201d<\/strong>, asegur\u00f3 la ex del exfutbolista Daniel Osvaldo, padre de su hijo Momo.<\/p>\n<\/div>\n<div class=\"sc-80531b6b-0 chRIGJ container-text text-embed\">\n<p>Y sigui\u00f3 con su discurso de empoderamiento: <strong>&#8220;Las \u00fanicas due\u00f1as, las \u00fanicas que tienen el poder, chicas y mujeres, son ustedes&#8221;. <\/strong><\/p>\n<\/div>\n<div class=\"sc-80531b6b-0 chRIGJ container-text text-embed\">\n<p>&#8220;No se olviden nunca de eso porque la vida est\u00e1 esperando para dar revancha y para que pasen otras cosas. As\u00ed que si alguien les hace creer algo de eso, es mentira, no se lo crean\u201d, continu\u00f3 la autora de<em> La Cobra.<\/em><\/p>\n<\/div>\n<div class=\"sc-198be8ec-0 cynXbu image-embed  image-embed \"><picture class=\"sc-198be8ec-1 kOjRiQ\"><source media=\"(min-width: 975px)\" width=\"720\" height=\"480\" \/><img alt=\"La emoci\u00f3n de Jimena Bar\u00f3n en pleno show. Foto: Instagram.\" loading=\"lazy\" width=\"720\" height=\"480\" decoding=\"async\" data-nimg=\"1\" style=\"color:transparent\" src=\"https:\/\/13.com.ar\/wp-content\/uploads\/2025\/02\/las-emotivas-palabras-que-le-dedico-a-su-pareja.jpg\"\/><span class=\"epigraphe\">La emoci\u00f3n de Jimena Bar\u00f3n en pleno show. Foto: Instagram.<\/span><span class=\"bkg\"\/><span class=\"picture-open\"><button class=\"open-image\" aria-label=\"Open Image\"\/><\/span><\/picture><\/div>\n<div class=\"sc-80531b6b-0 chRIGJ container-text text-embed\">\n<p>Luego, Jimena nombr\u00f3 a su actual pareja y quebr\u00f3 en llanto.<\/p>\n<\/div>\n<div class=\"sc-80531b6b-0 chRIGJ container-text text-embed\">\n<p>\u201cY quiero, en este momento, para yo llevarme una foto de los tres con una persona que tal vez odie esto, pero quiero aprovechar para agradecerle con todo mi coraz\u00f3n por darme otro cap\u00edtulo que en alg\u00fan momento pens\u00e9 que no iba a tener. <strong>Es el pap\u00e1 de mi beb\u00e9, est\u00e1 ac\u00e1 y quisiera darle un beso\u201d<\/strong>, dijo la actriz y cantante. <\/p>\n<\/div>\n<div class=\"sc-80531b6b-0 chRIGJ container-text text-embed\">\n<p>Y Palleiro subi\u00f3 al escenario para cumplirle su deseo, regal\u00e1ndole a todo el p\u00fablico presente un gran momento de emoci\u00f3n.<\/p>\n<\/div>\n<div class=\"sc-198be8ec-0 cynXbu image-embed  image-embed \"><picture class=\"sc-198be8ec-1 kOjRiQ\"><source media=\"(min-width: 975px)\" width=\"720\" height=\"480\" \/><img alt=\"Beso de amor. Jimena Bar\u00f3n y Mat\u00edas Palleiro. Foto: Instagram.\" loading=\"lazy\" width=\"720\" height=\"480\" decoding=\"async\" data-nimg=\"1\" style=\"color:transparent\" src=\"https:\/\/13.com.ar\/wp-content\/uploads\/2025\/02\/1739140240_464_las-emotivas-palabras-que-le-dedico-a-su-pareja.jpg\"\/><span class=\"epigraphe\">Beso de amor. Jimena Bar\u00f3n y Mat\u00edas Palleiro. Foto: Instagram.<\/span><span class=\"bkg\"\/><span class=\"picture-open\"><button class=\"open-image\" aria-label=\"Open Image\"\/><\/span><\/picture><\/div>\n<div class=\"sc-80531b6b-0 chRIGJ container-text text-embed\">\n<p>Luego de su show, Jimena se volc\u00f3 a las redes para compartir fotos y videos de lo vivido junto a una reflexi\u00f3n.<\/p>\n<\/div>\n<div class=\"sc-80531b6b-0 chRIGJ container-text text-embed\">\n<p><strong>&#8220;Hijo: hicimos un show juntos. Hac\u00eda much\u00edsimo calor, demasiado, pero sali\u00f3 hermoso. La gente ya te quiere un mont\u00f3n.<\/strong> Tu pap\u00e1 estuvo conmigo todo el tiempo. Me pein\u00f3 (o intent\u00f3) y estuvimos los 3 en el escenario adelante de todos. Gracias por banc\u00e1rtela. Te amamos bebito&#8221;, expres\u00f3.<\/p>\n<\/div>\n<div class=\"sc-80531b6b-0 chRIGJ container-text text-embed\">\n<p>Y finaliz\u00f3 en su posteo: &#8220;Gracias Villa Mar\u00eda por el amor, que me lo llevo todo entero. <strong>No me voy a olvidar nunca de anoche&#8221;.<\/strong><\/p>\n<\/div>\n<div class=\"sc-80531b6b-0 chRIGJ container-text text-embed\">\n<p>R\u00e1pidamente, <strong>la publicaci\u00f3n en Instagram de la int\u00e9rprete de La Tonta se llen\u00f3 de<em> likes<\/em> y un gran n\u00famero de mensajes<\/strong>, muchos de ellos de parte de sus numerosos seguidores, que expresaron su felicidad por su gran presente.<\/p>\n<\/div>\n<p><h2>Las fotos del show de Jimena Bar\u00f3n en el Festival de Villa Mar\u00eda<\/h2>\n<\/p>\n<div class=\"sc-198be8ec-0 cynXbu image-embed  image-embed \"><picture class=\"sc-198be8ec-1 kOjRiQ\"><source media=\"(min-width: 975px)\" width=\"720\" height=\"480\" \/><img alt=\"Jimena Bar\u00f3n, previo al show. Foto: Instagram.\" loading=\"lazy\" width=\"720\" height=\"480\" decoding=\"async\" data-nimg=\"1\" style=\"color:transparent\" src=\"https:\/\/13.com.ar\/wp-content\/uploads\/2025\/02\/1739140240_553_las-emotivas-palabras-que-le-dedico-a-su-pareja.jpg\"\/><span class=\"epigraphe\">Jimena Bar\u00f3n, previo al show. Foto: Instagram.<\/span><span class=\"bkg\"\/><span class=\"picture-open\"><button class=\"open-image\" aria-label=\"Open Image\"\/><\/span><\/picture><\/div>\n<div class=\"sc-198be8ec-0 cynXbu image-embed  image-embed \"><picture class=\"sc-198be8ec-1 kOjRiQ\"><source media=\"(min-width: 975px)\" width=\"720\" height=\"480\" \/><img alt=\"Jimena Bar\u00f3n, embarazada de cuatro meses, se present\u00f3 en el Festival de Villa Mar\u00eda. Foto: Instagram.\" loading=\"lazy\" width=\"720\" height=\"480\" decoding=\"async\" data-nimg=\"1\" style=\"color:transparent\" src=\"https:\/\/13.com.ar\/wp-content\/uploads\/2025\/02\/1739140240_481_las-emotivas-palabras-que-le-dedico-a-su-pareja.jpg\"\/><span class=\"epigraphe\">Jimena Bar\u00f3n, embarazada de cuatro meses, se present\u00f3 en el Festival de Villa Mar\u00eda. Foto: Instagram.<\/span><span class=\"bkg\"\/><span class=\"picture-open\"><button class=\"open-image\" aria-label=\"Open Image\"\/><\/span><\/picture><\/div>\n<div class=\"sc-198be8ec-0 cynXbu image-embed  image-embed \"><picture class=\"sc-198be8ec-1 kOjRiQ\"><source media=\"(min-width: 975px)\" width=\"720\" height=\"480\" \/><img alt=\"Jimena Bar\u00f3n, sobre el escenario del Festival de Villa Mar\u00eda. Foto: Instagram.\" loading=\"lazy\" width=\"720\" height=\"480\" decoding=\"async\" data-nimg=\"1\" style=\"color:transparent\" src=\"https:\/\/13.com.ar\/wp-content\/uploads\/2025\/02\/1739140240_479_las-emotivas-palabras-que-le-dedico-a-su-pareja.jpg\"\/><span class=\"epigraphe\">Jimena Bar\u00f3n, sobre el escenario del Festival de Villa Mar\u00eda. Foto: Instagram.<\/span><span class=\"bkg\"\/><span class=\"picture-open\"><button class=\"open-image\" aria-label=\"Open Image\"\/><\/span><\/picture><\/div>\n<div class=\"sc-198be8ec-0 cynXbu image-embed  image-embed \"><picture class=\"sc-198be8ec-1 kOjRiQ\"><source media=\"(min-width: 975px)\" width=\"720\" height=\"480\" \/><img alt=\"Jimena Bar\u00f3n, post show. Foto: Instagram.\" loading=\"lazy\" width=\"720\" height=\"480\" decoding=\"async\" data-nimg=\"1\" style=\"color:transparent\" src=\"https:\/\/13.com.ar\/wp-content\/uploads\/2025\/02\/1739140240_947_las-emotivas-palabras-que-le-dedico-a-su-pareja.jpg\"\/><span class=\"epigraphe\">Jimena Bar\u00f3n, post show. Foto: Instagram.<\/span><span class=\"bkg\"\/><span class=\"picture-open\"><button class=\"open-image\" aria-label=\"Open Image\"\/><\/span><\/picture><\/div>\n<\/div>\n<p><br \/>\n<br \/><a href=\"https:\/\/www.clarin.com\/fama\/llanto-jimena-baron-embarazada-meses-pleno-show-emotivas-palabras-dedico-pareja_0_1oO16n4xxC.html\">Fuente Clarin.com <\/a><\/p>\n","protected":false},"excerpt":{"rendered":"<p>Jimena Bar\u00f3n (37) se present\u00f3 en el Festival de Villa Mar\u00eda, C\u00f3rdoba. Pero no se trat\u00f3 de un show especial, sino que fue a pura emoci\u00f3n. Embarazada de cuatro meses (recientemente dio a conocer que tendr\u00e1 otro var\u00f3n), la actriz y cantante se tom\u00f3 un tiempo sobre el escenario del festival cordob\u00e9s para dedicarle unas [&hellip;]<\/p>\n","protected":false},"author":1,"featured_media":3359,"comment_status":"open","ping_status":"open","sticky":false,"template":"","format":"standard","meta":{"footnotes":""},"categories":[2],"tags":[3822,5378,48,5379,1667],"class_list":["post-3358","post","type-post","status-publish","format-standard","has-post-thumbnail","hentry","category-ultimas-noticias","tag-dedico","tag-emotivas","tag-las","tag-palabras","tag-pareja"],"_links":{"self":[{"href":"https:\/\/13.com.ar\/index.php\/wp-json\/wp\/v2\/posts\/3358","targetHints":{"allow":["GET"]}}],"collection":[{"href":"https:\/\/13.com.ar\/index.php\/wp-json\/wp\/v2\/posts"}],"about":[{"href":"https:\/\/13.com.ar\/index.php\/wp-json\/wp\/v2\/types\/post"}],"author":[{"embeddable":true,"href":"https:\/\/13.com.ar\/index.php\/wp-json\/wp\/v2\/users\/1"}],"replies":[{"embeddable":true,"href":"https:\/\/13.com.ar\/index.php\/wp-json\/wp\/v2\/comments?post=3358"}],"version-history":[{"count":0,"href":"https:\/\/13.com.ar\/index.php\/wp-json\/wp\/v2\/posts\/3358\/revisions"}],"wp:featuredmedia":[{"embeddable":true,"href":"https:\/\/13.com.ar\/index.php\/wp-json\/wp\/v2\/media\/3359"}],"wp:attachment":[{"href":"https:\/\/13.com.ar\/index.php\/wp-json\/wp\/v2\/media?parent=3358"}],"wp:term":[{"taxonomy":"category","embeddable":true,"href":"https:\/\/13.com.ar\/index.php\/wp-json\/wp\/v2\/categories?post=3358"},{"taxonomy":"post_tag","embeddable":true,"href":"https:\/\/13.com.ar\/index.php\/wp-json\/wp\/v2\/tags?post=3358"}],"curies":[{"name":"wp","href":"https:\/\/api.w.org\/{rel}","templated":true}]}}