{"id":33541,"date":"2025-06-13T10:54:30","date_gmt":"2025-06-13T13:54:30","guid":{"rendered":"https:\/\/13.com.ar\/index.php\/el-dato-clave-que-para-los-economistas-marca-que-la-inflacion-podria-seguir-en-caida\/"},"modified":"2025-06-13T10:54:30","modified_gmt":"2025-06-13T13:54:30","slug":"el-dato-clave-que-para-los-economistas-marca-que-la-inflacion-podria-seguir-en-caida","status":"publish","type":"post","link":"https:\/\/13.com.ar\/index.php\/el-dato-clave-que-para-los-economistas-marca-que-la-inflacion-podria-seguir-en-caida\/","title":{"rendered":"El dato clave que para los economistas marca que la inflaci\u00f3n podr\u00eda seguir en ca\u00edda"},"content":{"rendered":"<p> <br \/>\n<br \/><img decoding=\"async\" src=\"https:\/\/13.com.ar\/wp-content\/uploads\/2025\/05\/por-bajas-en-frutas-y-verduras-la-inflacion-de-abril.jpg\" \/><\/p>\n<div id=\"cuerpo\">\n<div class=\"sc-45461e9c-0 eqiBeF container-text text-embed \" id=\"element-body-0\">\n<p>Para los economistas hay un dato que es clave y marca que la <strong>inflaci\u00f3n podr\u00eda seguir a la baja<\/strong>. Tras el dato de 1,5% reportado por el INDEC para mayo, <strong>la reducci\u00f3n de la inflaci\u00f3n n\u00facleo<\/strong> es un <strong>indicador alentador para esperar que la medici\u00f3n se mantenga en un sendero descendente <\/strong>en los pr\u00f3ximos meses.<\/p>\n<\/div>\n<div class=\"sc-45461e9c-0 eqiBeF container-text text-embed \" id=\"element-body-1\">\n<p>&#8220;El dato de inflaci\u00f3n de hoy fue muy bueno porque 1,5 realmente es un n\u00famero que no se esperaba por lo bajo y claramente est\u00e1 mostrando que la desinflaci\u00f3n viene muy bien&#8221;, advirti\u00f3 Miguel Kiguel, director ejecutivo de Econviews, quien tambi\u00e9n destac\u00f3 que <strong>&#8220;la inflaci\u00f3n n\u00facleo va indicando que las cosas est\u00e1n mejorando&#8221;.<\/strong><\/p>\n<\/div>\n<div class=\"sc-45461e9c-0 eqiBeF container-text text-embed \" id=\"element-body-2\">\n<p>&#8220;La inflaci\u00f3n n\u00facleo es la m\u00e1s importante, <strong>porque es la que saca los precios estacionales que tienen mucha volatilidad y los precios de los bienes regulados,<\/strong> ese <strong>IPC fue 2,2%<\/strong>, o sea un poco m\u00e1s alta, pero con una baja muy importante&#8221;.<\/p>\n<\/div>\n<div class=\"sc-45461e9c-0 eqiBeF container-text text-embed \" id=\"element-body-3\">\n<p><strong>&#8220;Esta es la primera baja importante que hay en la inflaci\u00f3n n\u00facleo<\/strong>, es como un salto hacia abajo, lo que indica que la inflaci\u00f3n viene mucho mejor.<strong> Creo que es muy bueno el n\u00famero,<\/strong> no hay que exagerar digamos porque la inflaci\u00f3n no est\u00e1 muerta, pero creo que es un muy buen n\u00famero e indica que las cosas est\u00e1n mejorando y van en la direcci\u00f3n correcta&#8221;, agreg\u00f3.<\/p>\n<\/div>\n<div class=\"sc-45461e9c-0 eqiBeF container-text text-embed \" id=\"element-body-4\">\n<p>A su vez, Diego Mart\u00ednez Burzaco, country manager Argentina en Inviu, dijo que &#8220;<strong>el dato fue bueno, muy bueno,<\/strong> incluso a\u00fan m\u00e1s abajo de lo que estimaban las consultoras privadas; c<strong>claramente el \u00edndice pudo estar abajo del 2% por la ca\u00edda que tuvo los bienes estacionales,<\/strong> que hicieron m\u00e1s del 2%. Despu\u00e9s los bienes regulados y servicios regulados estuvieron m\u00e1s o menos acorde con lo que fue el \u00edndice de inflaci\u00f3n en general&#8221;.<\/p>\n<\/div>\n<div class=\"sc-45461e9c-0 eqiBeF container-text text-embed \" id=\"element-body-5\">\n<p><strong>&#8220;La inflaci\u00f3n n\u00facleo, si bien desaceler\u00f3 muy fuerte respecto al mes anterior, todav\u00eda sigue estando por arriba del \u00edndice general, <\/strong>digamos, la inflaci\u00f3n n\u00facleo fue del 2,2%. <strong>El dato es muy alentador<\/strong> porque sobre todo los sectores m\u00e1s sensibles a las clases medias y bajas de la poblaci\u00f3n, como alimentos, bebidas, etc., incluso subieron hasta menos que el \u00edndice&#8221;, se\u00f1al\u00f3.<\/p>\n<\/div>\n<div class=\"sc-45461e9c-0 eqiBeF container-text text-embed \" id=\"element-body-6\">\n<p>En ese sentido, sum\u00f3 que<strong> &#8220;seguramente para los pr\u00f3ximos meses vamos a seguir viendo alguna tendencia de inflaci\u00f3n en torno al 2% <\/strong>mensual, sobre todo porque los estacionales es probable que no te ayuden todos los meses hacia adelante, pero sin duda es un dato alentador de cara a lo que ven\u00edamos viendo, porque acelera, si quer\u00e9s, el proceso de desinflaci\u00f3n que se est\u00e1 viendo en la econom\u00eda&#8221;.<\/p>\n<\/div>\n<div class=\"sc-45461e9c-0 eqiBeF container-text text-embed \" id=\"element-body-7\">\n<p>Por su parte, Osvaldo Del R\u00edo, director de la consultora Scentia, sostuvo que &#8220;en lo que medimos nosotros, que son alimentos de consumo masivo empaquetado, fue menor a\u00fan. Para <strong>el IPC, la canasta de alimentos y bebidas no alcoh\u00f3licas dio 0.5%<\/strong>, bastante menos todav\u00eda que el IPC total. Y est\u00e1 en l\u00ednea con lo que venimos viendo, que hay una tendencia m\u00e1s desacelerada en lo b\u00e1sico que en otros rubros&#8221;.<\/p>\n<\/div>\n<div class=\"sc-45461e9c-0 eqiBeF container-text text-embed \" id=\"element-body-8\">\n<p>Sebasti\u00e1n Menescaldi, director asociado de EcoGo, se\u00f1al\u00f3 que &#8220;en general <strong>el dato de inflaci\u00f3n fue muy bueno, fue una inflaci\u00f3n muy baja,<\/strong> e incluso m\u00e1s baja de lo que uno esperaba inicialmente&#8221;.<\/p>\n<\/div>\n<div class=\"sc-45461e9c-0 eqiBeF container-text text-embed \" id=\"element-body-9\">\n<p>Adem\u00e1s, dijo que &#8220;cuando uno ve los datos, tambi\u00e9n se alegra, digamos, si bien uno cree que parte de la baja se debe a la reversi\u00f3n de sudas de meses pasados, particularmente en frutas y verduras, algo en carnes, y tambi\u00e9n al tema de combustibles, cuando uno ve la inflaci\u00f3n n\u00facleo, excluye todas esas cosas m\u00e1s estacionales y reguladas, ves que en general <strong>la inflaci\u00f3n tambi\u00e9n, la n\u00facleo est\u00e1 bajando fuerte, fue de 2,2%,<\/strong> fue un poco m\u00e1s alta que la nivel general, <strong>pero ven\u00eda por encima del 3%<\/strong> los dos meses pasados, con lo cual est\u00e1s viendo una desaceleraci\u00f3n a un nivel m\u00e1s en torno a 2%&#8221;.<\/p>\n<\/div>\n<div class=\"sc-45461e9c-0 eqiBeF container-text text-embed \" id=\"element-body-10\">\n<p>&#8220;Hacia adelante las perspectivas siguen siendo positivas, uno espera que se puede ir consolidando una menor inflaci\u00f3n de los meses que siguen, esto en un marco donde el tipo de cambio volvi\u00f3 a flotar y est\u00e1 bastante equilibrado, con lo cual, en general, es positivo el paso que se ha dado&#8221;, concluy\u00f3 en di\u00e1logo con la agencia Noticias Argentinas.<\/p>\n<\/div>\n<div class=\"sc-45461e9c-0 eqiBeF container-text text-embed \" id=\"element-body-11\">\n<p>&#8220;La desaceleraci\u00f3n fue generalizada, pero sobresale el comportamiento de la divisi\u00f3n &#8216;Alimentos y bebidas no alcoh\u00f3licas&#8217; que apenas avanz\u00f3 un 0,5%, en fuerte contraste con los registros superiores al 3% que mostr\u00f3 en marzo y abril. <strong>Este rubro, de alta sensibilidad social y gran peso en la canasta<\/strong>, <strong>fue tambi\u00e9n el de menor variaci\u00f3n entre las divisiones<\/strong>, acompa\u00f1ado por \u201cTransporte\u201d (0,4%).<strong> El impacto de la ca\u00edda en los precios de las verduras jug\u00f3 un papel favorable<\/strong> para que se desacelere la inflaci\u00f3n en alimentos. Por el contrario, las subas m\u00e1s destacadas se observaron en &#8220;Comunicaci\u00f3n&#8221; (4,1%), impulsada por aumentos en telefon\u00eda e internet, y en &#8220;Restaurantes y hoteles&#8221; (3,0%), que mantiene cierta inercia por detr\u00e1s del arrastre en alimentos. <strong>Dentro de la categor\u00eda n\u00facleo, que agrupa los precios menos vol\u00e1tiles, la suba fue de 2,2%, mostrando una desaceleraci\u00f3n<\/strong> respecto del mes anterior (3,2%)&#8221;, sum\u00f3 Dami\u00e1n Vlassich, Team Leader de Estrategias de Inversi\u00f3n de InvertirOnline.<\/p>\n<\/div>\n<div class=\"sc-45461e9c-0 eqiBeF container-text text-embed \" id=\"element-body-12\">\n<p>Y sigui\u00f3: &#8220;La combinaci\u00f3n de un <strong>tipo de cambio estable,<\/strong> <strong>precios regulados<\/strong> con una din\u00e1mica acotada y la <strong>retracci\u00f3n en productos estacionales<\/strong> (que incluso mostraron una ca\u00edda mensual de -2,7%) <strong>explican gran parte de la baja generalizada en la inflaci\u00f3n<\/strong>. El dato de mayo, a pesar de que es un mes t\u00edpicamente favorable por estacionalidad,<strong> refuerza la se\u00f1al de que el proceso de desinflaci\u00f3n sigue firme<\/strong>. No obstante, deberemos seguir monitoreando de cerca los indicadores de precios n\u00facleo y la evoluci\u00f3n de servicios (y salarios), que crecieron por encima del promedio y podr\u00edan anticipar cierta resistencia en la desaceleraci\u00f3n hacia adelante; en tanto la inflaci\u00f3n en bienes se ubic\u00f3 en 0,9%. Adicionalmente, durante los pr\u00f3ximos meses esperamos que el impacto de los estacionales no sea tan favorable como durante el mes de mayo&#8221;.<\/p>\n<\/div>\n<\/div>\n<p><br \/>\n<br \/><a href=\"https:\/\/www.clarin.com\/economia\/dato-clave-economistas-marca-inflacion-podria-seguir-caida_0_ilvN90Wiml.html\">Fuente Clarin.com <\/a><\/p>\n","protected":false},"excerpt":{"rendered":"<p>Para los economistas hay un dato que es clave y marca que la inflaci\u00f3n podr\u00eda seguir a la baja. Tras el dato de 1,5% reportado por el INDEC para mayo, la reducci\u00f3n de la inflaci\u00f3n n\u00facleo es un indicador alentador para esperar que la medici\u00f3n se mantenga en un sendero descendente en los pr\u00f3ximos meses. [&hellip;]<\/p>\n","protected":false},"author":1,"featured_media":24527,"comment_status":"open","ping_status":"open","sticky":false,"template":"","format":"standard","meta":{"footnotes":""},"categories":[2],"tags":[1953,272,2255,2997,1544,28,1238,16,1563,1308],"class_list":["post-33541","post","type-post","status-publish","format-standard","has-post-thumbnail","hentry","category-ultimas-noticias","tag-caida","tag-clave","tag-dato","tag-economistas","tag-inflacion","tag-los","tag-marca","tag-para","tag-podria","tag-seguir"],"_links":{"self":[{"href":"https:\/\/13.com.ar\/index.php\/wp-json\/wp\/v2\/posts\/33541","targetHints":{"allow":["GET"]}}],"collection":[{"href":"https:\/\/13.com.ar\/index.php\/wp-json\/wp\/v2\/posts"}],"about":[{"href":"https:\/\/13.com.ar\/index.php\/wp-json\/wp\/v2\/types\/post"}],"author":[{"embeddable":true,"href":"https:\/\/13.com.ar\/index.php\/wp-json\/wp\/v2\/users\/1"}],"replies":[{"embeddable":true,"href":"https:\/\/13.com.ar\/index.php\/wp-json\/wp\/v2\/comments?post=33541"}],"version-history":[{"count":0,"href":"https:\/\/13.com.ar\/index.php\/wp-json\/wp\/v2\/posts\/33541\/revisions"}],"wp:featuredmedia":[{"embeddable":true,"href":"https:\/\/13.com.ar\/index.php\/wp-json\/wp\/v2\/media\/24527"}],"wp:attachment":[{"href":"https:\/\/13.com.ar\/index.php\/wp-json\/wp\/v2\/media?parent=33541"}],"wp:term":[{"taxonomy":"category","embeddable":true,"href":"https:\/\/13.com.ar\/index.php\/wp-json\/wp\/v2\/categories?post=33541"},{"taxonomy":"post_tag","embeddable":true,"href":"https:\/\/13.com.ar\/index.php\/wp-json\/wp\/v2\/tags?post=33541"}],"curies":[{"name":"wp","href":"https:\/\/api.w.org\/{rel}","templated":true}]}}