{"id":33539,"date":"2025-06-13T10:51:31","date_gmt":"2025-06-13T13:51:31","guid":{"rendered":"https:\/\/13.com.ar\/index.php\/guillermo-francos-recibe-a-gobernadores-en-la-rosada-para-escuchar-sus-reclamos-por-impuestos-obras-y-transferencias\/"},"modified":"2025-06-13T10:51:31","modified_gmt":"2025-06-13T13:51:31","slug":"guillermo-francos-recibe-a-gobernadores-en-la-rosada-para-escuchar-sus-reclamos-por-impuestos-obras-y-transferencias","status":"publish","type":"post","link":"https:\/\/13.com.ar\/index.php\/guillermo-francos-recibe-a-gobernadores-en-la-rosada-para-escuchar-sus-reclamos-por-impuestos-obras-y-transferencias\/","title":{"rendered":"Guillermo Francos recibe a gobernadores en la Rosada para escuchar sus reclamos por impuestos, obras y transferencias"},"content":{"rendered":"<p> <br \/>\n<br \/><img decoding=\"async\" src=\"https:\/\/13.com.ar\/wp-content\/uploads\/2025\/06\/Guillermo-Francos-recibe-a-gobernadores-en-la-Rosada-para-escuchar.jpg\" \/><\/p>\n<div id=\"element-body-0\">\n<p>Mientras el sistema pol\u00edtico todav\u00eda digiere el nuevo escenario pol\u00edtico tras la <strong>confirmaci\u00f3n del fallo contra Cristina Kirchner<\/strong>, el Gobierno ensaya un <strong>acercamiento a un nutrido grupo de gobernadores<\/strong> que reclaman por impuestos con asignaciones espec\u00edficas que no se est\u00e1n pagando y obras.<\/p>\n<\/div>\n<div id=\"element-body-1\">\n<p>Este viernes, el jefe de Gabinete <strong>Guillermo Francos<\/strong> recibe a mandatarios provinciales de diferentes signos pol\u00edticos, tras el pedido de audiencia que hicieron la semana pasada los gobernadores en su <strong>reuni\u00f3n en el Consejo Federal de Inversiones<\/strong> (CFI). <\/p>\n<\/div>\n<div id=\"element-body-2\">\n<p>En el encuentro en las oficinas de la calle Azopardo <strong>hubo casi asistencia perfecta de ejecutivos provinciales<\/strong> de todos los colores para poner los reclamos contra la administraci\u00f3n de Javier Milei arriba de la mesa.<\/p>\n<\/div>\n<div id=\"element-body-3\">\n<p>En particular, a los gobernadores les <strong>preocupa la ca\u00edda de la recaudaci\u00f3n, de impuestos coparticipables y tambi\u00e9n de las transferencias de la Naci\u00f3n hacia los distritos<\/strong>. Tambi\u00e9n exigen que la Naci\u00f3n cumpla con las asignaciones espec\u00edficas de impuestos como el de combustibles que deben invertirse en rutas nacionales. <\/p>\n<\/div>\n<div id=\"element-body-4\">\n<p>En busca de correcciones, reclamaron hace 10 d\u00edas una audiencia con el Presidente y con Francos.<\/p>\n<\/div>\n<div id=\"element-body-5\">\n<p>&#8220;Queremos tratar de avanzar en un pacto fiscal que ordene tanto lo impositivo, lo fiscal y las obligaciones de orden federal y provincial&#8221;, advirtieron tras el encuentro en el CFI.<\/p>\n<\/div>\n<div id=\"element-body-6\">\n<p>En la Rosada evitaban confirmar hasta \u00faltimo momento<strong> la lista de gobernadores<\/strong>. A pesar de que resultaba casi inimaginable que -con CFK a punto de empezar a cumplir su condena- se presentaran los <strong>mandatarios del peronismo<\/strong>, que no acompa\u00f1an ninguna de las iniciativas del Gobierno, se esperaba la visita del pampeano Sergio Ziliotto. <\/p>\n<\/div>\n<div id=\"element-body-7\">\n<p>El gobernador de R\u00edo Negro Alberto Weretilneck, cada vez m\u00e1s distanciado en lo discursivo de Milei, tambi\u00e9n ser\u00eda de la partida, igual que otro duro, el santacruce\u00f1o Claudio Vidal.  <\/p>\n<\/div>\n<div id=\"element-body-8\">\n<p>Los gobernadores m\u00e1s dialoguistas, en cambio, hab\u00edan avalado en el CFI la <strong>invitaci\u00f3n del Gobierno para relanzar el Consejo de Mayo<\/strong>, el \u00f3rgano que debe transformar en leyes los consensos firmados en el Pacto (Acta) de Mayo. <\/p>\n<\/div>\n<div id=\"element-body-9\">\n<p>El Gobierno eligi\u00f3 al radical mendocino <strong>Alfredo Cornejo<\/strong> como el representantes de los gobernadores en el nuevo \u00f3rgano en el que tambi\u00e9n se sentar\u00e1n Francos, Federico Sturzenegger, la senadora Carolina Losada, el diputado Cristian Ritondo y delegados empresarios y sindicales. El gobernador radical ser\u00eda de la partida en el  encuentro con Francos igual que Ignacio Torres, de Chubut, y el peronista cercano a la Rosada, Ra\u00fal Jalil, de Catamarca. <\/p>\n<\/div>\n<div id=\"element-body-10\">\n<p>El martes, los mandatarios C\u00f3rdoba y Mendoza firmaron su adhesi\u00f3n al nuevo r\u00e9gimen de Ganancias simplificado y de intercambio de informaci\u00f3n con la ARCA que ya rubricaron otros 14 gobernadores. <\/p>\n<\/div>\n<p><br \/>\n<br \/><a href=\"https:\/\/www.clarin.com\/politica\/guillermo-francos-recibe-gobernadores-rosada-escuchar-reclamos-impuestos-obras-transferencias_0_dLoH1KKOLw.html\">Fuente Clarin.com <\/a><\/p>\n","protected":false},"excerpt":{"rendered":"<p>Mientras el sistema pol\u00edtico todav\u00eda digiere el nuevo escenario pol\u00edtico tras la confirmaci\u00f3n del fallo contra Cristina Kirchner, el Gobierno ensaya un acercamiento a un nutrido grupo de gobernadores que reclaman por impuestos con asignaciones espec\u00edficas que no se est\u00e1n pagando y obras. Este viernes, el jefe de Gabinete Guillermo Francos recibe a mandatarios provinciales [&hellip;]<\/p>\n","protected":false},"author":1,"featured_media":33540,"comment_status":"open","ping_status":"open","sticky":false,"template":"","format":"standard","meta":{"footnotes":""},"categories":[2],"tags":[13186,5190,2769,3520,51,701,16,142,3514,3241,1323,40,10532],"class_list":["post-33539","post","type-post","status-publish","format-standard","has-post-thumbnail","hentry","category-ultimas-noticias","tag-escuchar","tag-francos","tag-gobernadores","tag-guillermo","tag-impuestos","tag-obras","tag-para","tag-por","tag-recibe","tag-reclamos","tag-rosada","tag-sus","tag-transferencias"],"_links":{"self":[{"href":"https:\/\/13.com.ar\/index.php\/wp-json\/wp\/v2\/posts\/33539","targetHints":{"allow":["GET"]}}],"collection":[{"href":"https:\/\/13.com.ar\/index.php\/wp-json\/wp\/v2\/posts"}],"about":[{"href":"https:\/\/13.com.ar\/index.php\/wp-json\/wp\/v2\/types\/post"}],"author":[{"embeddable":true,"href":"https:\/\/13.com.ar\/index.php\/wp-json\/wp\/v2\/users\/1"}],"replies":[{"embeddable":true,"href":"https:\/\/13.com.ar\/index.php\/wp-json\/wp\/v2\/comments?post=33539"}],"version-history":[{"count":0,"href":"https:\/\/13.com.ar\/index.php\/wp-json\/wp\/v2\/posts\/33539\/revisions"}],"wp:featuredmedia":[{"embeddable":true,"href":"https:\/\/13.com.ar\/index.php\/wp-json\/wp\/v2\/media\/33540"}],"wp:attachment":[{"href":"https:\/\/13.com.ar\/index.php\/wp-json\/wp\/v2\/media?parent=33539"}],"wp:term":[{"taxonomy":"category","embeddable":true,"href":"https:\/\/13.com.ar\/index.php\/wp-json\/wp\/v2\/categories?post=33539"},{"taxonomy":"post_tag","embeddable":true,"href":"https:\/\/13.com.ar\/index.php\/wp-json\/wp\/v2\/tags?post=33539"}],"curies":[{"name":"wp","href":"https:\/\/api.w.org\/{rel}","templated":true}]}}