{"id":33537,"date":"2025-06-13T10:48:32","date_gmt":"2025-06-13T13:48:32","guid":{"rendered":"https:\/\/13.com.ar\/index.php\/el-ataque-de-israel-a-iran-deja-al-menos-70-muertos-y-300-heridos-segun-medios\/"},"modified":"2025-06-13T10:48:32","modified_gmt":"2025-06-13T13:48:32","slug":"el-ataque-de-israel-a-iran-deja-al-menos-70-muertos-y-300-heridos-segun-medios","status":"publish","type":"post","link":"https:\/\/13.com.ar\/index.php\/el-ataque-de-israel-a-iran-deja-al-menos-70-muertos-y-300-heridos-segun-medios\/","title":{"rendered":"El ataque de Israel a Ir\u00e1n deja al menos 70 muertos y 300 heridos, seg\u00fan medios"},"content":{"rendered":"<p> <br \/>\n<br \/><img decoding=\"async\" src=\"https:\/\/13.com.ar\/wp-content\/uploads\/2025\/06\/El-ataque-de-Israel-a-Iran-deja-al-menos-70.jpg\" \/><\/p>\n<div id=\"element-body-0\">\n<p>Unas 70 personas murieron y m\u00e1s 300 resultaron heridas en Ir\u00e1n en los ataques de Israel contra Ir\u00e1n, seg\u00fan datos proporcionados por<strong> medios iran\u00edes<\/strong> que no han sido confirmados por las autoridades.<\/p>\n<\/div>\n<div id=\"element-body-1\">\n<p>La agencia Fars, vinculada con la Guardia Revolucionaria iran\u00ed, inform\u00f3 del n\u00famero de muertos y heridos, sin citar fuentes.<\/p>\n<\/div>\n<div id=\"element-body-2\">\n<p>Las autoridades iran\u00edes solo<strong> han confirmado la muerte de altos cargos militares<\/strong> como el jefe del Estado Mayor de las Fuerzas Armadas, el general Mohamad Hosein Baqer\u00ed; el comandante en jefe de la Guardia Revolucionaria, el general Hossein Salam\u00ed, y el jefe de la Fuerza Aeroespacial de la Guardia Revolucionaria, el general Amir Ali Hajizadeh.<\/p>\n<\/div>\n<div id=\"element-body-4\">\n<p>A ellos se sum\u00f3 el general Gholam Ali Rashid, responsable de la importante base a\u00e9rea Khatam ol-Anbiya, y<strong> seis cient\u00edficos nucleares, <\/strong>en los ataques sin precedentes contra el pa\u00eds persa.<\/p>\n<\/div>\n<div id=\"element-body-5\">\n<p>Los bombardeos contra un centenar de objetivos en suelo iran\u00ed se produjeron en la madrugada del mi\u00e9rcoles y prosiguieron durante la tarde en al menos cuatro puntos del pa\u00eds persa.<\/p>\n<\/div>\n<div id=\"element-body-6\">\n<p>Entre los objetivos se encuentra la principal<strong> planta de enriquecimiento de uranio iran\u00ed, Natanz<\/strong>, seg\u00fan confirm\u00f3 el Organismo Internacional de Energ\u00eda At\u00f3mica (OIEA).<\/p>\n<\/div>\n<div id=\"element-body-8\">\n<p>Al mismo tiempo, las fuerzas israel\u00edes han atacado<strong> numerosas zonas residenciales en Teher\u00e1n.<\/strong><\/p>\n<\/div>\n<div id=\"element-body-9\">\n<p>El l\u00edder supremo de Ir\u00e1n, Ali Jamenei, conden\u00f3 los ataques y <strong>prometi\u00f3 venganza.<\/strong><\/p>\n<\/div>\n<div id=\"element-body-10\">\n<p>&#8220;Con este crimen, el r\u00e9gimen sionista se prepar\u00f3 un destino amargo y doloroso, y sin duda lo recibir\u00e1&#8221;, dijo Jamenei en un comunicado publicado en su p\u00e1gina web.<\/p>\n<\/div>\n<div id=\"element-body-11\">\n<p>Por su parte, el presidente de Ir\u00e1n, <strong>Masud Pezeshkian, prometi\u00f3 una &#8220;poderosa respuesta&#8221; a Israel.<\/strong><\/p>\n<\/div>\n<div id=\"element-body-12\">\n<p>&#8220;La naci\u00f3n iran\u00ed y las autoridades del pa\u00eds <strong>no permanecer\u00e1n en silencio ante este crimen<\/strong>, y la leg\u00edtima y poderosa respuesta de la Rep\u00fablica Isl\u00e1mica de Ir\u00e1n har\u00e1 que el enemigo se arrepienta de su insensata acci\u00f3n&#8221;, dijo Pezeshkian en un discurso televisado.<\/p>\n<\/div>\n<p><br \/>\n<br \/><a href=\"https:\/\/www.clarin.com\/mundo\/ataque-israel-iran-deja-70-muertos-300-heridos-medios_0_09IoQOs9l1.html\">Fuente Clarin.com <\/a><\/p>\n","protected":false},"excerpt":{"rendered":"<p>Unas 70 personas murieron y m\u00e1s 300 resultaron heridas en Ir\u00e1n en los ataques de Israel contra Ir\u00e1n, seg\u00fan datos proporcionados por medios iran\u00edes que no han sido confirmados por las autoridades. La agencia Fars, vinculada con la Guardia Revolucionaria iran\u00ed, inform\u00f3 del n\u00famero de muertos y heridos, sin citar fuentes. Las autoridades iran\u00edes solo [&hellip;]<\/p>\n","protected":false},"author":1,"featured_media":33538,"comment_status":"open","ping_status":"open","sticky":false,"template":"","format":"standard","meta":{"footnotes":""},"categories":[2],"tags":[2106,482,568,12716,22,4536,263,435,227],"class_list":["post-33537","post","type-post","status-publish","format-standard","has-post-thumbnail","hentry","category-ultimas-noticias","tag-ataque","tag-deja","tag-heridos","tag-iran","tag-israel","tag-medios","tag-menos","tag-muertos","tag-segun"],"_links":{"self":[{"href":"https:\/\/13.com.ar\/index.php\/wp-json\/wp\/v2\/posts\/33537","targetHints":{"allow":["GET"]}}],"collection":[{"href":"https:\/\/13.com.ar\/index.php\/wp-json\/wp\/v2\/posts"}],"about":[{"href":"https:\/\/13.com.ar\/index.php\/wp-json\/wp\/v2\/types\/post"}],"author":[{"embeddable":true,"href":"https:\/\/13.com.ar\/index.php\/wp-json\/wp\/v2\/users\/1"}],"replies":[{"embeddable":true,"href":"https:\/\/13.com.ar\/index.php\/wp-json\/wp\/v2\/comments?post=33537"}],"version-history":[{"count":0,"href":"https:\/\/13.com.ar\/index.php\/wp-json\/wp\/v2\/posts\/33537\/revisions"}],"wp:featuredmedia":[{"embeddable":true,"href":"https:\/\/13.com.ar\/index.php\/wp-json\/wp\/v2\/media\/33538"}],"wp:attachment":[{"href":"https:\/\/13.com.ar\/index.php\/wp-json\/wp\/v2\/media?parent=33537"}],"wp:term":[{"taxonomy":"category","embeddable":true,"href":"https:\/\/13.com.ar\/index.php\/wp-json\/wp\/v2\/categories?post=33537"},{"taxonomy":"post_tag","embeddable":true,"href":"https:\/\/13.com.ar\/index.php\/wp-json\/wp\/v2\/tags?post=33537"}],"curies":[{"name":"wp","href":"https:\/\/api.w.org\/{rel}","templated":true}]}}