{"id":33533,"date":"2025-06-13T10:21:33","date_gmt":"2025-06-13T13:21:33","guid":{"rendered":"https:\/\/13.com.ar\/index.php\/por-que-israel-ataco-iran\/"},"modified":"2025-06-13T10:21:33","modified_gmt":"2025-06-13T13:21:33","slug":"por-que-israel-ataco-iran","status":"publish","type":"post","link":"https:\/\/13.com.ar\/index.php\/por-que-israel-ataco-iran\/","title":{"rendered":"\u00bfPor qu\u00e9 Israel atac\u00f3 Ir\u00e1n?"},"content":{"rendered":"<p> <br \/>\n<br \/><img decoding=\"async\" src=\"https:\/\/13.com.ar\/wp-content\/uploads\/2025\/06\/\u00bfPor-que-Israel-ataco-Iran.jpg\" \/><\/p>\n<div id=\"element-body-0\">\n<p>Israel atac\u00f3 en la madrugada de este viernes instalaciones nucleares y militares iran\u00edes, poniendo a Oriente Medio al borde de una guerra regional, con graves consecuencias.<\/p>\n<\/div>\n<div id=\"element-body-2\">\n<p>Israel considera que la Rep\u00fablica Isl\u00e1mica <strong>es una amenaza existencial.<\/strong><\/p>\n<\/div>\n<div id=\"element-body-3\">\n<p>Dice que el a\u00f1o pasado <strong>destruy\u00f3 la defensa a\u00e9rea iran\u00ed <\/strong>en represalia por el lanzamiento de unos 200 misiles contra Israel.<\/p>\n<\/div>\n<div id=\"element-body-4\">\n<p>El ministro de Defensa, Israel Katz, calific\u00f3 la operaci\u00f3n de este viernes como <strong>un &#8220;ataque preventivo&#8221;.<\/strong><\/p>\n<\/div>\n<div id=\"element-body-5\">\n<div class=\"sc-c2c2a3c6-1 kQhBlc videoText videoText\">\n<h2>Video<\/h2>\n<p>Israel lanz\u00f3 un ataque preventivo contra objetivos nucleares en Ir\u00e1n<\/p>\n<\/div>\n<\/div>\n<div id=\"element-body-6\">\n<p>Seg\u00fan el ej\u00e9rcito israel\u00ed, dispone de datos de inteligencia que revelan que Ir\u00e1n <strong>se acerca a un &#8220;punto de no retorno&#8221; en su programa nuclear.<\/strong><\/p>\n<\/div>\n<div id=\"element-body-7\">\n<p>Estados Unidos, Israel y las potencias occidentales acusan a Teher\u00e1n de<strong> querer dotarse del arma nuclear<\/strong>, lo que Teher\u00e1n niega.<\/p>\n<\/div>\n<div id=\"element-body-8\">\n<p>Israel urgi\u00f3 una acci\u00f3n global luego de que el OIEA acusara a Ir\u00e1n de incumplir sus obligaciones.<\/p>\n<\/div>\n<div id=\"element-body-10\">\n<p>Estados Unidos ten\u00eda indicaciones de que era posible un ataque militar israel\u00ed. &#8220;No quiero decir que sea inminente, pero parece que algo podr\u00eda suceder&#8221;, hab\u00eda dicho el presidente estadounidense, Donald Trump, el jueves a periodistas al ser consultado si anticipaba un ataque israel\u00ed. Este viernes admiti\u00f3 que sab\u00eda del ataque.<\/p>\n<\/div>\n<div id=\"element-body-11\">\n<p>La sexta ronda de conversaciones sobre el programa nuclear iran\u00ed entre Washington y Teher\u00e1n estaba programada <strong>para el domingo en Om\u00e1n.<\/strong><\/p>\n<\/div>\n<div id=\"element-body-12\">\n<p>Las autoridades israel\u00edes afirmaron que el ataque fue &#8220;preventivo&#8221;, aunque no hubo indicios inmediatos de que Ir\u00e1n planeara atacar. En un comunicado, el ej\u00e9rcito israel\u00ed afirm\u00f3 haber actuado &#8220;en respuesta a la continua agresi\u00f3n del r\u00e9gimen iran\u00ed contra Israel&#8221; y sugiri\u00f3 que habr\u00eda m\u00e1s, calificando su ataque como<strong> &#8220;la primera etapa&#8221;.<\/strong><\/p>\n<\/div>\n<div id=\"element-body-13\">\n<p>Un oficial militar israel\u00ed, que inform\u00f3 a la prensa bajo condici\u00f3n de anonimato para cumplir con el protocolo, afirm\u00f3 que los ataques se dirigieron contra elementos del programa nuclear iran\u00ed y la capacidad de misiles de largo alcance del r\u00e9gimen.<\/p>\n<\/div>\n<div id=\"element-body-15\">\n<p>A\u00f1adi\u00f3 que Ir\u00e1n ha estado desarrollando un programa secreto para ensamblar un arma nuclear, seg\u00fan la inteligencia israel\u00ed, y que cuenta con material suficiente para fabricar 15 bombas nucleares en cuesti\u00f3n de d\u00edas. El oficial no proporcion\u00f3 detalles que respaldaran esta afirmaci\u00f3n.<\/p>\n<\/div>\n<div id=\"element-body-16\">\n<p>Netanyahu calific\u00f3 el programa nuclear iran\u00ed como &#8220;un peligro claro y presente para la propia supervivencia de Israel&#8221; en una declaraci\u00f3n en video.<\/p>\n<\/div>\n<div id=\"element-body-17\">\n<p>El programa nuclear iran\u00ed <strong>ha avanzado considerablemente en la \u00faltima d\u00e9cada<\/strong>, seg\u00fan los analistas.<\/p>\n<\/div>\n<div id=\"element-body-18\">\n<p><em>Con informaci\u00f3n de The New York Times y AFP<\/em><\/p>\n<\/div>\n<p><br \/>\n<br \/><a href=\"https:\/\/www.clarin.com\/mundo\/israel-ataco-iran_0_OWDQ6vkNAo.html\">Fuente Clarin.com <\/a><\/p>\n","protected":false},"excerpt":{"rendered":"<p>Israel atac\u00f3 en la madrugada de este viernes instalaciones nucleares y militares iran\u00edes, poniendo a Oriente Medio al borde de una guerra regional, con graves consecuencias. Israel considera que la Rep\u00fablica Isl\u00e1mica es una amenaza existencial. Dice que el a\u00f1o pasado destruy\u00f3 la defensa a\u00e9rea iran\u00ed en represalia por el lanzamiento de unos 200 misiles [&hellip;]<\/p>\n","protected":false},"author":1,"featured_media":33534,"comment_status":"open","ping_status":"open","sticky":false,"template":"","format":"standard","meta":{"footnotes":""},"categories":[2],"tags":[1223,12716,22,142,286],"class_list":["post-33533","post","type-post","status-publish","format-standard","has-post-thumbnail","hentry","category-ultimas-noticias","tag-ataco","tag-iran","tag-israel","tag-por","tag-que"],"_links":{"self":[{"href":"https:\/\/13.com.ar\/index.php\/wp-json\/wp\/v2\/posts\/33533","targetHints":{"allow":["GET"]}}],"collection":[{"href":"https:\/\/13.com.ar\/index.php\/wp-json\/wp\/v2\/posts"}],"about":[{"href":"https:\/\/13.com.ar\/index.php\/wp-json\/wp\/v2\/types\/post"}],"author":[{"embeddable":true,"href":"https:\/\/13.com.ar\/index.php\/wp-json\/wp\/v2\/users\/1"}],"replies":[{"embeddable":true,"href":"https:\/\/13.com.ar\/index.php\/wp-json\/wp\/v2\/comments?post=33533"}],"version-history":[{"count":0,"href":"https:\/\/13.com.ar\/index.php\/wp-json\/wp\/v2\/posts\/33533\/revisions"}],"wp:featuredmedia":[{"embeddable":true,"href":"https:\/\/13.com.ar\/index.php\/wp-json\/wp\/v2\/media\/33534"}],"wp:attachment":[{"href":"https:\/\/13.com.ar\/index.php\/wp-json\/wp\/v2\/media?parent=33533"}],"wp:term":[{"taxonomy":"category","embeddable":true,"href":"https:\/\/13.com.ar\/index.php\/wp-json\/wp\/v2\/categories?post=33533"},{"taxonomy":"post_tag","embeddable":true,"href":"https:\/\/13.com.ar\/index.php\/wp-json\/wp\/v2\/tags?post=33533"}],"curies":[{"name":"wp","href":"https:\/\/api.w.org\/{rel}","templated":true}]}}