{"id":3350,"date":"2025-02-09T18:47:04","date_gmt":"2025-02-09T21:47:04","guid":{"rendered":"https:\/\/13.com.ar\/index.php\/sus-notas-dominantes-y-cuanto-sale-ahora\/"},"modified":"2025-02-09T18:47:04","modified_gmt":"2025-02-09T21:47:04","slug":"sus-notas-dominantes-y-cuanto-sale-ahora","status":"publish","type":"post","link":"https:\/\/13.com.ar\/index.php\/sus-notas-dominantes-y-cuanto-sale-ahora\/","title":{"rendered":"sus notas dominantes y cu\u00e1nto sale ahora"},"content":{"rendered":"<p> <br \/>\n<br \/><img decoding=\"async\" src=\"https:\/\/13.com.ar\/wp-content\/uploads\/2025\/02\/sus-notas-dominantes-y-cuanto-sale-ahora.jpg\" \/><\/p>\n<div>\n<p><strong>Diego Maradona<\/strong> dej\u00f3 una marca imborrable en el <strong>f\u00fatbol <\/strong>y, adem\u00e1s, marc\u00f3 <strong>tendencia <\/strong>con su <strong>estilo y personalidad<\/strong>. Cada prenda de vestir y accesorio que eleg\u00eda era parte de su imagen inconfundible. Entre esos elementos, un dato poco conocido es cu\u00e1l era su <strong>perfume preferido<\/strong>, una <strong>fragancia <\/strong>intensa que lo acompa\u00f1aba en su d\u00eda a d\u00eda y que qued\u00f3 inmortalizada en videos y recuerdos de quienes lo rodeaban.<\/p>\n<\/div>\n<div>\n<p>El <strong>Diez <\/strong>brill\u00f3 con la camiseta de la <strong>Selecci\u00f3n Argentina<\/strong> y de <strong>Boca<\/strong>, pero tambi\u00e9n lo hizo en cada noche y evento junto a sus familiares y cercanos. Su presencia siempre estuvo acompa\u00f1ada de un <strong>aroma particular<\/strong>, que con el tiempo se convirti\u00f3 en un s\u00edmbolo de su car\u00e1cter fuerte y pasional. \u00bfSab\u00e9s cu\u00e1l es el <strong>perfume<\/strong> del que hablamos? \u00a1Se puede conseguir en <strong>Argentina<\/strong>! Conoce su precio m\u00e1s adelante.<\/p>\n<\/div>\n<div>\n<p>El <strong>A*Men<\/strong> de <strong>Mugler <\/strong>fue identificado como el perfume que usaba <strong>Maradona <\/strong>gracias al an\u00e1lisis de un video donde se lo ve aplic\u00e1ndose una fragancia de un frasco caracter\u00edstico. La cuenta de <strong>TikTok @perfudecants<\/strong> se encarg\u00f3 de compararlo con modelos antiguos del perfume y lleg\u00f3 a la conclusi\u00f3n de que se trataba de esta fragancia.<\/p>\n<\/div>\n<div>\n<p>Adem\u00e1s, <strong>\u00c1ngel Gil<\/strong>, en el programa <strong>Los 8 Escalones<\/strong>, mostr\u00f3 un <strong>frasco de Mugler que Maradona le hab\u00eda regalado<\/strong>, reforzando la teor\u00eda.<\/p>\n<\/div>\n<div>\n<p>Creado por el perfumista franc\u00e9s <strong>Jacques Huclier<\/strong>, <strong>A*Men de Mugler<\/strong> es una <strong>fragancia masculina<\/strong> reconocida por su intensidad y larga duraci\u00f3n. Su composici\u00f3n combina notas dulces, amaderadas y especiadas, logrando un aroma inconfundible que deja una marca indeleble en quienes lo usan. Es un perfume con car\u00e1cter, ideal para quienes buscan una fragancia potente y sofisticada.<\/p>\n<\/div>\n<div>\n<p>En la actualidad, <strong>A*Men de Mugler<\/strong> sigue siendo un <strong>perfume exclusivo<\/strong> que se comercializa en distintas presentaciones. Seg\u00fan las principales perfumer\u00edas:<\/p>\n<\/div>\n<div>\n<p>Cabe destacar que, si bien la esencia del <strong>perfume <\/strong>se mantiene fiel a su creaci\u00f3n original, el frasco cambi\u00f3 con los a\u00f1os. La versi\u00f3n que usaba <strong>Maradona <\/strong>ten\u00eda un dise\u00f1o distinto, con una estructura met\u00e1lica y una estrella en relieve, un detalle que gener\u00f3 confusi\u00f3n entre los fan\u00e1ticos al momento de identificarlos en registros audiovisuales.<\/p>\n<\/div>\n<p><br \/>\n<br \/><a href=\"https:\/\/www.clarin.com\/informacion-general\/perfume-preferido-diego-maradona-notas-dominantes-sale-ahora_0_tDfgWH6mx9.html\">Fuente Clarin.com <\/a><\/p>\n","protected":false},"excerpt":{"rendered":"<p>Diego Maradona dej\u00f3 una marca imborrable en el f\u00fatbol y, adem\u00e1s, marc\u00f3 tendencia con su estilo y personalidad. Cada prenda de vestir y accesorio que eleg\u00eda era parte de su imagen inconfundible. Entre esos elementos, un dato poco conocido es cu\u00e1l era su perfume preferido, una fragancia intensa que lo acompa\u00f1aba en su d\u00eda a [&hellip;]<\/p>\n","protected":false},"author":1,"featured_media":3351,"comment_status":"open","ping_status":"open","sticky":false,"template":"","format":"standard","meta":{"footnotes":""},"categories":[2],"tags":[1412,448,5366,5365,449,40],"class_list":["post-3350","post","type-post","status-publish","format-standard","has-post-thumbnail","hentry","category-ultimas-noticias","tag-ahora","tag-cuanto","tag-dominantes","tag-notas","tag-sale","tag-sus"],"_links":{"self":[{"href":"https:\/\/13.com.ar\/index.php\/wp-json\/wp\/v2\/posts\/3350","targetHints":{"allow":["GET"]}}],"collection":[{"href":"https:\/\/13.com.ar\/index.php\/wp-json\/wp\/v2\/posts"}],"about":[{"href":"https:\/\/13.com.ar\/index.php\/wp-json\/wp\/v2\/types\/post"}],"author":[{"embeddable":true,"href":"https:\/\/13.com.ar\/index.php\/wp-json\/wp\/v2\/users\/1"}],"replies":[{"embeddable":true,"href":"https:\/\/13.com.ar\/index.php\/wp-json\/wp\/v2\/comments?post=3350"}],"version-history":[{"count":0,"href":"https:\/\/13.com.ar\/index.php\/wp-json\/wp\/v2\/posts\/3350\/revisions"}],"wp:featuredmedia":[{"embeddable":true,"href":"https:\/\/13.com.ar\/index.php\/wp-json\/wp\/v2\/media\/3351"}],"wp:attachment":[{"href":"https:\/\/13.com.ar\/index.php\/wp-json\/wp\/v2\/media?parent=3350"}],"wp:term":[{"taxonomy":"category","embeddable":true,"href":"https:\/\/13.com.ar\/index.php\/wp-json\/wp\/v2\/categories?post=3350"},{"taxonomy":"post_tag","embeddable":true,"href":"https:\/\/13.com.ar\/index.php\/wp-json\/wp\/v2\/tags?post=3350"}],"curies":[{"name":"wp","href":"https:\/\/api.w.org\/{rel}","templated":true}]}}