{"id":3346,"date":"2025-02-09T18:09:03","date_gmt":"2025-02-09T21:09:03","guid":{"rendered":"https:\/\/13.com.ar\/index.php\/crece-el-malestar-en-las-filas-militares-por-la-baja-de-23-oficiales-condenados-por-crimenes-de-lesa-humanidad\/"},"modified":"2025-02-09T18:09:03","modified_gmt":"2025-02-09T21:09:03","slug":"crece-el-malestar-en-las-filas-militares-por-la-baja-de-23-oficiales-condenados-por-crimenes-de-lesa-humanidad","status":"publish","type":"post","link":"https:\/\/13.com.ar\/index.php\/crece-el-malestar-en-las-filas-militares-por-la-baja-de-23-oficiales-condenados-por-crimenes-de-lesa-humanidad\/","title":{"rendered":"Crece el malestar en las filas militares por la baja de 23 oficiales condenados por cr\u00edmenes de lesa humanidad"},"content":{"rendered":"<p> <br \/>\n<\/p>\n<div id=\"cuerpo\">\n<div class=\"sc-80531b6b-0 chRIGJ container-text text-embed\">\n<p>Se trata de un tema sensible en un a\u00f1o electoral en el que el oficialismo apuesta a engrosar sus bancas en el Congreso y a plebiscitar la gesti\u00f3n de<strong> Javier Mile<\/strong>i. Crece el malestar entre integrantes de la denominada &#8220;familia militar&#8221;, la que mayoritariamente vot\u00f3 en 2023 a la f\u00f3rmula que encabez\u00f3 el l\u00edder libertario con<strong> Victoria Villarruel<\/strong>, por la baja a 23 militares que ten\u00edan condenas firmes por cr\u00edmenes de lesa humanidad cometidos durante la \u00faltima dictadura<\/p>\n<\/div>\n<div class=\"sc-80531b6b-0 chRIGJ container-text text-embed\">\n<p>En las \u00faltimos d\u00edas crecieron las cr\u00edticas a las autoridades del ministerio de Defensa, encabezadas por<strong> Luis Petri<\/strong>, por la resoluci\u00f3n del 27 de enero que ordena la expulsi\u00f3n de los jefes militares &#8220;no por una decisi\u00f3n unilateral&#8221; de la cartera sino por una orden judicial emanada de una comunicaci\u00f3n de la Procuradur\u00eda de Investigaciones Administrativas (PIA) que, en verdad, reclamaba sanciones a uniformados con sentencias definitivas de la Armada y de la Fuerza A\u00e9rea.<\/p>\n<\/div>\n<div class=\"sc-80531b6b-0 chRIGJ container-text text-embed\">\n<p>Lo cierto es que, <strong>pese a esta aparente contradicci\u00f3n porque las bajas fueron enteramente del Ej\u00e9rcito<\/strong>, los cuestionamientos vinieron por parte de referentes como <strong>Cecilia Pando &#8211;<\/strong>calific\u00f3 la medida como <strong>&#8220;un grav\u00edsimo error&#8221;<\/strong>&#8211; hasta retirados que, por ejemplo, ya notificaron que el 14 de febrero no participar\u00e1n del homenaje al teniente<strong> H\u00e9ctor C\u00e1ceres<\/strong>, ultimado por la guerrilla del ERP en 1973 cuando participaba del denominado &#8220;Operativo Independencia&#8221; en Tucum\u00e1n.<\/p>\n<\/div>\n<div class=\"sc-80531b6b-0 chRIGJ container-text text-embed\">\n<p>Desde su inicio la administraci\u00f3n libertaria busc\u00f3 poner en relieve a las Fuerzas Armadas y es por ello que organiz\u00f3 actos para fechas aniversarios de distintos combates o recuperos de cuarteles que eran atacados por la subversi\u00f3n.<\/p>\n<\/div>\n<div class=\"sc-198be8ec-0 cynXbu image-embed  image-embed \"><picture class=\"sc-198be8ec-1 kOjRiQ\"><source media=\"(min-width: 975px)\" width=\"720\" height=\"480\" \/><img alt=\"Nuevos tanques el ejercito\" loading=\"lazy\" width=\"720\" height=\"480\" decoding=\"async\" data-nimg=\"1\" style=\"color:transparent\" src=\"https:\/\/13.com.ar\/wp-content\/uploads\/2025\/02\/Crece-el-malestar-en-las-filas-militares-por-la-baja.jpg\"\/><span class=\"epigraphe\">Nuevos tanques el ejercito<\/span><span class=\"bkg\"\/><span class=\"picture-open\"><button class=\"open-image\" aria-label=\"Open Image\"\/><\/span><\/picture><\/div>\n<div class=\"sc-80531b6b-0 chRIGJ container-text text-embed\">\n<p>El 23 de enero, no obstante, el ministro Petri s\u00f3lo hizo una salutaci\u00f3n en su cuenta de X al cumplirse 36 a\u00f1os del copamiento del Regimiento de la Tablada por parte del Movimiento Todos por la Patria. A diferencia de 2024, cuando hubo un acto que encabez\u00f3 Villarruel, en esta ocasi\u00f3n no hubo ning\u00fan encuentro protocolar encabezado por altos funcionarios<\/p>\n<\/div>\n<div class=\"sc-80531b6b-0 chRIGJ container-text text-embed\">\n<p>Tambi\u00e9n integrante de la &#8220;familiar militar&#8221; y con un estrecho v\u00ednculo con jefes del Ej\u00e9rcito y la Armada, la vicepresidenta opt\u00f3 por el silencio acerca del comunicado de Defensa del 28 de enero que anunci\u00f3 las bajas militares. <strong>En el entorno de la titular del Senado no contestaron la requisitoria de este diario sobre el tema.<\/strong><\/p>\n<\/div>\n<div class=\"sc-80531b6b-0 chRIGJ container-text text-embed\">\n<p><strong>Entre las bajas de Ej\u00e9rcito hay conocidos combatientes en la guerra de Malvinas<\/strong>, como el coronel retirado <strong>Horacio Losito<\/strong>. Se trata de un uniformado que estaba condenado a prisi\u00f3n perpetua por cr\u00edmenes de lea humanidad y quien una semana despu\u00e9s de la llegada de Milei a la Casa Rosada, recibi\u00f3 la libertad condicional. <\/p>\n<\/div>\n<div class=\"sc-80531b6b-0 chRIGJ container-text text-embed\">\n<p>&#8220;Me llamo un veterano de Malvinas y me dijo que cumplieron \u00f3rdenes cuando eran tenientes no generales y actuaron en situaci\u00f3n de conflicto armado. Ahora, adem\u00e1s, el requerimiento fue por parte de un fiscal (el titular de la PIA, Sergio Rodr\u00edguez), no de un juez&#8221;, indic\u00f3, por su parte, un funcionario militar consultado.<\/p>\n<\/div>\n<div class=\"sc-80531b6b-0 chRIGJ container-text text-embed\">\n<p>La controversia est\u00e1 dada en que se trata de sentencias ya conocidas e incluso el requerimiento de la Procurador\u00eda data de octubre pasado. En los pasillos del Edificio Libertador aducen que el ex viceministro <strong>Claudio Pasqualini<\/strong>, general retirado, demor\u00f3 su implementaci\u00f3n pero fueron los civiles que lo reemplazaron los que decidieron cumplir con la manda judicial.<\/p>\n<\/div>\n<div class=\"sc-80531b6b-0 chRIGJ container-text text-embed\">\n<p> Otras versiones dan cuenta de una supuesta interna en Defensa para intentar correr a las autoridades de esa cartera de la agenda de &#8220;la D\u00e9cada del \u00b470&#8221;.<\/p>\n<\/div>\n<div class=\"sc-80531b6b-0 chRIGJ container-text text-embed\">\n<p>Si bien resulta v\u00e1lido que Defensa d\u00e9 respuesta a una demanda de la Justicia, un grupo de retirados le factura a Petri que no ha reclamado para que tambi\u00e9n se cumplan los derechos legales de militares involucrados en causas de DDHH detenidos desde hace a\u00f1os con prisi\u00f3n preventiva..<\/p>\n<\/div>\n<div class=\"sc-80531b6b-0 chRIGJ container-text text-embed\">\n<p>La cuesti\u00f3n que las bajas de los retirados del Ej\u00e9rcito -a las que en marzo se podr\u00edan sumar los casos de otros pares de la Armada y la Fuerza A\u00e9rea- resultar\u00eda una medida &#8220;deshonrosa&#8221; para referentes de las distintas armas.<\/p>\n<\/div>\n<div class=\"sc-80531b6b-0 chRIGJ container-text text-embed\">\n<p>Es que, a diferencia de los militares que pasan a retiro, que cesan en sus obligaciones pero mantienen su grado y estado militar, los que son dados de baja ya no forman parte de las FFAA. De hecho, dejan de cobrar la pensi\u00f3n que les corresponde por el servicio prestado a la Naci\u00f3n, que pasan a ser transferidas a sus esposas. <strong>&#8220;El problema surge en aquellos que queden viudos. Quedar\u00e1n en la intemperie&#8221;, <\/strong>se lamentaron las fuentes castrenses consultadas.<\/p>\n<\/div>\n<div class=\"sc-80531b6b-0 chRIGJ container-text text-embed\">\n<p>Por otra parte, <strong>el jueves pasado la cartera conducida por el dirigente mendocino anunci\u00f3 un aumento del 5% para los ingresos de los militares <\/strong>pocas horas despu\u00e9s que sea notificado el mismo porcentaje de incremento en los haberes de las fuerzas que dependen del ministerio de Seguridad<strong>.<\/strong> &#8220;Fue en respuesta al anunci\u00f3 de (Patricia) <strong>Bullrich. <\/strong>Pero seguimos un 30% por debajo de lo que ganan gendarmes y prefectos. Este gobierno anul\u00f3 las \u00faltimas dos cuotas de la jerarquizaci\u00f3n que hab\u00eda ordenado el kirchnerismo&#8221;, acot\u00f3 la calificada fuente consultada.<\/p>\n<\/div>\n<div class=\"sc-80531b6b-0 chRIGJ container-text text-embed\">\n<p>El malhumor por el tema ingresos se produce en momentos que Defensa insiste con el traslado de militares para custodiar las fronteras y objetivos estrat\u00e9gicos. La semana pasada Petri anunci\u00f3 con su par paraguayo el env\u00edo de uniformados de ambas naciones para &#8220;frenar el crimen organizado&#8221;. Las cr\u00edticas castrenses no s\u00f3lo tienen que ver conque estas tareas corresponden a las fuerzas de seguridad sino que tambi\u00e9n los efectivos quedar\u00edan desprotegidos legalmente en caso tuvieran que participar de una acci\u00f3n armada.<\/p>\n<\/div>\n<\/div>\n<p><br \/>\n<br \/><a href=\"https:\/\/www.clarin.com\/politica\/crece-malestar-filas-militares-baja-23-oficiales-condenados-crimenes-lesa-humanidad_0_x2CoFqfAps.html\">Fuente Clarin.com <\/a><\/p>\n","protected":false},"excerpt":{"rendered":"<p>Se trata de un tema sensible en un a\u00f1o electoral en el que el oficialismo apuesta a engrosar sus bancas en el Congreso y a plebiscitar la gesti\u00f3n de Javier Milei. Crece el malestar entre integrantes de la denominada &#8220;familia militar&#8221;, la que mayoritariamente vot\u00f3 en 2023 a la f\u00f3rmula que encabez\u00f3 el l\u00edder libertario [&hellip;]<\/p>\n","protected":false},"author":1,"featured_media":3347,"comment_status":"open","ping_status":"open","sticky":false,"template":"","format":"standard","meta":{"footnotes":""},"categories":[2],"tags":[524,1794,42,3391,5360,1191,48,1190,4552,1187,5361,142],"class_list":["post-3346","post","type-post","status-publish","format-standard","has-post-thumbnail","hentry","category-ultimas-noticias","tag-baja","tag-condenados","tag-crece","tag-crimenes","tag-filas","tag-humanidad","tag-las","tag-lesa","tag-malestar","tag-militares","tag-oficiales","tag-por"],"_links":{"self":[{"href":"https:\/\/13.com.ar\/index.php\/wp-json\/wp\/v2\/posts\/3346","targetHints":{"allow":["GET"]}}],"collection":[{"href":"https:\/\/13.com.ar\/index.php\/wp-json\/wp\/v2\/posts"}],"about":[{"href":"https:\/\/13.com.ar\/index.php\/wp-json\/wp\/v2\/types\/post"}],"author":[{"embeddable":true,"href":"https:\/\/13.com.ar\/index.php\/wp-json\/wp\/v2\/users\/1"}],"replies":[{"embeddable":true,"href":"https:\/\/13.com.ar\/index.php\/wp-json\/wp\/v2\/comments?post=3346"}],"version-history":[{"count":0,"href":"https:\/\/13.com.ar\/index.php\/wp-json\/wp\/v2\/posts\/3346\/revisions"}],"wp:featuredmedia":[{"embeddable":true,"href":"https:\/\/13.com.ar\/index.php\/wp-json\/wp\/v2\/media\/3347"}],"wp:attachment":[{"href":"https:\/\/13.com.ar\/index.php\/wp-json\/wp\/v2\/media?parent=3346"}],"wp:term":[{"taxonomy":"category","embeddable":true,"href":"https:\/\/13.com.ar\/index.php\/wp-json\/wp\/v2\/categories?post=3346"},{"taxonomy":"post_tag","embeddable":true,"href":"https:\/\/13.com.ar\/index.php\/wp-json\/wp\/v2\/tags?post=3346"}],"curies":[{"name":"wp","href":"https:\/\/api.w.org\/{rel}","templated":true}]}}