{"id":3344,"date":"2025-02-09T18:05:57","date_gmt":"2025-02-09T21:05:57","guid":{"rendered":"https:\/\/13.com.ar\/index.php\/israel-se-retiro-del-corredor-que-divide-gaza-como-parte-de-la-tregua-con-hamas\/"},"modified":"2025-02-09T18:05:57","modified_gmt":"2025-02-09T21:05:57","slug":"israel-se-retiro-del-corredor-que-divide-gaza-como-parte-de-la-tregua-con-hamas","status":"publish","type":"post","link":"https:\/\/13.com.ar\/index.php\/israel-se-retiro-del-corredor-que-divide-gaza-como-parte-de-la-tregua-con-hamas\/","title":{"rendered":"Israel se retir\u00f3 del corredor que divide Gaza como parte de la tregua con Hamas"},"content":{"rendered":"<p> <br \/>\n<br \/><img decoding=\"async\" src=\"https:\/\/13.com.ar\/wp-content\/uploads\/2025\/02\/Israel-se-retiro-del-corredor-que-divide-Gaza-como-parte.jpg\" \/><\/p>\n<div>\n<p><strong>El ej\u00e9rcito israel\u00ed se retir\u00f3 este domingo del llamado corredor Netzarim<\/strong>, que divid\u00eda en dos la Franja de Gaza e imped\u00eda que los desplazados regresaran al norte, como parte de la tregua en ese enclave palestino acordada con el grupo terrorista Hamas.<\/p>\n<\/div>\n<div>\n<p>Tan pronto como se anunci\u00f3 la retirada, <strong>se formaron interminables colas de autom\u00f3viles, <\/strong>camiones y carretas sobrecargadas que circulaban en ambas direcciones, en medio de un paisaje de ruinas.<\/p>\n<\/div>\n<div>\n<p>El corredor Netzarim era una franja de tierra establecida por Israel que divid\u00eda el enclave palestino en dos partes, norte y sur, y que hasta ahora estaba militarizada por el ej\u00e9rcito israel\u00ed.<\/p>\n<\/div>\n<div>\n<p>Seg\u00fan un responsable de Hamas, la retirada de Netzarim <strong>es parte de la tregua <\/strong>que entr\u00f3 en vigor el 19 de enero, despu\u00e9s de m\u00e1s de 15 meses de conflicto.<\/p>\n<\/div>\n<div>\n<p>La guerra comenz\u00f3 con el ataque terrorista de Hamas el 7 de octubre de 2023, que dej\u00f3 1.210 muertos del lado israel\u00ed, en su mayor\u00eda civiles. Hamas tom\u00f3 251 rehenes en Gaza, de las cuales 73 permanecen en el territorio, incluidas 34 que habr\u00edan fallecido, seg\u00fan el ej\u00e9rcito israel\u00ed. La represalia israel\u00ed caus\u00f3 al menos 48.181 muertos en Gaza, seg\u00fan el Ministerio de la Salud de Hamas.<\/p>\n<\/div>\n<div>\n<p>En base al acuerdo de alto el fuego, Israel y Hamas <strong>han llevado a cabo varios canjes de rehenes israel\u00edes por prisioneros palestinos.<\/strong> El quinto tuvo lugar el s\u00e1bado pasado y permiti\u00f3 liberar a tres rehenes israel\u00edes cautivos desde el 7 de octubre y 183 detenidos palestinos.<\/p>\n<\/div>\n<div>\n<p>Tras la entrega, el primer ministro israel\u00ed, Benjamin Netanyahu, <strong>calific\u00f3 de \u201cmonstruos\u201d a los miembros de Hamas<\/strong> por el aspecto demacrado que ten\u00edan los rehenes. Seg\u00fan el hospital que los atendi\u00f3, dos de ellos, Or Levy y Eli Sharabi, se encontraban en \u201cmal estado de salud\u201d mientras que el tercero, Ohad Ben Ami, sufr\u00eda problemas nutricionales \u201cseveros\u201d. Hamas denunci\u00f3 por su parte el \u201casesinato a fuego lento\u201d de los detenidos palestinos en c\u00e1rceles israel\u00edes, tras la hospitalizaci\u00f3n de siete de los reci\u00e9n liberados.<\/p>\n<\/div>\n<div>\n<p>Tras este canje se espera que empiece la pr\u00f3xima fase del alto el fuego que deber\u00eda permitir poner fin al conflicto de manera permanente. <strong>Pero el futuro del territorio palestino es m\u00e1s incierto <\/strong>que nunca despu\u00e9s de que el presidente Donald Trump sugiriera la \u00faltima semana que EE.UU. deber\u00eda \u201ctomar el control\u201d de la Franja y desplazar a sus habitantes, una idea que despert\u00f3 el repudio global porque viola la ley y los derechos palestinos.<\/p>\n<\/div>\n<div>\n<p>En una entrevista con la cadena Fox News el s\u00e1bado, Netanyahu elogi\u00f3 la idea de Trump y dijo que Israel est\u00e1 dispuesto a \u201chacer el trabajo\u201d.<\/p>\n<\/div>\n<p><br \/>\n<br \/><a href=\"https:\/\/www.clarin.com\/mundo\/guerra-oriente-medio-israel-retiro-corredor-divide-gaza-parte-tregua-hamas_0_LVVXMOXk6H.html\">Fuente Clarin.com <\/a><\/p>\n","protected":false},"excerpt":{"rendered":"<p>El ej\u00e9rcito israel\u00ed se retir\u00f3 este domingo del llamado corredor Netzarim, que divid\u00eda en dos la Franja de Gaza e imped\u00eda que los desplazados regresaran al norte, como parte de la tregua en ese enclave palestino acordada con el grupo terrorista Hamas. Tan pronto como se anunci\u00f3 la retirada, se formaron interminables colas de autom\u00f3viles, [&hellip;]<\/p>\n","protected":false},"author":1,"featured_media":3345,"comment_status":"open","ping_status":"open","sticky":false,"template":"","format":"standard","meta":{"footnotes":""},"categories":[2],"tags":[66,18,2163,100,5359,1542,1461,22,1647,3939,3039],"class_list":["post-3344","post","type-post","status-publish","format-standard","has-post-thumbnail","hentry","category-ultimas-noticias","tag-como","tag-con","tag-corredor","tag-del","tag-divide","tag-gaza","tag-hamas","tag-israel","tag-parte","tag-retiro","tag-tregua"],"_links":{"self":[{"href":"https:\/\/13.com.ar\/index.php\/wp-json\/wp\/v2\/posts\/3344","targetHints":{"allow":["GET"]}}],"collection":[{"href":"https:\/\/13.com.ar\/index.php\/wp-json\/wp\/v2\/posts"}],"about":[{"href":"https:\/\/13.com.ar\/index.php\/wp-json\/wp\/v2\/types\/post"}],"author":[{"embeddable":true,"href":"https:\/\/13.com.ar\/index.php\/wp-json\/wp\/v2\/users\/1"}],"replies":[{"embeddable":true,"href":"https:\/\/13.com.ar\/index.php\/wp-json\/wp\/v2\/comments?post=3344"}],"version-history":[{"count":0,"href":"https:\/\/13.com.ar\/index.php\/wp-json\/wp\/v2\/posts\/3344\/revisions"}],"wp:featuredmedia":[{"embeddable":true,"href":"https:\/\/13.com.ar\/index.php\/wp-json\/wp\/v2\/media\/3345"}],"wp:attachment":[{"href":"https:\/\/13.com.ar\/index.php\/wp-json\/wp\/v2\/media?parent=3344"}],"wp:term":[{"taxonomy":"category","embeddable":true,"href":"https:\/\/13.com.ar\/index.php\/wp-json\/wp\/v2\/categories?post=3344"},{"taxonomy":"post_tag","embeddable":true,"href":"https:\/\/13.com.ar\/index.php\/wp-json\/wp\/v2\/tags?post=3344"}],"curies":[{"name":"wp","href":"https:\/\/api.w.org\/{rel}","templated":true}]}}