{"id":3342,"date":"2025-02-09T17:17:34","date_gmt":"2025-02-09T20:17:34","guid":{"rendered":"https:\/\/13.com.ar\/index.php\/condenado-el-ex-presidente-nicolas-sarkozy-ya-usa-un-brazalete-electronico\/"},"modified":"2025-02-09T17:17:34","modified_gmt":"2025-02-09T20:17:34","slug":"condenado-el-ex-presidente-nicolas-sarkozy-ya-usa-un-brazalete-electronico","status":"publish","type":"post","link":"https:\/\/13.com.ar\/index.php\/condenado-el-ex-presidente-nicolas-sarkozy-ya-usa-un-brazalete-electronico\/","title":{"rendered":"condenado, el ex presidente Nicolas Sarkozy ya usa un brazalete electr\u00f3nico"},"content":{"rendered":"<p> <br \/>\n<br \/><img decoding=\"async\" src=\"https:\/\/13.com.ar\/wp-content\/uploads\/2025\/02\/condenado-el-ex-presidente-Nicolas-Sarkozy-ya-usa-un-brazalete.jpg\" \/><\/p>\n<div>\n<p>El expresidente franc\u00e9s <strong>Nicolas Sarkozy<\/strong> anunci\u00f3 este s\u00e1bado que detiene sus actividades p\u00fablicas y que no se expresar\u00e1 en los medios de comunicaci\u00f3n, <strong>despu\u00e9s de que el viernes se le colocara un brazalete electr\u00f3nico.<\/strong><\/p>\n<\/div>\n<div>\n<p>&#8220;He decidido poner en par\u00e9ntesis mis actividades p\u00fablicas de antiguo presidente&#8221;, afirm\u00f3 Sarkozy en un mensaje en la red social X en el que tambi\u00e9n dijo que <strong>va a &#8220;renunciar a cualquier expresi\u00f3n medi\u00e1tica&#8221;.<\/strong><\/p>\n<\/div>\n<div>\n<p>En cuanto al resto de su actividad, dijo que <strong>seguir\u00e1 ejerciendo su vida profesional<\/strong> &#8220;seg\u00fan se me ha otorgado el derecho de hacerlo&#8221;.<\/p>\n<\/div>\n<div>\n<p>El anuncio se produjo despu\u00e9s de que el viernes se le coloc\u00f3 un brazalete electr\u00f3nico, en cumplimiento de la pena de un a\u00f1o de arresto domiciliario al que lo sentenci\u00f3 el Tribunal Supremo a finales del a\u00f1o pasado por corrupci\u00f3n y tr\u00e1fico de influencias.<\/p>\n<\/div>\n<div>\n<p>&#8220;La pena pronunciada ha sido aplicada. No hubo ni sorpresa ni novedad&#8221;, reconoci\u00f3.<\/p>\n<\/div>\n<div>\n<p>El expresidente, de 70 a\u00f1os,<strong> solo podr\u00e1 estar fuera de su domicilio durante 12 horas al d\u00eda<\/strong> -de las 8 a las 20 horas-, menos las jornadas en las que tiene otros compromisos judiciales por el proceso en el que est\u00e1 implicado sobre la financiaci\u00f3n de su campa\u00f1a electoral de 2007 por parte del r\u00e9gimen libio de Muamar Gadafi.<\/p>\n<\/div>\n<div>\n<p>Sarkozy anunci\u00f3 que ha preparado un recurso ante el Tribunal Europeo de Derechos Humanos, que &#8220;ser\u00e1 presentado antes de final de mes&#8221; por esa condena.<\/p>\n<\/div>\n<div>\n<p>El conservador Sarkozy, que presidi\u00f3 Francia entre 2007 y 2012, <strong>se convirti\u00f3 en el primer expresidente en ser condenado formalmente en un tribunal de Justicia.<\/strong><\/p>\n<\/div>\n<div>\n<p>Adem\u00e1s, ha sido condenado en apelaci\u00f3n a un a\u00f1o de c\u00e1rcel, la mitad exento, <strong>por financiaci\u00f3n ilegal de la campa\u00f1a electoral de 2012<\/strong>, que perdi\u00f3 frente al socialista Fran\u00e7ois Hollande, condena que est\u00e1 apelada ante el Supremo.<\/p>\n<\/div>\n<div>\n<p>Finalmente, Sarkozy y otros acusados est\u00e1n siendo juzgados actualmente en otro proceso por la presunta financiaci\u00f3n irregular por parte del r\u00e9gimen libio de Muamar Gadafi de la campa\u00f1a electoral de 2007 que lo llev\u00f3 a la Presidencia, un proceso que comenz\u00f3 en enero y concluir\u00e1 en abril.<\/p>\n<\/div>\n<div>\n<p>Si es declarado culpable, <strong>el expresidente podr\u00eda recibir una pena de hasta diez a\u00f1os de c\u00e1rcel.<\/strong><\/p>\n<\/div>\n<p><br \/>\n<br \/><a href=\"https:\/\/www.clarin.com\/mundo\/francia-condenado-ex-presidente-nicolas-sarkozy-usa-brazalete-electronico_0_ak0MMu8ljq.html\">Fuente Clarin.com <\/a><\/p>\n","protected":false},"excerpt":{"rendered":"<p>El expresidente franc\u00e9s Nicolas Sarkozy anunci\u00f3 este s\u00e1bado que detiene sus actividades p\u00fablicas y que no se expresar\u00e1 en los medios de comunicaci\u00f3n, despu\u00e9s de que el viernes se le colocara un brazalete electr\u00f3nico. &#8220;He decidido poner en par\u00e9ntesis mis actividades p\u00fablicas de antiguo presidente&#8221;, afirm\u00f3 Sarkozy en un mensaje en la red social X [&hellip;]<\/p>\n","protected":false},"author":1,"featured_media":3343,"comment_status":"open","ping_status":"open","sticky":false,"template":"","format":"standard","meta":{"footnotes":""},"categories":[2],"tags":[5357,5355,5358,1692,135,5356,763],"class_list":["post-3342","post","type-post","status-publish","format-standard","has-post-thumbnail","hentry","category-ultimas-noticias","tag-brazalete","tag-condenado","tag-electronico","tag-nicolas","tag-presidente","tag-sarkozy","tag-usa"],"_links":{"self":[{"href":"https:\/\/13.com.ar\/index.php\/wp-json\/wp\/v2\/posts\/3342","targetHints":{"allow":["GET"]}}],"collection":[{"href":"https:\/\/13.com.ar\/index.php\/wp-json\/wp\/v2\/posts"}],"about":[{"href":"https:\/\/13.com.ar\/index.php\/wp-json\/wp\/v2\/types\/post"}],"author":[{"embeddable":true,"href":"https:\/\/13.com.ar\/index.php\/wp-json\/wp\/v2\/users\/1"}],"replies":[{"embeddable":true,"href":"https:\/\/13.com.ar\/index.php\/wp-json\/wp\/v2\/comments?post=3342"}],"version-history":[{"count":0,"href":"https:\/\/13.com.ar\/index.php\/wp-json\/wp\/v2\/posts\/3342\/revisions"}],"wp:featuredmedia":[{"embeddable":true,"href":"https:\/\/13.com.ar\/index.php\/wp-json\/wp\/v2\/media\/3343"}],"wp:attachment":[{"href":"https:\/\/13.com.ar\/index.php\/wp-json\/wp\/v2\/media?parent=3342"}],"wp:term":[{"taxonomy":"category","embeddable":true,"href":"https:\/\/13.com.ar\/index.php\/wp-json\/wp\/v2\/categories?post=3342"},{"taxonomy":"post_tag","embeddable":true,"href":"https:\/\/13.com.ar\/index.php\/wp-json\/wp\/v2\/tags?post=3342"}],"curies":[{"name":"wp","href":"https:\/\/api.w.org\/{rel}","templated":true}]}}