{"id":3340,"date":"2025-02-09T17:14:53","date_gmt":"2025-02-09T20:14:53","guid":{"rendered":"https:\/\/13.com.ar\/index.php\/dibu-avanzo-con-aston-villa-en-la-fa-cup-y-alejandro-logro-su-primer-triunfo-en-el-tc-pista-mouras\/"},"modified":"2025-02-09T17:14:53","modified_gmt":"2025-02-09T20:14:53","slug":"dibu-avanzo-con-aston-villa-en-la-fa-cup-y-alejandro-logro-su-primer-triunfo-en-el-tc-pista-mouras","status":"publish","type":"post","link":"https:\/\/13.com.ar\/index.php\/dibu-avanzo-con-aston-villa-en-la-fa-cup-y-alejandro-logro-su-primer-triunfo-en-el-tc-pista-mouras\/","title":{"rendered":"Dibu avanz\u00f3 con Aston Villa en la FA Cup y Alejandro logr\u00f3 su primer triunfo en el TC Pista Mouras"},"content":{"rendered":"<p> <br \/>\n<br \/><img decoding=\"async\" src=\"https:\/\/13.com.ar\/wp-content\/uploads\/2025\/02\/Dibu-avanzo-con-Aston-Villa-en-la-FA-Cup-y.jpg\" \/><\/p>\n<div id=\"cuerpo\">\n<div class=\"sc-80531b6b-0 chRIGJ container-text text-embed\">\n<p>Los <strong>Mart\u00ednez<\/strong> de Mar del Plata tuvieron un domingo redondo gracias a los dos hermanos deportistas. Es que <strong>Emiliano<\/strong>, m\u00e1s conocido como <strong><em>Dibu <\/em><\/strong>y el m\u00e1s famoso de todos, celebr\u00f3 con <strong>Aston Villa<\/strong> la clasificaci\u00f3n para los octavos de final de la <strong>FA Cup<\/strong>, el torneo m\u00e1s a\u00f1ejo del mundo. Fue un rato despu\u00e9s de que la familia celebrara por obra y gracia de <strong>Alejandro<\/strong>, quien este domingo gan\u00f3 la final de la segunda prueba del a\u00f1o del T<strong>C Pistas Mouras<\/strong>, que se corri\u00f3 el aut\u00f3dromo Roberto Mouras de La Plata, para conseguir <strong>su bautismo en un podio y su primera victoria en la categor\u00eda<\/strong>. Pero mejor ir por partes. Y cronol\u00f3gicamente.<\/p>\n<\/div>\n<div class=\"sc-80531b6b-0 chRIGJ container-text text-embed\">\n<p>Alejandro Mart\u00ednez, a bordo de un <strong>Ford<\/strong>, estuvo impecable y cronometr\u00f3 las vueltas de velocidad en 19m37s019 para ser el primero en ver la bandera a cuadros.Su escolta fue<strong> Nicol\u00e1s Jaime <\/strong>a 692 mil\u00e9simas, despu\u00e9s de haber partido desde la pole, mientras que el tercer puesto qued\u00f3 en manos de <strong>Juan Pablo Alberti<\/strong>, que cruz\u00f3 la meta a 5s058 tras sufrir una rotura en la caja.<\/p>\n<\/div>\n<div class=\"sc-80531b6b-0 chRIGJ container-text text-embed\">\n<p>&#8220;Ten\u00eda incertidumbre en las primeras dos vueltas porque la puesta a punto del auto hab\u00eda causado que estaba muy inestable. Lo vieron en la serie, casi lo pierdo dos veces. Hab\u00edamos hecho unos cambios, el ritmo del auto fue impecable todas las vueltas\u201d, analiz\u00f3 un Mart\u00ednez s\u00faper feliz. Y sigui\u00f3: \u201cNo hay que bajar los brazos. Vinimos a eso, pelear el campeonato es el objetivo m\u00edo, del equipo y de todos\u201d.<\/p>\n<\/div>\n<div class=\"sc-80531b6b-0 chRIGJ container-text text-embed\">\n<p><strong>Y enseguida habl\u00f3 sobre la banca de Dibu.<\/strong> \u201c\u00c9l es una estrella mundial pero no deja de ser un hermano para m\u00ed, mi hermano menor. Estamos todo el d\u00eda hablando, \u00e9l comparte su pasi\u00f3n y yo tengo la m\u00eda, la compartimos juntos. Como todo hermano se disfruta y espero que lo est\u00e9 disfrutando conmigo en este momento\u201d, remarc\u00f3.<\/p>\n<\/div>\n<div class=\"sc-80531b6b-0 chRIGJ container-text text-embed\">\n<p>Mientras Alejandro no sacaba el pie del acelerador, <strong>Emiliano se aprestaba a saltar a la cancha del Villa Park para jugar contra Tottenham<\/strong>, por la cuarta ronda de la FA Cup. Y, a pesar de que no pudo mantener la valla invicta por culpa del gol del delantero franc\u00e9s Mathys Tel en tiempo cumplido, tambi\u00e9n se fue con una gran sonrisa que complet\u00f3 el combo de alegr\u00edas para los Mart\u00ednez.<\/p>\n<\/div>\n<div class=\"sc-80531b6b-0 chRIGJ container-text text-embed\">\n<p>Es que los <em>Villanos <\/em>vencieron por 2-1 a Tottenham en un partido en el que debutaron sus fichajes estelares del mercado de enero, Marco Asensio y Marcus Rashford.<\/p>\n<\/div>\n<div class=\"sc-80531b6b-0 chRIGJ container-text text-embed\">\n<p>Se aprovecharon del mal momento de los Spurs, que sufrieron un nuevo golpe en una temporada demasiado agitada. Son 14\u00ba en la Premier League y est\u00e1n eliminados en las dos copas nacionales, por lo que solo les queda la Liga Europa para intentar levantar un trofeo esta temporada.<\/p>\n<\/div>\n<div class=\"sc-80531b6b-0 chRIGJ container-text text-embed\">\n<p>Este domingo s\u00f3lo aguantaron 60 segundos sin recibir goles luego de la aparici\u00f3n de Jacob Ramsey tras capitalizar un tempranero error de <strong>Antonin Kinsky<\/strong>.<\/p>\n<\/div>\n<div class=\"sc-80531b6b-0 chRIGJ container-text text-embed\">\n<p>El arquero checo, que lleg\u00f3 en enero, fue protagonista de dos atajadas espectaculares en el segundo tiempo pero no pudo evitar el 2-0, obra de <strong>Morgan Rogers<\/strong>, a los 19 minutos.<\/p>\n<\/div>\n<div class=\"sc-80531b6b-0 chRIGJ container-text text-embed\">\n<p>Con esta ventaja, el DT de Aston Villa, <strong>Unai Emery<\/strong>, les dio pista a Asensio, cedido por el PSG, y Rashford, prestado por el Manchester United. Este \u00faltimo no jugaba desde el 12 de diciembre, apartado por el portugu\u00e9s <strong>Ruben Amorim<\/strong> debido a que consideraba insuficiente su trabajo en los entrenamientos.<\/p>\n<\/div>\n<div class=\"sc-80531b6b-0 chRIGJ container-text text-embed\">\n<p>Rashford no acus\u00f3 la falta de ritmo y dej\u00f3 buenas sensaciones en su estreno con el Villa. Y ayud\u00f3 para que el fin de semana de los Mart\u00ednez fuera inolvidable.<\/p>\n<\/div>\n<p><h2>El resumen de Aston Villa vs Tottenham por la FA Cu<\/h2>\n<\/p>\n<p><iframe loading=\"lazy\" width=\"640\" height=\"360\" src=\"https:\/\/www.espn.com.ar\/core\/video\/iframe\/_\/id\/14776806\/endcard\/false\" allowfullscreen=\"\" frameborder=\"0\"><\/iframe><\/p>\n<\/div>\n<p><br \/>\n<br \/><a href=\"https:\/\/www.clarin.com\/deportes\/dia-redondo-hermanos-martinez-dibu-avanzo-aston-villa-fa-cup-alejandro-logro-primer-triunfo-tc-pista-mouras_0_SXEnoEs0QT.html\">Fuente Clarin.com <\/a><\/p>\n","protected":false},"excerpt":{"rendered":"<p>Los Mart\u00ednez de Mar del Plata tuvieron un domingo redondo gracias a los dos hermanos deportistas. Es que Emiliano, m\u00e1s conocido como Dibu y el m\u00e1s famoso de todos, celebr\u00f3 con Aston Villa la clasificaci\u00f3n para los octavos de final de la FA Cup, el torneo m\u00e1s a\u00f1ejo del mundo. Fue un rato despu\u00e9s de [&hellip;]<\/p>\n","protected":false},"author":1,"featured_media":3341,"comment_status":"open","ping_status":"open","sticky":false,"template":"","format":"standard","meta":{"footnotes":""},"categories":[2],"tags":[4627,2730,5352,18,5353,2727,1764,5354,2149,195,2027,2131],"class_list":["post-3340","post","type-post","status-publish","format-standard","has-post-thumbnail","hentry","category-ultimas-noticias","tag-alejandro","tag-aston","tag-avanzo","tag-con","tag-cup","tag-dibu","tag-logro","tag-mouras","tag-pista","tag-primer","tag-triunfo","tag-villa"],"_links":{"self":[{"href":"https:\/\/13.com.ar\/index.php\/wp-json\/wp\/v2\/posts\/3340","targetHints":{"allow":["GET"]}}],"collection":[{"href":"https:\/\/13.com.ar\/index.php\/wp-json\/wp\/v2\/posts"}],"about":[{"href":"https:\/\/13.com.ar\/index.php\/wp-json\/wp\/v2\/types\/post"}],"author":[{"embeddable":true,"href":"https:\/\/13.com.ar\/index.php\/wp-json\/wp\/v2\/users\/1"}],"replies":[{"embeddable":true,"href":"https:\/\/13.com.ar\/index.php\/wp-json\/wp\/v2\/comments?post=3340"}],"version-history":[{"count":0,"href":"https:\/\/13.com.ar\/index.php\/wp-json\/wp\/v2\/posts\/3340\/revisions"}],"wp:featuredmedia":[{"embeddable":true,"href":"https:\/\/13.com.ar\/index.php\/wp-json\/wp\/v2\/media\/3341"}],"wp:attachment":[{"href":"https:\/\/13.com.ar\/index.php\/wp-json\/wp\/v2\/media?parent=3340"}],"wp:term":[{"taxonomy":"category","embeddable":true,"href":"https:\/\/13.com.ar\/index.php\/wp-json\/wp\/v2\/categories?post=3340"},{"taxonomy":"post_tag","embeddable":true,"href":"https:\/\/13.com.ar\/index.php\/wp-json\/wp\/v2\/tags?post=3340"}],"curies":[{"name":"wp","href":"https:\/\/api.w.org\/{rel}","templated":true}]}}