{"id":3338,"date":"2025-02-09T17:02:04","date_gmt":"2025-02-09T20:02:04","guid":{"rendered":"https:\/\/13.com.ar\/index.php\/valentin-barco-gano-su-primer-partido-en-el-racing-de-estrasburgo-y-recibio-una-ovacion-inolvidable-en-francia\/"},"modified":"2025-02-09T17:02:04","modified_gmt":"2025-02-09T20:02:04","slug":"valentin-barco-gano-su-primer-partido-en-el-racing-de-estrasburgo-y-recibio-una-ovacion-inolvidable-en-francia","status":"publish","type":"post","link":"https:\/\/13.com.ar\/index.php\/valentin-barco-gano-su-primer-partido-en-el-racing-de-estrasburgo-y-recibio-una-ovacion-inolvidable-en-francia\/","title":{"rendered":"Valent\u00edn Barco gan\u00f3 su primer partido en el Racing de Estrasburgo y recibi\u00f3 una ovaci\u00f3n inolvidable en Francia"},"content":{"rendered":"<p> <br \/>\n<br \/><img decoding=\"async\" src=\"https:\/\/13.com.ar\/wp-content\/uploads\/2025\/02\/Valentin-Barco-gano-su-primer-partido-en-el-Racing-de.jpg\" \/><\/p>\n<div>\n<p>Un par de d\u00edas despu\u00e9s de haber tenido un debut para el olvido con la eliminaci\u00f3n en la Copa de Francia, <strong>Valent\u00edn Barco recibi\u00f3 una inyecci\u00f3n de confianza<\/strong>. No solo por el triunfo de su equipo <strong>Racing de Estrasburgo<\/strong>, sino porque el argentino de 20 a\u00f1os fue ovacionado por los hinchas al salir reemplazado en el 2-0 ante el <strong>Montpellier<\/strong>, el \u00faltimo de la <strong>Ligue 1 <\/strong>de <strong>Francia<\/strong>.<\/p>\n<\/div>\n<div>\n<p>Estuvo 75 minutos en cancha el &#8216;Colo&#8217;, que se desempe\u00f1\u00f3 como carrilero por la izquierda y no tuvo implicancia directa en los tantos de Racing, que fueron convertidos por Emanuel Emegha y Sebastian Nanasi, uno en cada tiempo.<\/p>\n<\/div>\n<div>\n<p>Cuando el entrenador ingl\u00e9s Liam Rosenior dispuso que deje el campo de juego por Gu\u00e9la Dou\u00e9, sus propios compa\u00f1eros empezaron a aplaudir para arengar a los hinchas, que dieron continuidad.<\/p>\n<\/div>\n<div>\n<p>Barco busca su lugar en Europa, despu\u00e9s de aquella temprana salida de Boca hace un a\u00f1o, por la cl\u00e1usula de rescisi\u00f3n, al Brighton de Inglaterra, donde jug\u00f3 un pu\u00f1ado de partidos hasta pasar a pr\u00e9stamo al Sevilla de Espa\u00f1a. El traspaso m\u00e1s reciente se dio en esta ventana de transferencias de enero, donde el conjunto de Francia acord\u00f3 con Brighton un pr\u00e9stamo por seis meses, con obligaci\u00f3n de compra por 10.000.000 de euros. <\/p>\n<\/div>\n<div>\n<p>\u00bfEl objetivo? Ser titular y poder asentarse definitivamente en el f\u00fatbol del Viejo Continente, como busca hacerlo desde hace poco m\u00e1s de un a\u00f1o. Este domingo, entonces, tuvo su primera vez en el once inicial en el elenco con sede en el extremo este del pa\u00eds, ciudad que comparte frontera con Alemania.<\/p>\n<\/div>\n<div>\n<p>El Lyon se reencontr\u00f3 con el triunfo, acentu\u00f3 la crisis del Reims (4-0) y alcanz\u00f3 un puesto europeo en la fecha 22 de la Ligue 1. El cuadro del portugu\u00e9s Paulo Fonseca llevaba cuatro encuentros sin ganar en el campeonato local y siete en total entre todas las competiciones. Sin embargo, encontr\u00f3 el camino de la victoria que no consegu\u00eda desde el pasado 4 de enero, ante el Montpellier, pasada la media hora, con el gol del argentino <strong>Nicol\u00e1s Tagliafico <\/strong>a pase de Corentin Tolisso que hizo el segundo, gracias a una asistencia de Cherki.<\/p>\n<\/div>\n<div>\n<p>Hab\u00eda empezado a engrasar su maquinaria el cuadro local. Despert\u00f3 Cherki que hizo el tercero en el 79, a pase de Malick Fofana, y en el descuento, asisti\u00f3 al georgiano Georges Mikautadze que sell\u00f3 la goleada.<\/p>\n<\/div>\n<div>\n<p>El Lyon se sit\u00faa en puestos europeos. Es sexto a dos puntos del quinto, el Lille, y a cuatro del M\u00f3naco, cuarto, que marca la zona de Liga de Campeones.<\/p>\n<\/div>\n<div>\n<p>El Reims que sum\u00f3 su d\u00e9cimo encuentro sin ganar queda decimocuarto, a cuatro del descenso.<\/p>\n<\/div>\n<p><br \/>\n<br \/><a href=\"https:\/\/www.clarin.com\/deportes\/valentin-barco-gano-primer-partido-racing-estrasburgo-recibio-ovacion-inolvidable-francia_0_uRfAi0e68I.html\">Fuente Clarin.com <\/a><\/p>\n","protected":false},"excerpt":{"rendered":"<p>Un par de d\u00edas despu\u00e9s de haber tenido un debut para el olvido con la eliminaci\u00f3n en la Copa de Francia, Valent\u00edn Barco recibi\u00f3 una inyecci\u00f3n de confianza. No solo por el triunfo de su equipo Racing de Estrasburgo, sino porque el argentino de 20 a\u00f1os fue ovacionado por los hinchas al salir reemplazado en [&hellip;]<\/p>\n","protected":false},"author":1,"featured_media":3339,"comment_status":"open","ping_status":"open","sticky":false,"template":"","format":"standard","meta":{"footnotes":""},"categories":[2],"tags":[5351,2379,2281,1999,4970,3131,1899,195,10,1363,73,5350],"class_list":["post-3338","post","type-post","status-publish","format-standard","has-post-thumbnail","hentry","category-ultimas-noticias","tag-barco","tag-estrasburgo","tag-francia","tag-gano","tag-inolvidable","tag-ovacion","tag-partido","tag-primer","tag-racing","tag-recibio","tag-una","tag-valentin"],"_links":{"self":[{"href":"https:\/\/13.com.ar\/index.php\/wp-json\/wp\/v2\/posts\/3338","targetHints":{"allow":["GET"]}}],"collection":[{"href":"https:\/\/13.com.ar\/index.php\/wp-json\/wp\/v2\/posts"}],"about":[{"href":"https:\/\/13.com.ar\/index.php\/wp-json\/wp\/v2\/types\/post"}],"author":[{"embeddable":true,"href":"https:\/\/13.com.ar\/index.php\/wp-json\/wp\/v2\/users\/1"}],"replies":[{"embeddable":true,"href":"https:\/\/13.com.ar\/index.php\/wp-json\/wp\/v2\/comments?post=3338"}],"version-history":[{"count":0,"href":"https:\/\/13.com.ar\/index.php\/wp-json\/wp\/v2\/posts\/3338\/revisions"}],"wp:featuredmedia":[{"embeddable":true,"href":"https:\/\/13.com.ar\/index.php\/wp-json\/wp\/v2\/media\/3339"}],"wp:attachment":[{"href":"https:\/\/13.com.ar\/index.php\/wp-json\/wp\/v2\/media?parent=3338"}],"wp:term":[{"taxonomy":"category","embeddable":true,"href":"https:\/\/13.com.ar\/index.php\/wp-json\/wp\/v2\/categories?post=3338"},{"taxonomy":"post_tag","embeddable":true,"href":"https:\/\/13.com.ar\/index.php\/wp-json\/wp\/v2\/tags?post=3338"}],"curies":[{"name":"wp","href":"https:\/\/api.w.org\/{rel}","templated":true}]}}