{"id":3336,"date":"2025-02-09T16:52:32","date_gmt":"2025-02-09T19:52:32","guid":{"rendered":"https:\/\/13.com.ar\/index.php\/un-macrista-historico-se-pasa-al-oficialismo-y-el-pro-adelanta-mas-la-eleccion-portena-para-frenar-la-crisis\/"},"modified":"2025-02-09T16:52:32","modified_gmt":"2025-02-09T19:52:32","slug":"un-macrista-historico-se-pasa-al-oficialismo-y-el-pro-adelanta-mas-la-eleccion-portena-para-frenar-la-crisis","status":"publish","type":"post","link":"https:\/\/13.com.ar\/index.php\/un-macrista-historico-se-pasa-al-oficialismo-y-el-pro-adelanta-mas-la-eleccion-portena-para-frenar-la-crisis\/","title":{"rendered":"Un macrista hist\u00f3rico se pasa al oficialismo y el PRO adelanta m\u00e1s la elecci\u00f3n porte\u00f1a para frenar la crisis"},"content":{"rendered":"<p> <br \/>\n<\/p>\n<div id=\"cuerpo\">\n<div class=\"sc-80531b6b-0 chRIGJ container-text text-embed\">\n<p>Faltan ajustar detalles y, sobre todo, dejar cicatrizar algunas heridas abiertas. Como en toda separaci\u00f3n dolorosa, hace algunas semanas <strong>N\u00e9stor Grindetti decidi\u00f3 su salida del PRO<\/strong> y se la comunic\u00f3 a Jorge Macri, quien fue su \u00faltimo jefe pol\u00edtico, primero como jefe de Gabinete y luego, este mismo a\u00f1o, en un breve paso al frente de una secretar\u00eda electoral que nunca termin\u00f3 de constituirse.<\/p>\n<\/div>\n<div class=\"sc-80531b6b-0 chRIGJ container-text text-embed\">\n<p>Su<strong> v\u00ednculo con la familia Macri <\/strong>trasciende a sus ocho a\u00f1os como ministro de Hacienda y Finanzas de la Ciudad de Mauricio (2007-2015), a su \u00faltimo a\u00f1o de gesti\u00f3n con Jorge, e incluso a los ocho a\u00f1os, de 2015 a 2023, en los que fue un intendente de peso del PRO, en un municipio estrat\u00e9gico como Lan\u00fas. <strong>Grindetti trabaja cerca del expresidente y de su padre, Franco, desde finales de la d\u00e9cada del &#8217;70, cuando ingres\u00f3 como cadete a Socma<\/strong>.<\/p>\n<\/div>\n<div class=\"sc-80531b6b-0 chRIGJ container-text text-embed\">\n<p>&#8220;Es un duelo que tiene que atravesar N\u00e9stor. No es f\u00e1cil despu\u00e9s de tanto tiempo&#8221;, resumen quienes conocen de cerca al actual presidente de Independiente. Por estos d\u00edas, aseguran, <strong>el economista eligi\u00f3 mirar la pol\u00edtica con cierta distancia<\/strong> y destinar todas sus energ\u00edas a encaminar deportivamente a Independiente, club que preside desde abril de 2023. Pero es <strong>cuesti\u00f3n de tiempo, vaticinan, un cambio de rumbo en su carrera<\/strong>.<\/p>\n<\/div>\n<div class=\"sc-80531b6b-0 chRIGJ container-text text-embed\">\n<p>Como sucede casi peri\u00f3dicamente con exdirigentes del PRO que cambian de espacio, <strong>Grindetti tiene todo acordado para sellar su ingreso a La Libertad Avanza de cara a la pr\u00f3xima campa\u00f1a electoral<\/strong>. Se habla de cargos ofrecidos en la negociaci\u00f3n, como el Banco de Desarrollo de Cr\u00e9dito P\u00fablico (BICE). Pero para el Gobierno la relevancia de sumar a un dirigente con la experiencia de Grindetti, de 69 a\u00f1os, trasciende un puesto.<\/p>\n<\/div>\n<p><h2>Largo recorrido bonaerense<\/h2>\n<\/p>\n<div class=\"sc-80531b6b-0 chRIGJ container-text text-embed\">\n<p>Su doble mandato en Lan\u00fas y su construcci\u00f3n a nivel bonaerense resultan muy atractivos para la conformaci\u00f3n del frente libertario en Provincia que vienen dise\u00f1ando Karina Milei y Sebasti\u00e1n Pareja, el principal armador del mile\u00edsmo en el Conurbano.<\/p>\n<\/div>\n<div class=\"sc-80531b6b-0 chRIGJ container-text text-embed\">\n<p>Adem\u00e1s, <strong>Grindetti tiene l\u00ednea directa con Patricia Bullrich<\/strong>, ya que en 2023 fue el candidato a gobernador bonaerense en la misma lista que postulaba como presidenta a la actual ministra de Seguridad. No s\u00f3lo derrot\u00f3 en la interna de Juntos por el Cambio a Diego Santilli, sino que en las generales que gan\u00f3 Axel Kicillof, termin\u00f3 segundo con m\u00e1s del 26% de los votos.<\/p>\n<\/div>\n<div class=\"sc-198be8ec-0 cynXbu image-embed  image-embed \"><picture class=\"sc-198be8ec-1 kOjRiQ\"><source media=\"(min-width: 975px)\" width=\"720\" height=\"480\" \/><img alt=\"Grindetti, cuando jur\u00f3 como ministro de Jorge Macri. Foto: Guillermo Rodr\u00edguez Adami.\" loading=\"lazy\" width=\"720\" height=\"480\" decoding=\"async\" data-nimg=\"1\" style=\"color:transparent\" src=\"https:\/\/13.com.ar\/wp-content\/uploads\/2025\/02\/Un-macrista-historico-se-pasa-al-oficialismo-y-el-PRO.jpg\"\/><span class=\"epigraphe\">Grindetti, cuando jur\u00f3 como ministro de Jorge Macri. Foto: Guillermo Rodr\u00edguez Adami.<\/span><span class=\"bkg\"\/><span class=\"picture-open\"><button class=\"open-image\" aria-label=\"Open Image\"\/><\/span><\/picture><\/div>\n<div class=\"sc-80531b6b-0 chRIGJ container-text text-embed\">\n<p><strong>Bullrich y Pareja acaban de cerrar el ingreso a La Libertad Avanza de tres ex intendentes del PRO<\/strong>: Diego Valenzuela, de Tres de Febrero, Ramiro Eg\u00fcen, de 25 de Mayo, y Fernanda Astorino, de Capit\u00e1n Sarmiento. Es parte de una fuga incesante de dirigentes con pasado macrista que ahora se alinean al mile\u00edsmo, y que tambi\u00e9n incluye a una larga lista de legisladores en todo el pa\u00eds.<\/p>\n<\/div>\n<div class=\"sc-80531b6b-0 chRIGJ container-text text-embed\">\n<p>Pero<strong> la salida de Grindetti hacia el universo libertario se explica tambi\u00e9n en la designaci\u00f3n, a fin de a\u00f1o pasado, de Diego Kravetz como n\u00famero 2 de la SIDE<\/strong>. Kravetz era el segundo de Waldo Wolff en el Ministerio de Seguridad porte\u00f1o y tambi\u00e9n trabajaba dentro de la administraci\u00f3n de Jorge Macri. Hacia all\u00ed hab\u00edan llegado ambos, en t\u00e1ndem: Kravetz fue jefe de Gabinete de Grindetti en Lan\u00fas y lo reemplaz\u00f3 al frente de la intendencia de manera interina durante el \u00faltimo a\u00f1o  de gesti\u00f3n. <\/p>\n<\/div>\n<p><h2>La jugada del macrismo para asegurarse la Ciudad<\/h2>\n<\/p>\n<div class=\"sc-80531b6b-0 chRIGJ container-text text-embed\">\n<p>En medio de una crisis a nivel nacional del partido, con cortocircuitos constantes con los libertarios por el reparto de poder en el a\u00f1o electoral,<strong> el macrismo replantea su estrategia en Buenos Aires, distrito que gobierna desde hace 18 a\u00f1os<\/strong>. Instalada la posible candidatura a senador nacional de Mauricio Macri, con su nombre coloreando cientos de paredes en toda la Ciudad, <strong>el escenario ideal que imaginan Jorge Macri y otros dirigentes del PRO es que la boleta la encabece su primo, con Mar\u00eda Eugenia Vidal como segunda<\/strong> en la lista.<\/p>\n<\/div>\n<div class=\"sc-80531b6b-0 chRIGJ container-text text-embed\">\n<p>La actual diputada nacional es por estos d\u00edas una espada clave dentro del macrismo, sobre todo<strong> para contener las fugas<\/strong> pero tambi\u00e9n para mantener vivos los resabios de poder que quedaron de los cuatro a\u00f1os dorados en los que el PRO gobern\u00f3 en simult\u00e1neo Ciudad, Provincia y Naci\u00f3n. La ex gobernadora bonaerense no s\u00f3lo es la titular de la Fundaci\u00f3n Pensar, sino que adem\u00e1s ser\u00e1 la jefa de campa\u00f1a hacia la elecci\u00f3n de legisladores porte\u00f1os.<\/p>\n<\/div>\n<div class=\"sc-80531b6b-0 chRIGJ container-text text-embed\">\n<p>El Gobierno porte\u00f1o anticip\u00f3 para<strong> <\/strong>el 6 de julio la elecci\u00f3n legislativa,<strong> desdobl\u00e1ndola de los comicios nacionales, pero la idea de Jorge Macri es anticiparla todav\u00eda m\u00e1s y llevarla a mayo<\/strong>. Esa decisi\u00f3n depende de su autoridad como m\u00e1ximo representante del Ejecutivo, pero no as\u00ed la <strong>suspensi\u00f3n de las PASO locales<\/strong>, que el macrismo mand\u00f3 a tratar en la Legislatura y que espera poder definirlas entre este jueves y viernes, incluso antes de que el Senado le de sanci\u00f3n completa al proyecto mile\u00edsta sobre el tema a nivel nacional.<\/p>\n<\/div>\n<div class=\"sc-198be8ec-0 cynXbu image-embed  image-embed \"><picture class=\"sc-198be8ec-1 kOjRiQ\"><source media=\"(min-width: 975px)\" width=\"720\" height=\"480\" \/><img alt=\"Mar\u00eda Eugenia Vidal ser\u00e1 jefa de campa\u00f1a en la Ciudad para las legislativas.&#10;Foto: Emmanuel Fern\u00e1ndez.\" loading=\"lazy\" width=\"720\" height=\"480\" decoding=\"async\" data-nimg=\"1\" style=\"color:transparent\" src=\"https:\/\/13.com.ar\/wp-content\/uploads\/2025\/02\/1739130752_615_Un-macrista-historico-se-pasa-al-oficialismo-y-el-PRO.jpg\"\/><span class=\"epigraphe\">Mar\u00eda Eugenia Vidal ser\u00e1 jefa de campa\u00f1a en la Ciudad para las legislativas.<br \/>\nFoto: Emmanuel Fern\u00e1ndez.<\/span><span class=\"bkg\"\/><span class=\"picture-open\"><button class=\"open-image\" aria-label=\"Open Image\"\/><\/span><\/picture><\/div>\n<div class=\"sc-80531b6b-0 chRIGJ container-text text-embed\">\n<p><strong>&#8220;En Ciudad estamos confiados en hacer una buena elecci\u00f3n&#8221;, aseguran cerca del jefe de Gobierno<\/strong>. Y desprenden como dato que la estrategia es &#8220;sostener en esta intermedia y despu\u00e9s en el 2027 ver qu\u00e9 sucede&#8221;. &#8220;Los ganadores de las \u00faltimas elecciones legislativas intermedias no pudieron repetir en las Ejecutivas siguientes&#8221;, recuerdan.<\/p>\n<\/div>\n<div class=\"sc-80531b6b-0 chRIGJ container-text text-embed\">\n<p>La b\u00fasqueda del PRO es frenar un avance del mile\u00edsmo en Capital, donde amenaza con competirle con candidatos propios, tanto en las legislativas como en los comicios nacionales de octubre, en los que se definen tres bancas de senadores. <\/p>\n<\/div>\n<div class=\"sc-80531b6b-0 chRIGJ container-text text-embed\">\n<p><strong>El macrismo pis\u00f3 en falso en los \u00faltimos d\u00edas, cuando inform\u00f3 a Vidal como jefa de campa\u00f1a a nivel local y a Diego Santilli como parte de la mesa chica del Gobierno porte\u00f1o<\/strong>. El dirigente bonaerense lo neg\u00f3, contradiciendo la comunicaci\u00f3n oficial y sembrando dudas, tambi\u00e9n, sobre su futuro en el PRO y sobre la posibilidad concreta de negociar un acuerdo con Javier Milei.<\/p>\n<\/div>\n<\/div>\n<p><br \/>\n<br \/><a href=\"https:\/\/www.clarin.com\/politica\/macrista-historico-pasa-oficialismo-pro-adelanta-eleccion-portena-frenar-crisis_0_glaAffPIRE.html\">Fuente Clarin.com <\/a><\/p>\n","protected":false},"excerpt":{"rendered":"<p>Faltan ajustar detalles y, sobre todo, dejar cicatrizar algunas heridas abiertas. Como en toda separaci\u00f3n dolorosa, hace algunas semanas N\u00e9stor Grindetti decidi\u00f3 su salida del PRO y se la comunic\u00f3 a Jorge Macri, quien fue su \u00faltimo jefe pol\u00edtico, primero como jefe de Gabinete y luego, este mismo a\u00f1o, en un breve paso al frente [&hellip;]<\/p>\n","protected":false},"author":1,"featured_media":3337,"comment_status":"open","ping_status":"open","sticky":false,"template":"","format":"standard","meta":{"footnotes":""},"categories":[2],"tags":[2540,625,3294,1651,752,5349,155,3658,16,112,1342,1111],"class_list":["post-3336","post","type-post","status-publish","format-standard","has-post-thumbnail","hentry","category-ultimas-noticias","tag-adelanta","tag-crisis","tag-eleccion","tag-frenar","tag-historico","tag-macrista","tag-mas","tag-oficialismo","tag-para","tag-pasa","tag-portena","tag-pro"],"_links":{"self":[{"href":"https:\/\/13.com.ar\/index.php\/wp-json\/wp\/v2\/posts\/3336","targetHints":{"allow":["GET"]}}],"collection":[{"href":"https:\/\/13.com.ar\/index.php\/wp-json\/wp\/v2\/posts"}],"about":[{"href":"https:\/\/13.com.ar\/index.php\/wp-json\/wp\/v2\/types\/post"}],"author":[{"embeddable":true,"href":"https:\/\/13.com.ar\/index.php\/wp-json\/wp\/v2\/users\/1"}],"replies":[{"embeddable":true,"href":"https:\/\/13.com.ar\/index.php\/wp-json\/wp\/v2\/comments?post=3336"}],"version-history":[{"count":0,"href":"https:\/\/13.com.ar\/index.php\/wp-json\/wp\/v2\/posts\/3336\/revisions"}],"wp:featuredmedia":[{"embeddable":true,"href":"https:\/\/13.com.ar\/index.php\/wp-json\/wp\/v2\/media\/3337"}],"wp:attachment":[{"href":"https:\/\/13.com.ar\/index.php\/wp-json\/wp\/v2\/media?parent=3336"}],"wp:term":[{"taxonomy":"category","embeddable":true,"href":"https:\/\/13.com.ar\/index.php\/wp-json\/wp\/v2\/categories?post=3336"},{"taxonomy":"post_tag","embeddable":true,"href":"https:\/\/13.com.ar\/index.php\/wp-json\/wp\/v2\/tags?post=3336"}],"curies":[{"name":"wp","href":"https:\/\/api.w.org\/{rel}","templated":true}]}}