{"id":3334,"date":"2025-02-09T16:42:57","date_gmt":"2025-02-09T19:42:57","guid":{"rendered":"https:\/\/13.com.ar\/index.php\/un-participante-de-gran-hermano-salio-de-la-casa-por-un-problema-de-salud-debe-ser-operado\/"},"modified":"2025-02-09T16:42:57","modified_gmt":"2025-02-09T19:42:57","slug":"un-participante-de-gran-hermano-salio-de-la-casa-por-un-problema-de-salud-debe-ser-operado","status":"publish","type":"post","link":"https:\/\/13.com.ar\/index.php\/un-participante-de-gran-hermano-salio-de-la-casa-por-un-problema-de-salud-debe-ser-operado\/","title":{"rendered":"Un participante de Gran Hermano sali\u00f3 de la casa por un problema de salud: debe ser operado"},"content":{"rendered":"<p> <br \/>\n<br \/><img decoding=\"async\" src=\"https:\/\/13.com.ar\/wp-content\/uploads\/2025\/02\/Un-participante-de-Gran-Hermano-salio-de-la-casa-por.jpg\" \/><\/p>\n<div>\n<p>Horas antes del inicio de la gala de nominaci\u00f3n de este domingo 9 de febrero de <strong><em>Gran Hermano<\/em><\/strong> (Telefe), <strong>Santiago del Moro comunic\u00f3 una importante novedad sobre el <em>reality.<\/em><\/strong><\/p>\n<\/div>\n<div>\n<p>En su cuenta de Instagram, donde acumula m\u00e1s de 4.5 millones de seguidores, el conductor inform\u00f3 que <strong>un participante sali\u00f3 de la casa por un problema de salud.<\/strong><\/p>\n<\/div>\n<div>\n<p><strong>&#8220;Atenci\u00f3n&#8221;<\/strong>, comparti\u00f3 primero Del Moro en su cuenta de IG.<\/p>\n<\/div>\n<div>\n<p>Y luego dio a conocer la informaci\u00f3n sobre Claudio \u201cPapucho\u201d Di Lorenzo, que en las \u00faltimas horas debi\u00f3 ser internado.<\/p>\n<\/div>\n<div>\n<p>\u201cAunque esta noche tendremos parte oficial, quer\u00eda adelantarles que <strong>Claudio (Papucho) deber\u00e1 someterse a una operaci\u00f3n debido a complicaciones en su ap\u00e9ndice&#8221;<\/strong>, escribi\u00f3 Del Moro en un comunicado.<\/p>\n<\/div>\n<div>\n<p>Y sum\u00f3 sobre el participante: <strong>&#8220;En este momento est\u00e1 en el sanatorio acompa\u00f1ado de sus familiares\u201d.<\/strong><\/p>\n<\/div>\n<div>\n<p>Por el momento, se desconoce si el jugador podr\u00e1 reincorporarse al show. <\/p>\n<\/div>\n<div>\n<p>Seguramente, en la gala de esta noche Del Moro brindar\u00e1 m\u00e1s informaci\u00f3n.<\/p>\n<\/div>\n<div>\n<p>Esta noche se desarrollar\u00e1 la gala de eliminaci\u00f3n de <strong><em>Gran Hermano<\/em><\/strong> y un participante dejar\u00e1 la casa por decisi\u00f3n del p\u00fablico.<\/p>\n<\/div>\n<div>\n<p>En esta ocasi\u00f3n,<strong> el voto es negativo.<\/strong><\/p>\n<\/div>\n<div>\n<p>Los que est\u00e1n en placa son: Brian Alberto (nominado hasta el final de su participaci\u00f3n en el <em>reality<\/em>), Santiago Algorta (fulminado), Juan Pablo De Vigili, Sandra Priore, Ulises Ap\u00f3stolo, Katia \u201cLa Tana\u201d Fenocchio y Giuliano Vaschetto (regres\u00f3 a la casa, incumpli\u00f3 las normas y qued\u00f3 nominado por GH).<\/p>\n<\/div>\n<p><br \/>\n<br \/><a href=\"https:\/\/www.clarin.com\/fama\/participante-gran-hermano-salio-casa-problema-salud-debe-operado_0_rHWJoxUfyH.html\">Fuente Clarin.com <\/a><\/p>\n","protected":false},"excerpt":{"rendered":"<p>Horas antes del inicio de la gala de nominaci\u00f3n de este domingo 9 de febrero de Gran Hermano (Telefe), Santiago del Moro comunic\u00f3 una importante novedad sobre el reality. En su cuenta de Instagram, donde acumula m\u00e1s de 4.5 millones de seguidores, el conductor inform\u00f3 que un participante sali\u00f3 de la casa por un problema [&hellip;]<\/p>\n","protected":false},"author":1,"featured_media":3335,"comment_status":"open","ping_status":"open","sticky":false,"template":"","format":"standard","meta":{"footnotes":""},"categories":[2],"tags":[108,441,925,926,5348,4592,142,242,1588,243,1234],"class_list":["post-3334","post","type-post","status-publish","format-standard","has-post-thumbnail","hentry","category-ultimas-noticias","tag-casa","tag-debe","tag-gran","tag-hermano","tag-operado","tag-participante","tag-por","tag-problema","tag-salio","tag-salud","tag-ser"],"_links":{"self":[{"href":"https:\/\/13.com.ar\/index.php\/wp-json\/wp\/v2\/posts\/3334","targetHints":{"allow":["GET"]}}],"collection":[{"href":"https:\/\/13.com.ar\/index.php\/wp-json\/wp\/v2\/posts"}],"about":[{"href":"https:\/\/13.com.ar\/index.php\/wp-json\/wp\/v2\/types\/post"}],"author":[{"embeddable":true,"href":"https:\/\/13.com.ar\/index.php\/wp-json\/wp\/v2\/users\/1"}],"replies":[{"embeddable":true,"href":"https:\/\/13.com.ar\/index.php\/wp-json\/wp\/v2\/comments?post=3334"}],"version-history":[{"count":0,"href":"https:\/\/13.com.ar\/index.php\/wp-json\/wp\/v2\/posts\/3334\/revisions"}],"wp:featuredmedia":[{"embeddable":true,"href":"https:\/\/13.com.ar\/index.php\/wp-json\/wp\/v2\/media\/3335"}],"wp:attachment":[{"href":"https:\/\/13.com.ar\/index.php\/wp-json\/wp\/v2\/media?parent=3334"}],"wp:term":[{"taxonomy":"category","embeddable":true,"href":"https:\/\/13.com.ar\/index.php\/wp-json\/wp\/v2\/categories?post=3334"},{"taxonomy":"post_tag","embeddable":true,"href":"https:\/\/13.com.ar\/index.php\/wp-json\/wp\/v2\/tags?post=3334"}],"curies":[{"name":"wp","href":"https:\/\/api.w.org\/{rel}","templated":true}]}}