{"id":3332,"date":"2025-02-09T16:34:41","date_gmt":"2025-02-09T19:34:41","guid":{"rendered":"https:\/\/13.com.ar\/index.php\/era-ilegal-y-nunca-tuvo-habilitacion\/"},"modified":"2025-02-09T16:34:41","modified_gmt":"2025-02-09T19:34:41","slug":"era-ilegal-y-nunca-tuvo-habilitacion","status":"publish","type":"post","link":"https:\/\/13.com.ar\/index.php\/era-ilegal-y-nunca-tuvo-habilitacion\/","title":{"rendered":"era ilegal y nunca tuvo habilitaci\u00f3n"},"content":{"rendered":"<p> <br \/>\n<\/p>\n<div id=\"cuerpo\">\n<div class=\"sc-80531b6b-0 chRIGJ container-text text-embed\">\n<p>Tras realizar <strong>varias advertencias<\/strong>, la Intendencia del <strong>Parque Nacional Nahuel Huapi<\/strong> clausur\u00f3 otro <strong>camping<\/strong> que operaba de manera absolutamente <strong>ilegal<\/strong>. Se trata del servicio de acampe &#8220;El Progreso&#8221;, que se encontraba ubicado sobre la Ruta Nacional N\u00b040 Sur, dentro de un \u00e1rea protegida y en las orillas del Lago Guti\u00e9rrez, en R\u00edo Negro.<\/p>\n<\/div>\n<div class=\"sc-80531b6b-0 chRIGJ container-text text-embed\">\n<p>Esta clausura es <strong>la segunda en la zona en poco m\u00e1s de tres semanas<\/strong>: durante el mes pasado se clausur\u00f3 temporalmente y se activ\u00f3 de <strong>la quita de la concesi\u00f3n<\/strong> del Camping Nuevo Falkner, ubicado a orillas del lago hom\u00f3nimo, en la porci\u00f3n del parque en la provincia de Neuqu\u00e9n, por realizar fiestas electr\u00f3nicas ilegales que resultan perjudiciales para el ecosistema.<\/p>\n<\/div>\n<div class=\"sc-80531b6b-0 chRIGJ container-text text-embed\">\n<p>Seg\u00fan se inform\u00f3 desde la Administraci\u00f3n de Parques Nacionales (APN), ahora la clausura recay\u00f3 sobre la cooperativa irregular que lo manejaba por &#8220;prestar <strong>servicio tur\u00edstico de manera ilegal<\/strong>&#8220;, y en &#8220;condiciones de inseguridad para los visitantes&#8221;.<\/p>\n<\/div>\n<div class=\"sc-80531b6b-0 chRIGJ container-text text-embed\">\n<p>Autoridades del Parque Nacional confirmaron que dicho establecimiento ya hab\u00eda sido notificado en varias oportunidades y hab\u00eda recibido distintas<strong> actas de infracci\u00f3n: operaban sin autorizaci\u00f3n<\/strong>.<\/p>\n<\/div>\n<div class=\"sc-80531b6b-0 chRIGJ container-text text-embed\">\n<p>Pero, a pesar de los avisos, en ning\u00fan momento intent\u00f3 regularizar su situaci\u00f3n <strong>ni retir\u00f3 la carteler\u00eda <\/strong>manteniendo su funcionamiento en condiciones sumamente precarias y peligrosas. Adem\u00e1s, seg\u00fan se\u00f1alaron, del impacto negativo que generaban en el ambiente.<\/p>\n<\/div>\n<div class=\"sc-198be8ec-0 cynXbu image-embed  image-embed \"><picture class=\"sc-198be8ec-1 kOjRiQ\"><source media=\"(min-width: 975px)\" width=\"720\" height=\"480\" \/><img alt=\"El progreso, el lugar que fue clausurado por las autoridades del Parque Nacional. \" loading=\"lazy\" width=\"720\" height=\"480\" decoding=\"async\" data-nimg=\"1\" style=\"color:transparent\" src=\"https:\/\/13.com.ar\/wp-content\/uploads\/2025\/02\/era-ilegal-y-nunca-tuvo-habilitacion.jpg\"\/><span class=\"epigraphe\">El progreso, el lugar que fue clausurado por las autoridades del Parque Nacional. <\/span><span class=\"bkg\"\/><span class=\"picture-open\"><button class=\"open-image\" aria-label=\"Open Image\"\/><\/span><\/picture><\/div>\n<div class=\"sc-80531b6b-0 chRIGJ container-text text-embed\">\n<p>Ante la falta de cumplimiento por parte de los responsables, la clausura tuvo lugar durante las \u00faltimas horas, en un operativo conjunto realizado por los departamentos de Guardaparques Nacionales, Uso P\u00fablico y Legal y T\u00e9cnica. <\/p>\n<\/div>\n<div class=\"sc-80531b6b-0 chRIGJ container-text text-embed\">\n<p>Se inform\u00f3 que los responsables del acampe El progreso, &#8220;prestaban servicios tur\u00edsticos de acampe de manera ilegal y en <strong>condiciones de inseguridad para los visitantes<\/strong>&#8220;, en violaci\u00f3n a la reglamentaci\u00f3n establecida y publicada Resoluci\u00f3n HD N\u00ba 240\/2011 de la APN.<\/p>\n<\/div>\n<div class=\"sc-198be8ec-0 cynXbu image-embed  image-embed \"><picture class=\"sc-198be8ec-1 kOjRiQ\"><source media=\"(min-width: 975px)\" width=\"720\" height=\"480\" \/><img alt=\"Las condiciones presentaban inseguridades para los visitantes, justificaron las autoridades tras la clausura. \" loading=\"lazy\" width=\"720\" height=\"480\" decoding=\"async\" data-nimg=\"1\" style=\"color:transparent\" src=\"https:\/\/13.com.ar\/wp-content\/uploads\/2025\/02\/1739129681_443_era-ilegal-y-nunca-tuvo-habilitacion.jpg\"\/><span class=\"epigraphe\">Las condiciones presentaban inseguridades para los visitantes, justificaron las autoridades tras la clausura. <\/span><span class=\"bkg\"\/><span class=\"picture-open\"><button class=\"open-image\" aria-label=\"Open Image\"\/><\/span><\/picture><\/div>\n<div class=\"sc-80531b6b-0 chRIGJ container-text text-embed\">\n<p>&#8220;Nuestro compromiso es garantizar la seguridad de los visitantes y el cumplimiento de la normativa vigente para proteger el entorno natural&#8221;, se\u00f1alaron desde la Administraci\u00f3n de Parques Nacionales.<\/p>\n<\/div>\n<div class=\"sc-80531b6b-0 chRIGJ container-text text-embed\">\n<p>&#8220;Operaba en condiciones inaceptables e inseguras. A pesar de las advertencias y sanciones, sus responsables siguieron operando en un espacio con<strong> infraestructuras precarias y elementos peligrosos<\/strong> para el ecosistema del \u00c1rea Protegida&#8221;, consign\u00f3 <strong>Cristian Larsen<\/strong>, al frente de la APN.<\/p>\n<\/div>\n<div class=\"sc-80531b6b-0 chRIGJ container-text text-embed\">\n<p>El funcionario de Javier Milei, que depende en el organigrama de Daniel Scioli, fue contundente en su mensaje. &#8220;Trabajamos a diario para impulsar el <strong>turismo de naturaleza<\/strong> y promover la visitaci\u00f3n, pero <strong>no es a cualquier costo<\/strong>. Vamos a desafectar a aquellas concesiones o servicios que no cumplan con las normativas o pongan en riesgo a los visitantes o a nuestros espacios naturales&#8221;, advirti\u00f3.<\/p>\n<\/div>\n<p><h2>La clausura tras las fiestas rave en el parque nacional<\/h2>\n<\/p>\n<div class=\"sc-80531b6b-0 chRIGJ container-text text-embed\">\n<p>A diferencia de El Progreso, que fue clausurado por no estar habilitado y funcionar de manera ilegal, hacia mediados del mes pasado el <strong>Camping Nuevo Falkner<\/strong>, que s\u00ed estaba habilitado legalmente, corri\u00f3 la misma suerte. El problemas en ese entonces, es que en el lugar se realizaban fiestas electr\u00f3nicas, prohibidas en un \u00e1rea protegida.<\/p>\n<\/div>\n<div class=\"sc-80531b6b-0 chRIGJ container-text text-embed\">\n<p>Administraci\u00f3n de Parques Nacionales (APN), constat\u00f3 que en dicho camping, ubicado en la provincia de Neuqu\u00e9n, a algunos kil\u00f3metros al sur de San Mart\u00edn de los Andes y en el trazo conocido como la Ruta de los Siete Lagos, se realizaron<strong> al menos cuatro fiestas electr\u00f3nicas<\/strong>. Una de ellas, viralizada con im\u00e1genes en la red social TikTok.<\/p>\n<\/div>\n<div class=\"sc-ad4aedf2-0 dPPgNJ border-video video-embed horizontal border-video video-embed horizontal\">\n<div class=\"sc-ad4aedf2-1 hnFuni videoText videoText\">\n<h2>Video<\/h2>\n<p>Clausuraron un camping en un parque nacional por reiteradas fiestas<\/p>\n<\/div>\n<\/div>\n<div class=\"sc-80531b6b-0 chRIGJ container-text text-embed\">\n<p>&#8220;Los Parques Nacionales son \u00e1reas naturales en donde se debe respetar su flora, fauna y el ecosistema de biodiversidad que habita en ellos&#8221;, inform\u00f3 entonces<strong> Larsen<\/strong>. &#8220;<strong>No vamos a tolerar estos excesos<\/strong>. Prestador o turistas que incumplan la norma, van a tener su sanci\u00f3n correspondiente&#8221;, advirti\u00f3 el funcionario libertario.<\/p>\n<\/div>\n<div class=\"sc-106e49c0-0 dcVumd freeHtml-embed undefined\">\n<blockquote class=\"twitter-tweet\">\n<p lang=\"es\" dir=\"ltr\">Otro camping ilegal cerrado \u274c<\/p>\n<p>Clausuramos otro servicio de acampe ilegal en el Parque Nacional Nahuel Huapi que operaba en condiciones inaceptables e inseguras. A pesar de las advertencias y sanciones, sus responsables siguieron operando en un espacio con infraestructuras\u2026 <a rel=\"nofollow\" target=\"_blank\" href=\"https:\/\/t.co\/rkFTYOuFN8\">pic.twitter.com\/rkFTYOuFN8<\/a><\/p>\n<p>\u2014 Cristian Larsen (@CristianGLarsen) <a rel=\"nofollow\" target=\"_blank\" href=\"https:\/\/twitter.com\/CristianGLarsen\/status\/1888574736487047263?ref_src=twsrc%5Etfw\">February 9, 2025<\/a><\/p><\/blockquote>\n<\/div>\n<div class=\"sc-80531b6b-0 chRIGJ container-text text-embed\">\n<p>Posterior a dicha clausura, la intendencia del Parque Nacional Nahuel Huapi radic\u00f3 una denuncia por <strong>tres focos de incendios que se reportaron como &#8220;intencionales&#8221;<\/strong> el martes 28 de enero, en zonas no p\u00fablicas cercanas al lago Villarino (Neuqu\u00e9n) y en las inmediaciones de la <strong>casa del guardaparques<\/strong>. A unos <strong>300 metros del camping<\/strong> Nuevo Falkner.<\/p>\n<\/div>\n<div class=\"sc-80531b6b-0 chRIGJ container-text text-embed\">\n<p>Seg\u00fan se consigna en la denuncia, los responsables de los incendios estar\u00edan vinculados con el caso del cierre preventivo de dicho camping. Adem\u00e1s, fueron determinantes sobre las intenciones de los agresores: &#8220;Estos factores indican una clara intenci\u00f3n de causar un incendio, con el <strong>objetivo de atacar la vivienda<\/strong> del guardaparques&#8221;.<\/p>\n<\/div>\n<\/div>\n<p><script async src=\"\/\/platform.twitter.com\/widgets.js\" charset=\"utf-8\"><\/script><br \/>\n<br \/><br \/>\n<br \/><a href=\"https:\/\/www.clarin.com\/sociedad\/clausuran-camping-parque-nacional-nahuel-huapi-ilegal-habilitacion_0_XF1R9TvdG7.html\">Fuente Clarin.com <\/a><\/p>\n","protected":false},"excerpt":{"rendered":"<p>Tras realizar varias advertencias, la Intendencia del Parque Nacional Nahuel Huapi clausur\u00f3 otro camping que operaba de manera absolutamente ilegal. Se trata del servicio de acampe &#8220;El Progreso&#8221;, que se encontraba ubicado sobre la Ruta Nacional N\u00b040 Sur, dentro de un \u00e1rea protegida y en las orillas del Lago Guti\u00e9rrez, en R\u00edo Negro. Esta clausura [&hellip;]<\/p>\n","protected":false},"author":1,"featured_media":3333,"comment_status":"open","ping_status":"open","sticky":false,"template":"","format":"standard","meta":{"footnotes":""},"categories":[2],"tags":[762,5347,3924,87,507],"class_list":["post-3332","post","type-post","status-publish","format-standard","has-post-thumbnail","hentry","category-ultimas-noticias","tag-era","tag-habilitacion","tag-ilegal","tag-nunca","tag-tuvo"],"_links":{"self":[{"href":"https:\/\/13.com.ar\/index.php\/wp-json\/wp\/v2\/posts\/3332","targetHints":{"allow":["GET"]}}],"collection":[{"href":"https:\/\/13.com.ar\/index.php\/wp-json\/wp\/v2\/posts"}],"about":[{"href":"https:\/\/13.com.ar\/index.php\/wp-json\/wp\/v2\/types\/post"}],"author":[{"embeddable":true,"href":"https:\/\/13.com.ar\/index.php\/wp-json\/wp\/v2\/users\/1"}],"replies":[{"embeddable":true,"href":"https:\/\/13.com.ar\/index.php\/wp-json\/wp\/v2\/comments?post=3332"}],"version-history":[{"count":0,"href":"https:\/\/13.com.ar\/index.php\/wp-json\/wp\/v2\/posts\/3332\/revisions"}],"wp:featuredmedia":[{"embeddable":true,"href":"https:\/\/13.com.ar\/index.php\/wp-json\/wp\/v2\/media\/3333"}],"wp:attachment":[{"href":"https:\/\/13.com.ar\/index.php\/wp-json\/wp\/v2\/media?parent=3332"}],"wp:term":[{"taxonomy":"category","embeddable":true,"href":"https:\/\/13.com.ar\/index.php\/wp-json\/wp\/v2\/categories?post=3332"},{"taxonomy":"post_tag","embeddable":true,"href":"https:\/\/13.com.ar\/index.php\/wp-json\/wp\/v2\/tags?post=3332"}],"curies":[{"name":"wp","href":"https:\/\/api.w.org\/{rel}","templated":true}]}}