{"id":3330,"date":"2025-02-09T16:31:33","date_gmt":"2025-02-09T19:31:33","guid":{"rendered":"https:\/\/13.com.ar\/index.php\/vence-el-plazo-para-apelar-y-el-caso-llega-a-la-corte\/"},"modified":"2025-02-09T16:31:33","modified_gmt":"2025-02-09T19:31:33","slug":"vence-el-plazo-para-apelar-y-el-caso-llega-a-la-corte","status":"publish","type":"post","link":"https:\/\/13.com.ar\/index.php\/vence-el-plazo-para-apelar-y-el-caso-llega-a-la-corte\/","title":{"rendered":"vence el plazo para apelar y el caso llega a la Corte"},"content":{"rendered":"<p> <br \/>\n<br \/><img decoding=\"async\" src=\"https:\/\/13.com.ar\/wp-content\/uploads\/2025\/02\/vence-el-plazo-para-apelar-y-el-caso-llega-a.jpg\" \/><\/p>\n<div id=\"cuerpo\">\n<div class=\"sc-80531b6b-0 chRIGJ container-text text-embed\">\n<p>En una semana vencen los plazos para que se presenten las apelaciones en la <strong>causa Vialidad<\/strong>, en la que <strong>Cristina Kirchner<\/strong> como <strong>principal acusada<\/strong> fue condenada a seis a\u00f1os de prisi\u00f3n por el delito de administraci\u00f3n fraudulenta en <strong>perjuicio del Estado<\/strong>. El da\u00f1o ocasionado por haber favorecido a su ex socio comercial L\u00e1zaro B\u00e1ez, con 51 licitaciones viales, se estim\u00f3 en <strong>80.000 millones de pesos<\/strong>. <\/p>\n<\/div>\n<div class=\"sc-80531b6b-0 chRIGJ container-text text-embed\">\n<p>La sentencia fue confirmada por la C\u00e1mara de Casaci\u00f3n y tanto las defensas como el Ministerio P\u00fablico Fiscal<strong> tienen tiempo hasta el lunes 17 para apelar<\/strong> y que el caso se vaya a la Corte Suprema, en medio del debate sobre su nueva integraci\u00f3n.<\/p>\n<\/div>\n<div class=\"sc-80531b6b-0 chRIGJ container-text text-embed\">\n<p>La noticia se da en un momento particular. El M\u00e1ximo Tribunal est\u00e1 integrado actualmente por s\u00f3lo tres de sus cinco miembros, y <strong>no tiene expedientes que involucren a la expresidenta<\/strong>. Los \u00faltimos fallos, dictados por unanimidad, ordenaron la realizaci\u00f3n del juicio oral y p\u00fablico en los casos Hotesur &#8211; Los Sauces, Pacto con Ir\u00e1n y la desestimaci\u00f3n de un debate respecto al expediente conocido como D\u00f3lar Futuro.<\/p>\n<\/div>\n<div class=\"sc-80531b6b-0 chRIGJ container-text text-embed\">\n<p>Desde esas \u00faltimas medidas adoptadas a finales del a\u00f1o pasado,fuentes judiciales sostienen que no hay por ahora \u201ccausas que involucren a pol\u00edticos, dirigentes, que tengan impacto pol\u00edtico\u201d. <strong>Eso cambiar\u00e1 cuando ingrese la causa Vialidad a la Corte<\/strong>.<\/p>\n<\/div>\n<p><h2>Ultimo intento de Cristina para torcer su condena<\/h2>\n<\/p>\n<div class=\"sc-80531b6b-0 chRIGJ container-text text-embed\">\n<p>Ante Corte, Cristina Kirchner buscar\u00e1 revertir la confirmaci\u00f3n de la condena por hechos de corrupci\u00f3n. La sentencia que le atribuye el delito de administraci\u00f3n fraudulenta agravado por haberse cometido contra el Estado, fija una <strong>prisi\u00f3n de seis a\u00f1os y la inhabilitaci\u00f3n perpetua para ejercer cargos p\u00fablicos<\/strong>.<\/p>\n<\/div>\n<div class=\"sc-80531b6b-0 chRIGJ container-text text-embed\">\n<p>La sentencia ser\u00e1 de efectivo <strong>cumplimiento \u00fanicamente si la confirma la Corte<\/strong>. Tambi\u00e9n, claro, puede revocarla. Es a lo que apostar\u00e1 el abogado defensor Carlos Beraldi, cuando presente los argumentos de apelaci\u00f3n de su defendida.<\/p>\n<\/div>\n<div class=\"sc-80531b6b-0 chRIGJ container-text text-embed\">\n<p><strong>No ser\u00e1 la \u00fanica apelaci\u00f3n que recibir\u00e1 la Sala IV de la C\u00e1mara de Casaci\u00f3n Penal. El Ministerio P\u00fablico Fiscal representado en esta instancia por Mario Villar, insistir\u00e1 con el criterio del fiscal de juicio, Diego Luciani, quien requiri\u00f3 que la exvice sea acusada, adem\u00e1s, por el delito de asociaci\u00f3n il\u00edcita en car\u00e1cter de jefa. Esto eleva la pena de c\u00e1rcel a 12 a\u00f1os.<\/strong><\/p>\n<\/div>\n<div class=\"sc-80531b6b-0 chRIGJ container-text text-embed\">\n<p>El lunes 17 de febrero tambi\u00e9n ser\u00e1 la \u00faltima instancia para que los otros condenados -como L\u00e1zaro B\u00e1ez o exfuncionarios- presenten n sus recursos extraordinarios. Una vez que las apelaciones ingresen, la Sala le corre vista al Ministerio P\u00fablico Fiscal. Tiene diez d\u00edas para contestar, sin embargo al tratarse una causa compleja se concedi\u00f3 a las defensas cuarenta d\u00edas, la fiscal\u00eda puede pedir una pr\u00f3rroga y utilizar veinte d\u00edas para responder.<\/p>\n<\/div>\n<div class=\"sc-80531b6b-0 chRIGJ container-text text-embed\">\n<p>Es despu\u00e9s de ese dictamen fiscal, que la C\u00e1mara de Casaci\u00f3n resolver\u00e1 si concede o no los recursos extraordinarios. De rechazar los pedidos, las partes ir\u00e1n en queja ante la Corte Suprema y comenzar\u00e1 el recorrido administrativo en la \u00faltima instancia de revisi\u00f3n.<\/p>\n<\/div>\n<div class=\"sc-80531b6b-0 chRIGJ container-text text-embed\">\n<p><strong>En cuanto al nuevo calendario que rige en la causa Vialidad, al presentarse todos los recursos extraordinarios en una semana, hay que contemplar un escenario posible: que la Sala IV integrada por los jueces Hornos, Mariano Borinsky y Diego Barroetave\u00f1a, los rechace. Eso significa que correr\u00e1n nuevos plazos para ir en queja ante el m\u00e1ximo tribunal.<\/strong><\/p>\n<\/div>\n<div class=\"sc-80531b6b-0 chRIGJ container-text text-embed\">\n<p>\u201cSi esa instancia se concede teniendo en cuenta los nuevos plazos, las presentaciones ante la Corte Suprema ser\u00e1n en junio, cuando se est\u00e9 ingresando a la feria judicial de invierno\u201d, explic\u00f3 una fuente judicial a Clar\u00edn. Eso determina que hasta agosto no comenzar\u00e1 a circular entre las vocal\u00edas del m\u00e1ximo tribunal la confirmaci\u00f3n de la condena por corrupci\u00f3n que pesa sobre Cristina Kirchner.<\/p>\n<\/div>\n<div class=\"sc-80531b6b-0 chRIGJ container-text text-embed\">\n<p>Los c\u00e1lculos de la fecha en la que el expediente podr\u00eda ingresar al m\u00e1ximo tribunal, coinciden con los que se realizan en el Palacio de la calle Talcahuano. Nadie espera que la condena por corrupci\u00f3n contra la ex vicepresidenta, ingrese cerca de la feria de invierno, teniendo en cuenta que el que<strong> transcurre es un a\u00f1o electoral.<\/strong><\/p>\n<\/div>\n<p><h2>\u00bfUna Corte de tres o la nueva Corte?<\/h2>\n<\/p>\n<div class=\"sc-80531b6b-0 chRIGJ container-text text-embed\">\n<p>Uno de los primeros interrogantes que surge al analizar los plazos del expediente, es: <strong>\u00bfQu\u00e9 Corte analizar\u00e1 el caso?<\/strong><\/p>\n<\/div>\n<div class=\"sc-80531b6b-0 chRIGJ container-text text-embed\">\n<p>La Casa Rosada espera que el pliego de Ariel Lijo ingrese al recinto del Senado y coseche los dos tercios requeridos por la Constituci\u00f3n Nacional para la designaci\u00f3n de un miembro del m\u00e1ximo tribunal. No se descarta que la designaci\u00f3n del otro candidato del gobierno, Manuel Garc\u00eda-Mansilla pueda ser por decreto.<\/p>\n<\/div>\n<div class=\"sc-80531b6b-0 chRIGJ container-text text-embed\">\n<p>Sin embargo, en el Congreso las negociaciones son amplias entre el kirchnerismo y los libertarios para que se obtenga la mayor\u00eda especial.<\/p>\n<\/div>\n<div class=\"sc-80531b6b-0 chRIGJ container-text text-embed\">\n<p><strong>Mientras ese debate est\u00e1 latente, los plazos judiciales corren -por ahora- a favor de una eventual postulaci\u00f3n de Cristina, haya o no haya Primarias Abiertas Simult\u00e1neas y Obligatorias (PASO). <\/strong><\/p>\n<\/div>\n<div class=\"sc-80531b6b-0 chRIGJ container-text text-embed\">\n<p>En paralelo, claro, corre el proyecto de Ficha Limpia, que le impedir\u00eda ser candidata en caso de aprobarse, aunque parece poco probable por ahora que pase el filtro del Senado. <\/p>\n<\/div>\n<p><h2>La sentencia de Casaci\u00f3n<\/h2>\n<\/p>\n<div class=\"sc-80531b6b-0 chRIGJ container-text text-embed\">\n<p>La sentencia revisada por la C\u00e1mara de Casaci\u00f3n confirm\u00f3 que con \u201cgrado de certeza, mediante la tramitaci\u00f3n de 51 procesos de licitaci\u00f3n p\u00fablica para la construcci\u00f3n de obras viales sobre rutas nacionales y provinciales en Santa Cruz, entre los a\u00f1os 2003 y 2015, tuvo lugar una<strong> extraordinaria maniobra fraudulenta <\/strong>que perjudic\u00f3 los intereses pecuniarios de la administraci\u00f3n p\u00fablica nacional\u201d.<\/p>\n<\/div>\n<div class=\"sc-80531b6b-0 chRIGJ container-text text-embed\">\n<p>Las obras viales licitadas en suelo santacruce\u00f1o fueron<strong> \u201csistem\u00e1ticamente adjudicadas a un grupo de empresas vinculadas\u201d a B\u00e1ez<\/strong>, dijo el Tribunal y a\u00f1adi\u00f3 que la conformaci\u00f3n de su holding y el crecimiento econ\u00f3mico del mismo, fue \u201cexponencial\u201d y el mismo se vio \u201cdirectamente asociado con la asignaci\u00f3n de obra p\u00fablica vial en el \u00e1mbito de esa jurisdicci\u00f3n\u201d.<\/p>\n<\/div>\n<div class=\"sc-80531b6b-0 chRIGJ container-text text-embed\">\n<p>En otros t\u00e9rminos, los magistrados indicaron exfuncionarios de Vialidad nacional como la agencia provincial, \u201coperaron al margen del inter\u00e9s p\u00fablico\u201d, configurando, \u201cdetr\u00e1s de una apariencia de licitud, una<strong> sincronizada y un\u00edvoca disposici\u00f3n del aparato estatal enderezado a la consumaci\u00f3n del delito<\/strong>\u201d.<\/p>\n<\/div>\n<\/div>\n<p><br \/>\n<br \/><a href=\"https:\/\/www.clarin.com\/politica\/cuenta-regresiva-cristina-causa-vialidad-vence-plazo-apelar-caso-llega-corte_0_re0NyqNcML.html\">Fuente Clarin.com <\/a><\/p>\n","protected":false},"excerpt":{"rendered":"<p>En una semana vencen los plazos para que se presenten las apelaciones en la causa Vialidad, en la que Cristina Kirchner como principal acusada fue condenada a seis a\u00f1os de prisi\u00f3n por el delito de administraci\u00f3n fraudulenta en perjuicio del Estado. El da\u00f1o ocasionado por haber favorecido a su ex socio comercial L\u00e1zaro B\u00e1ez, con [&hellip;]<\/p>\n","protected":false},"author":1,"featured_media":3331,"comment_status":"open","ping_status":"open","sticky":false,"template":"","format":"standard","meta":{"footnotes":""},"categories":[2],"tags":[5346,800,297,2041,16,5004,5345],"class_list":["post-3330","post","type-post","status-publish","format-standard","has-post-thumbnail","hentry","category-ultimas-noticias","tag-apelar","tag-caso","tag-corte","tag-llega","tag-para","tag-plazo","tag-vence"],"_links":{"self":[{"href":"https:\/\/13.com.ar\/index.php\/wp-json\/wp\/v2\/posts\/3330","targetHints":{"allow":["GET"]}}],"collection":[{"href":"https:\/\/13.com.ar\/index.php\/wp-json\/wp\/v2\/posts"}],"about":[{"href":"https:\/\/13.com.ar\/index.php\/wp-json\/wp\/v2\/types\/post"}],"author":[{"embeddable":true,"href":"https:\/\/13.com.ar\/index.php\/wp-json\/wp\/v2\/users\/1"}],"replies":[{"embeddable":true,"href":"https:\/\/13.com.ar\/index.php\/wp-json\/wp\/v2\/comments?post=3330"}],"version-history":[{"count":0,"href":"https:\/\/13.com.ar\/index.php\/wp-json\/wp\/v2\/posts\/3330\/revisions"}],"wp:featuredmedia":[{"embeddable":true,"href":"https:\/\/13.com.ar\/index.php\/wp-json\/wp\/v2\/media\/3331"}],"wp:attachment":[{"href":"https:\/\/13.com.ar\/index.php\/wp-json\/wp\/v2\/media?parent=3330"}],"wp:term":[{"taxonomy":"category","embeddable":true,"href":"https:\/\/13.com.ar\/index.php\/wp-json\/wp\/v2\/categories?post=3330"},{"taxonomy":"post_tag","embeddable":true,"href":"https:\/\/13.com.ar\/index.php\/wp-json\/wp\/v2\/tags?post=3330"}],"curies":[{"name":"wp","href":"https:\/\/api.w.org\/{rel}","templated":true}]}}