{"id":3326,"date":"2025-02-09T16:23:27","date_gmt":"2025-02-09T19:23:27","guid":{"rendered":"https:\/\/13.com.ar\/index.php\/el-drama-de-tener-que-elegir-que-salvar-y-los-que-resisten-en-sus-casas-hasta-el-final\/"},"modified":"2025-02-09T16:23:27","modified_gmt":"2025-02-09T19:23:27","slug":"el-drama-de-tener-que-elegir-que-salvar-y-los-que-resisten-en-sus-casas-hasta-el-final","status":"publish","type":"post","link":"https:\/\/13.com.ar\/index.php\/el-drama-de-tener-que-elegir-que-salvar-y-los-que-resisten-en-sus-casas-hasta-el-final\/","title":{"rendered":"el drama de tener que elegir qu\u00e9 salvar y los que resisten en sus casas hasta el final"},"content":{"rendered":"<p> <br \/>\n<\/p>\n<div id=\"cuerpo\">\n<div class=\"sc-80531b6b-0 chRIGJ container-text text-embed\">\n<p>&#8220;\u00bfLas gallinas las llevamos?&#8221;. La caja de la camioneta en el barrio Amancay, de <strong>El Bols\u00f3n<\/strong>, <strong>R\u00edo Negro<\/strong>, ya tiene dos colchones parados contra un costado, bolsas de consorcio, alimento para animales. Adentro, van chicos. Es el segundo viaje de la familia Mayorga, que ya baj\u00f3 a la ciudad una heladera, cocina y otros elementos de valor. El <strong>fuego acecha<\/strong> y desde las 10 de la ma\u00f1ana del domingo rige la orden de auto evacuaci\u00f3n.<\/p>\n<\/div>\n<div class=\"sc-80531b6b-0 chRIGJ container-text text-embed\">\n<p>&#8220;<em>EI COEM (Centro Operativo de Emergencia) informa a la comunidad en general que, ante la <\/em><strong><em>inminente posibilidad de incendios en Loma del Medio <\/em><\/strong><em>y los barrios del sector, se recomienda realizar una evacuaci\u00f3n preventiva ANTES de las 10 horas del domingo 9<\/em>&#8220;, reza la comunicaci\u00f3n oficial.<\/p>\n<\/div>\n<div class=\"sc-80531b6b-0 chRIGJ container-text text-embed\">\n<p>En el d\u00e9cimo d\u00eda consecutivo de incendio, el COEM aclara los barrios cercanos al casco urbano: &#8220;<em>Desde el barrio Buena Vista hacia el sur y desde el barrio Buena Vista hacia el norte<\/em>&#8220;.<\/p>\n<\/div>\n<div class=\"sc-80531b6b-0 chRIGJ container-text text-embed\">\n<p>Despu\u00e9s de un s\u00e1bado sin viento, donde la principal tarea fue<strong> regar y humedecer las propiedades<\/strong>, el domingo el clima se siente espeso. <\/p>\n<\/div>\n<div class=\"sc-80531b6b-0 chRIGJ container-text text-embed\">\n<p>No es por el humo que tapa el cerro Piltriquitr\u00f3n e invade la ciudad, sino porque los vecinos empiezan a desesperarse por salvar electrodom\u00e9sticos o cosas de valor, por temor al fuego.<\/p>\n<\/div>\n<div class=\"sc-198be8ec-0 cynXbu image-embed  image-embed \"><picture class=\"sc-198be8ec-1 kOjRiQ\"><source media=\"(min-width: 975px)\" width=\"720\" height=\"480\" \/><img alt=\"La familia Mayorga carga todos los objetos de valor que puede en una camioneta para salvarlos del fuego. Foto Euge Neme\" loading=\"lazy\" width=\"720\" height=\"480\" decoding=\"async\" data-nimg=\"1\" style=\"color:transparent\" src=\"https:\/\/13.com.ar\/wp-content\/uploads\/2025\/02\/el-drama-de-tener-que-elegir-que-salvar-y-los.jpg\"\/><span class=\"epigraphe\">La familia Mayorga carga todos los objetos de valor que puede en una camioneta para salvarlos del fuego. Foto Euge Neme<\/span><span class=\"bkg\"\/><span class=\"picture-open\"><button class=\"open-image\" aria-label=\"Open Image\"\/><\/span><\/picture><\/div>\n<div class=\"sc-80531b6b-0 chRIGJ container-text text-embed\">\n<p>Mientras que otros prefieren mojar, desmalezar y hacer corta fuegos \u2013talar los \u00e1rboles cercanos a las viviendas\u2013, para la tarde est\u00e1n anunciadas <strong>r\u00e1fagas de hasta 70 kil\u00f3metros por hora<\/strong>, lo que podr\u00eda ser una cat\u00e1strofe.<\/p>\n<\/div>\n<div class=\"sc-80531b6b-0 chRIGJ container-text text-embed\">\n<p>Todas acciones para resistir, lo que el pron\u00f3stico del clima anticipa como un domingo dif\u00edcil a la tarde-noche, cuando aumentar\u00eda el viento. En la Loma del Medio, el lugar indicado para evacuar, la Polic\u00eda de R\u00edo Negro controla de manera estricta el paso.<\/p>\n<\/div>\n<div class=\"sc-198be8ec-0 cynXbu image-embed  image-embed \"><picture class=\"sc-198be8ec-1 kOjRiQ\"><source media=\"(min-width: 975px)\" width=\"720\" height=\"480\" \/><img alt=\"Antes de que llegue el fuego, los vecinos de Loma del Medio, en El Bols\u00f3n sacan sus cosas de valor. Foto: Euge Neme\" loading=\"lazy\" width=\"720\" height=\"480\" decoding=\"async\" data-nimg=\"1\" style=\"color:transparent\" src=\"https:\/\/13.com.ar\/wp-content\/uploads\/2025\/02\/1739129006_278_el-drama-de-tener-que-elegir-que-salvar-y-los.jpg\"\/><span class=\"epigraphe\">Antes de que llegue el fuego, los vecinos de Loma del Medio, en El Bols\u00f3n sacan sus cosas de valor. Foto: Euge Neme<\/span><span class=\"bkg\"\/><span class=\"picture-open\"><button class=\"open-image\" aria-label=\"Open Image\"\/><\/span><\/picture><\/div>\n<div class=\"sc-80531b6b-0 chRIGJ container-text text-embed\">\n<p>Solo camiones con agua y camionetas con <em>t\u00f3tems<\/em>, como le llaman a las jaulas con tanques pl\u00e1sticos de 1.000 litros, que tienen un costo superior a los<strong> $ 100.000.<\/strong><\/p>\n<\/div>\n<div class=\"sc-80531b6b-0 chRIGJ container-text text-embed\">\n<p>El tr\u00e1nsito va en aumento y levanta el polvo del camino de ripio. Algunos de los vecinos que se<strong> quedan a resistir<\/strong>, llevan heladeras o cocinas a casas de familiares y amigos pero no se mueven para salvar sus casas y para que <strong>no sean robadas<\/strong>. <\/p>\n<\/div>\n<div class=\"sc-198be8ec-0 cynXbu image-embed  image-embed \"><picture class=\"sc-198be8ec-1 kOjRiQ\"><source media=\"(min-width: 975px)\" width=\"720\" height=\"480\" \/><img alt=\"Antes de que llegue el fuego, los vecinos de Loma del Medio, en El Bols\u00f3n sacan sus cosas de valor. Foto: Euge Neme\" loading=\"lazy\" width=\"720\" height=\"480\" decoding=\"async\" data-nimg=\"1\" style=\"color:transparent\" src=\"https:\/\/13.com.ar\/wp-content\/uploads\/2025\/02\/1739129007_517_el-drama-de-tener-que-elegir-que-salvar-y-los.jpg\"\/><span class=\"epigraphe\">Antes de que llegue el fuego, los vecinos de Loma del Medio, en El Bols\u00f3n sacan sus cosas de valor. Foto: Euge Neme<\/span><span class=\"bkg\"\/><span class=\"picture-open\"><button class=\"open-image\" aria-label=\"Open Image\"\/><\/span><\/picture><\/div>\n<div class=\"sc-80531b6b-0 chRIGJ container-text text-embed\">\n<p>&#8220;Es como una guardia&#8221;, resume Rodrigo, de 46 a\u00f1os. Sin heladera o colch\u00f3n para dormir, compran comida en una despensa cercana y esperan a que se terminen las jornadas de viento.<\/p>\n<\/div>\n<div class=\"sc-80531b6b-0 chRIGJ container-text text-embed\">\n<p>&#8220;Las cosas se estropean mucho con sacarlas y moverlas, la cocina, la heladera. Por eso a corto plazo no las vamos a traer, salvo lo elemental. Por ah\u00ed las traemos de vuelta reci\u00e9n en abril&#8221;, comenta Miriam, de 32 a\u00f1os. En la puerta de su casa tiene un <em>t\u00f3tem <\/em>de 1.000 litros vac\u00edo. Est\u00e1<strong> encadenado a un poste<\/strong> porque hay robos y tiene un cartel elocuente: <em>&#8220;Necesitamos agua&#8221;<\/em>.<\/p>\n<\/div>\n<div class=\"sc-198be8ec-0 cynXbu image-embed  image-embed \"><picture class=\"sc-198be8ec-1 kOjRiQ\"><source media=\"(min-width: 975px)\" width=\"720\" height=\"480\" \/><img alt=\"El pedido desesperado de agua para armar reservorios antes de que llegue el fuego en El Bols\u00f3n. Foto Euge Neme\" loading=\"lazy\" width=\"720\" height=\"480\" decoding=\"async\" data-nimg=\"1\" style=\"color:transparent\" src=\"https:\/\/13.com.ar\/wp-content\/uploads\/2025\/02\/1739129007_506_el-drama-de-tener-que-elegir-que-salvar-y-los.jpg\"\/><span class=\"epigraphe\">El pedido desesperado de agua para armar reservorios antes de que llegue el fuego en El Bols\u00f3n. Foto Euge Neme<\/span><span class=\"bkg\"\/><span class=\"picture-open\"><button class=\"open-image\" aria-label=\"Open Image\"\/><\/span><\/picture><\/div>\n<div class=\"sc-80531b6b-0 chRIGJ container-text text-embed\">\n<p>Los camiones municipales de El Bols\u00f3n, los prestados de Bariloche, m\u00e1s los de los voluntarios llenan piletas <em>pelopincho <\/em>o <em>t\u00f3tems <\/em>que los vecinos usan de reservorio. &#8220;Del t\u00f3tem de la puerta, con la bomba llenamos la pileta y <strong>resistimos a baldazos<\/strong>&#8220;, cuenta Miriam. Dejar la casa no es una opci\u00f3n, al menos hasta que el fuego no est\u00e9 cerca, como hace dos a\u00f1os.<\/p>\n<\/div>\n<div class=\"sc-80531b6b-0 chRIGJ container-text text-embed\">\n<p>A las 12.38, el paso raudo y con la sirena prendida del cami\u00f3n del SPLIF (Servicio de Prevenci\u00f3n y Lucha contra Incendios Forestales) <strong>El Bols\u00f3n<\/strong>, <strong>R\u00edo Negro<\/strong>, genera m\u00e1s inquietud. Un foco lleg\u00f3 a la Loma del Medio y en el barrio Amancay los vecinos se apuran por cargar sus pertenencias en veh\u00edculos. Las corridas son intensas y crece el nerviosismo.<\/p>\n<\/div>\n<div class=\"sc-80531b6b-0 chRIGJ container-text text-embed\">\n<p>Paola Mayorga recibe la ayuda de su hija y la pareja. En el segundo viaje de la camioneta <em>Nissan <\/em>va repleto. Atan lo \u00faltimo con sogas, bajo un <strong>calor abrazador que alcanza los 30 grados<\/strong>, hay besos de despedida, abrazos y las miradas se pierden sobre la boscosa de la Loma del Medio.<\/p>\n<\/div>\n<div class=\"sc-198be8ec-0 cynXbu image-embed  image-embed \"><picture class=\"sc-198be8ec-1 kOjRiQ\"><source media=\"(min-width: 975px)\" width=\"720\" height=\"480\" \/><img alt=\"El \u00faltimo nudo antes de salir con la camioneta cargada de La Loma del Medio en El Bols\u00f3n. Foto: Euge Neme\" loading=\"lazy\" width=\"720\" height=\"480\" decoding=\"async\" data-nimg=\"1\" style=\"color:transparent\" src=\"https:\/\/13.com.ar\/wp-content\/uploads\/2025\/02\/1739129007_354_el-drama-de-tener-que-elegir-que-salvar-y-los.jpg\"\/><span class=\"epigraphe\">El \u00faltimo nudo antes de salir con la camioneta cargada de La Loma del Medio en El Bols\u00f3n. Foto: Euge Neme<\/span><span class=\"bkg\"\/><span class=\"picture-open\"><button class=\"open-image\" aria-label=\"Open Image\"\/><\/span><\/picture><\/div>\n<div class=\"sc-80531b6b-0 chRIGJ container-text text-embed\">\n<p>En el camino de ripio, asoman trapos blancos para indicar que tienen sus reservorios vac\u00edos. <strong>&#8220;Nos hab\u00edan prometido ayer que iban a pasar con agua&#8221;<\/strong>, cuenta una mujer mientras con exagerados ademanes llama la atenci\u00f3n de un cami\u00f3n cisterna.<\/p>\n<\/div>\n<div class=\"sc-80531b6b-0 chRIGJ container-text text-embed\">\n<p>En un lenguaje de gestos, sin frenar la indica que est\u00e1 vac\u00edo pero volver\u00e1. Algunos cargan en el destacamento policial de Loma del Medio, donde se arman filas y hay personal de tr\u00e1nsito y otros bajan el r\u00edo Quemquemtreu.<\/p>\n<\/div>\n<p><h2>El Bols\u00f3n: los que resisten el incendio hasta el final<\/h2>\n<\/p>\n<div class=\"sc-198be8ec-0 cynXbu image-embed  image-embed \"><picture class=\"sc-198be8ec-1 kOjRiQ\"><source media=\"(min-width: 975px)\" width=\"720\" height=\"480\" \/><img alt=\"En la medianoche del s\u00e1bado el fuego segu\u00eda fuera de control y se espera un domingo con fuertes vientos. Foto: Euge Neme\" loading=\"lazy\" width=\"720\" height=\"480\" decoding=\"async\" data-nimg=\"1\" style=\"color:transparent\" src=\"https:\/\/13.com.ar\/wp-content\/uploads\/2025\/02\/1739129007_154_el-drama-de-tener-que-elegir-que-salvar-y-los.jpg\"\/><span class=\"epigraphe\">En la medianoche del s\u00e1bado el fuego segu\u00eda fuera de control y se espera un domingo con fuertes vientos. Foto: Euge Neme<\/span><span class=\"bkg\"\/><span class=\"picture-open\"><button class=\"open-image\" aria-label=\"Open Image\"\/><\/span><\/picture><\/div>\n<div class=\"sc-80531b6b-0 chRIGJ container-text text-embed\">\n<p>&#8220;Mi mam\u00e1 dice que no se va, as\u00ed que baj\u00e9 a comprar los repuestos para arreglar generador&#8221;, cuenta con apuro Pablo Fern\u00e1ndez. Constructor, perdi\u00f3 todo con un <strong>incendio de interfase<\/strong> (el incendio forestal se desata en una zona rural), en Golondrinas, Chubut. Es una zona que conforma la Comarca Andina, a pocos kil\u00f3metros de El Bols\u00f3n.<\/p>\n<\/div>\n<div class=\"sc-80531b6b-0 chRIGJ container-text text-embed\">\n<p>La pileta de material funciona como reservorio. Le espera un rato para intentar arreglar el aparato que dar\u00e1 electricidad para usar la bomba. Saben que <strong>se cortar\u00e1 la luz<\/strong> cuando avance el incendio y quieren estar preparados para apagar el fuego.<\/p>\n<\/div>\n<div class=\"sc-80531b6b-0 chRIGJ container-text text-embed\">\n<p>A esa zona llega el agua de red, pero por la demanda sale apenas un hilo. Adem\u00e1s de mojar, la otra alternativa es el corta fuegos. Una tarea es desmalezar los altos pastos secos y la otra es cortar los \u00e1rboles m\u00e1s cercanos a las casas. <\/p>\n<\/div>\n<div class=\"sc-198be8ec-0 cynXbu image-embed  image-embed \"><picture class=\"sc-198be8ec-1 kOjRiQ\"><source media=\"(min-width: 975px)\" width=\"720\" height=\"480\" \/><img alt=\"La desesperante b\u00fasqueda de agua en la Loma del Medio, El Bols\u00f3n ante los incendios. Foto: Euge Neme\" loading=\"lazy\" width=\"720\" height=\"480\" decoding=\"async\" data-nimg=\"1\" style=\"color:transparent\" src=\"https:\/\/13.com.ar\/wp-content\/uploads\/2025\/02\/1739129007_408_el-drama-de-tener-que-elegir-que-salvar-y-los.jpg\"\/><span class=\"epigraphe\">La desesperante b\u00fasqueda de agua en la Loma del Medio, El Bols\u00f3n ante los incendios. Foto: Euge Neme<\/span><span class=\"bkg\"\/><span class=\"picture-open\"><button class=\"open-image\" aria-label=\"Open Image\"\/><\/span><\/picture><\/div>\n<div class=\"sc-80531b6b-0 chRIGJ container-text text-embed\">\n<p>&#8220;Hace dos a\u00f1os nosotros cortamos los \u00e1rboles ac\u00e1 cerca y no lleg\u00f3 el fuego. Nos salvamos&#8221;, asegura Daniel, empleado del supermercado <em>La An\u00f3nima<\/em>, que en el domingo de su franco carga los troncos que corta hacia abajo para que no los agarre el fuego si llega a bajar de la monta\u00f1a.<\/p>\n<\/div>\n<div class=\"sc-80531b6b-0 chRIGJ container-text text-embed\">\n<p>Tambi\u00e9n temen por las cenizas que mueva el viento, que tambi\u00e9n encienden focos. Muchos adelantan que resistir\u00e1n en sus casas hasta el final y se preparan para una tarde-noche de domingo con fuertes r\u00e1fagas de viento que avivar\u00edan las llamas y el avance del fuego de hasta<strong> nueve kil\u00f3metros en tres horas<\/strong>.<\/p>\n<\/div>\n<div class=\"sc-198be8ec-0 cynXbu image-embed  image-embed \"><picture class=\"sc-198be8ec-1 kOjRiQ\"><source media=\"(min-width: 975px)\" width=\"720\" height=\"480\" \/><img alt=\"Un corta fuego casero en la Loma del Medio, para evitar el incendio que se pronostica voraz este domingo en El Bols\u00f3n. Foto:Euge Neme\" loading=\"lazy\" width=\"720\" height=\"480\" decoding=\"async\" data-nimg=\"1\" style=\"color:transparent\" src=\"https:\/\/13.com.ar\/wp-content\/uploads\/2025\/02\/1739129007_419_el-drama-de-tener-que-elegir-que-salvar-y-los.jpg\"\/><span class=\"epigraphe\">Un corta fuego casero en la Loma del Medio, para evitar el incendio que se pronostica voraz este domingo en El Bols\u00f3n. Foto:Euge Neme<\/span><span class=\"bkg\"\/><span class=\"picture-open\"><button class=\"open-image\" aria-label=\"Open Image\"\/><\/span><\/picture><\/div>\n<p><h2>La lucha de los Testigos de Jehov\u00e1<\/h2>\n<\/p>\n<div class=\"sc-80531b6b-0 chRIGJ container-text text-embed\">\n<p>Vestidos con chalecos, guantes, cascos con sus nombres en el frente y ropa de trabajo, tres hombres maniobran para estacionar dos camionetas de culata. Quieren que queden unidos los dos t\u00f3tems de 1000 litros para pasar agua de uno a otro.<\/p>\n<\/div>\n<div class=\"sc-80531b6b-0 chRIGJ container-text text-embed\">\n<p>Con <em>handies<\/em> dan \u00f3rdenes para soltar el agua y empapar una propiedad. El nivel de organizaci\u00f3n es mayor al de los voluntarios que colaboran para humedecer las viviendas. Forman parte de la <strong>comunidad de Testigos de Jehov\u00e1 de El Bols\u00f3n<\/strong> y tienen distintos tipos de equipos.<\/p>\n<\/div>\n<div class=\"sc-198be8ec-0 cynXbu image-embed  image-embed \"><picture class=\"sc-198be8ec-1 kOjRiQ\"><source media=\"(min-width: 975px)\" width=\"720\" height=\"480\" \/><img alt=\"Los Testigos de Jehov\u00e1 se ayudan entre ellos en El Bols\u00f3n. Foto: Euge Neme\" loading=\"lazy\" width=\"720\" height=\"480\" decoding=\"async\" data-nimg=\"1\" style=\"color:transparent\" src=\"https:\/\/13.com.ar\/wp-content\/uploads\/2025\/02\/1739129007_343_el-drama-de-tener-que-elegir-que-salvar-y-los.jpg\"\/><span class=\"epigraphe\">Los Testigos de Jehov\u00e1 se ayudan entre ellos en El Bols\u00f3n. Foto: Euge Neme<\/span><span class=\"bkg\"\/><span class=\"picture-open\"><button class=\"open-image\" aria-label=\"Open Image\"\/><\/span><\/picture><\/div>\n<div class=\"sc-80531b6b-0 chRIGJ container-text text-embed\">\n<p>&#8220;Tenemos cinco camionetas con t\u00f3tems de agua. dos equipos que monitorean la tendencia del fuego y otros dos equipos de ocho personas listos para evacuaci\u00f3n con camionetas&#8221;, enumera Fernando Jaureguialzo (56), coordinador del grupo. La ayuda es para los vecinos afectados y que forman parte de la comunidad que llega a 75 personas.<\/p>\n<\/div>\n<div class=\"sc-80531b6b-0 chRIGJ container-text text-embed\">\n<p>Junto a Ricardo Rugli (53) y Sergio Toloza (52) descargaron <strong>5.000 mil litros en varios viajes<\/strong> y se disponen a llevar 4.000 litros para la familia Aldea, m\u00e1s cerca de la entrada de El Bols\u00f3n y quienes profesan la misma religi\u00f3n.<\/p>\n<\/div>\n<div class=\"sc-198be8ec-0 cynXbu image-embed  image-embed \"><picture class=\"sc-198be8ec-1 kOjRiQ\"><source media=\"(min-width: 975px)\" width=\"720\" height=\"480\" \/><img alt=\"Los Testigos de Jehov\u00e1 se ayudan entre ellos en El Bols\u00f3n. Foto: Euge Neme\" loading=\"lazy\" width=\"720\" height=\"480\" decoding=\"async\" data-nimg=\"1\" style=\"color:transparent\" src=\"https:\/\/13.com.ar\/wp-content\/uploads\/2025\/02\/1739129007_384_el-drama-de-tener-que-elegir-que-salvar-y-los.jpg\"\/><span class=\"epigraphe\">Los Testigos de Jehov\u00e1 se ayudan entre ellos en El Bols\u00f3n. Foto: Euge Neme<\/span><span class=\"bkg\"\/><span class=\"picture-open\"><button class=\"open-image\" aria-label=\"Open Image\"\/><\/span><\/picture><\/div>\n<div class=\"sc-80531b6b-0 chRIGJ container-text text-embed\">\n<p>El movimiento de camionetas es incesante, al igual que el de camiones de bomberos y de brigadistas. Este domingo, el clima no permite el vuelo de aviones y helic\u00f3pteros, lo que carga de angustia a los pobladores.<\/p>\n<\/div>\n<div class=\"sc-80531b6b-0 chRIGJ container-text text-embed\">\n<p>Hoy la tarea es el riego manual y el s\u00e1bado fue el desmalezamiento de terrenos para que el fuego no se propague cerca de los integrantes de la congregaci\u00f3n. El combate contra el incendio interfase no conoce de credos, aunque todos rezan una sola oraci\u00f3n:<strong> la plegaria por una lluvia que no llega.<\/strong><\/p>\n<\/div>\n<div class=\"sc-198be8ec-0 cynXbu image-embed  image-embed \"><picture class=\"sc-198be8ec-1 kOjRiQ\"><source media=\"(min-width: 975px)\" width=\"720\" height=\"480\" \/><img alt=\"La interminable fila para cargar agua en tanques improvisados en La Loma del Medio, El Bols\u00f3n. Foto: Euge Neme\" loading=\"lazy\" width=\"720\" height=\"480\" decoding=\"async\" data-nimg=\"1\" style=\"color:transparent\" src=\"https:\/\/13.com.ar\/wp-content\/uploads\/2025\/02\/1739129007_40_el-drama-de-tener-que-elegir-que-salvar-y-los.jpg\"\/><span class=\"epigraphe\">La interminable fila para cargar agua en tanques improvisados en La Loma del Medio, El Bols\u00f3n. Foto: Euge Neme<\/span><span class=\"bkg\"\/><span class=\"picture-open\"><button class=\"open-image\" aria-label=\"Open Image\"\/><\/span><\/picture><\/div>\n<\/div>\n<p><br \/>\n<br \/><a href=\"https:\/\/www.clarin.com\/sociedad\/incendios-bolson-drama-tener-elegir-salvar-resisten-casas-final_0_gKCxoGj9sy.html\">Fuente Clarin.com <\/a><\/p>\n","protected":false},"excerpt":{"rendered":"<p>&#8220;\u00bfLas gallinas las llevamos?&#8221;. La caja de la camioneta en el barrio Amancay, de El Bols\u00f3n, R\u00edo Negro, ya tiene dos colchones parados contra un costado, bolsas de consorcio, alimento para animales. Adentro, van chicos. Es el segundo viaje de la familia Mayorga, que ya baj\u00f3 a la ciudad una heladera, cocina y otros elementos [&hellip;]<\/p>\n","protected":false},"author":1,"featured_media":3327,"comment_status":"open","ping_status":"open","sticky":false,"template":"","format":"standard","meta":{"footnotes":""},"categories":[2],"tags":[565,5342,2706,477,476,28,286,5343,3258,40,301],"class_list":["post-3326","post","type-post","status-publish","format-standard","has-post-thumbnail","hentry","category-ultimas-noticias","tag-casas","tag-drama","tag-elegir","tag-final","tag-hasta","tag-los","tag-que","tag-resisten","tag-salvar","tag-sus","tag-tener"],"_links":{"self":[{"href":"https:\/\/13.com.ar\/index.php\/wp-json\/wp\/v2\/posts\/3326","targetHints":{"allow":["GET"]}}],"collection":[{"href":"https:\/\/13.com.ar\/index.php\/wp-json\/wp\/v2\/posts"}],"about":[{"href":"https:\/\/13.com.ar\/index.php\/wp-json\/wp\/v2\/types\/post"}],"author":[{"embeddable":true,"href":"https:\/\/13.com.ar\/index.php\/wp-json\/wp\/v2\/users\/1"}],"replies":[{"embeddable":true,"href":"https:\/\/13.com.ar\/index.php\/wp-json\/wp\/v2\/comments?post=3326"}],"version-history":[{"count":0,"href":"https:\/\/13.com.ar\/index.php\/wp-json\/wp\/v2\/posts\/3326\/revisions"}],"wp:featuredmedia":[{"embeddable":true,"href":"https:\/\/13.com.ar\/index.php\/wp-json\/wp\/v2\/media\/3327"}],"wp:attachment":[{"href":"https:\/\/13.com.ar\/index.php\/wp-json\/wp\/v2\/media?parent=3326"}],"wp:term":[{"taxonomy":"category","embeddable":true,"href":"https:\/\/13.com.ar\/index.php\/wp-json\/wp\/v2\/categories?post=3326"},{"taxonomy":"post_tag","embeddable":true,"href":"https:\/\/13.com.ar\/index.php\/wp-json\/wp\/v2\/tags?post=3326"}],"curies":[{"name":"wp","href":"https:\/\/api.w.org\/{rel}","templated":true}]}}