{"id":3322,"date":"2025-02-09T15:41:57","date_gmt":"2025-02-09T18:41:57","guid":{"rendered":"https:\/\/13.com.ar\/index.php\/al-galatasaray-de-mauro-icardi-le-cobraron-un-penal-inexistente-y-el-equipo-rival-se-retiro-de-la-cancha\/"},"modified":"2025-02-09T15:41:57","modified_gmt":"2025-02-09T18:41:57","slug":"al-galatasaray-de-mauro-icardi-le-cobraron-un-penal-inexistente-y-el-equipo-rival-se-retiro-de-la-cancha","status":"publish","type":"post","link":"https:\/\/13.com.ar\/index.php\/al-galatasaray-de-mauro-icardi-le-cobraron-un-penal-inexistente-y-el-equipo-rival-se-retiro-de-la-cancha\/","title":{"rendered":"al Galatasaray de Mauro Icardi le cobraron un penal inexistente y el equipo rival se retir\u00f3 de la cancha"},"content":{"rendered":"<p> <br \/>\n<br \/><img decoding=\"async\" src=\"https:\/\/13.com.ar\/wp-content\/uploads\/2025\/02\/al-Galatasaray-de-Mauro-Icardi-le-cobraron-un-penal-inexistente.jpg\" \/><\/p>\n<div>\n<p>Se trata de un <strong>hecho incre\u00edble <\/strong>para un torneo profesional, de Primera Divisi\u00f3n, y en un pa\u00eds muy futbolero como Turqu\u00eda. Este domingo, el <strong>Adana Demirspor se retir\u00f3 del campo de juego <\/strong>del estadio Ali Sami Yen a la media hora del partido que estaba disputando ante el <strong>Galatasaray <\/strong>como protesta por un <strong>penal inexistente <\/strong>que se\u00f1al\u00f3 el \u00e1rbitro, que convalid\u00f3 el VAR y que convirti\u00f3 <strong>\u00c1lvaro Morata<\/strong>, el espa\u00f1ol que lleg\u00f3 para <strong>reemplazar al lesionado delantero argentino Mauro Icardi<\/strong>.<\/p>\n<\/div>\n<div>\n<p>El capit\u00e1n de la Selecci\u00f3n de Espa\u00f1a adelant\u00f3 al cuadro de Estambul a los diez minutos del encuentro, pero antes de la media hora, el director t\u00e9cnico del conjunto visitante, Mustafa Alper Avci, decidi\u00f3 retirar a su equipo del campo a la vista de que no hab\u00eda existido infracci\u00f3n del alem\u00e1n Semih Guler contra el belga Dries Mertens, que <strong>simul\u00f3 descaradamente <\/strong>despu\u00e9s de tocar la pelota antes que su rival.<\/p>\n<\/div>\n<div>\n<p>Morata, que hab\u00eda convertido el pasado jueves en el partido de Copa ante el Boluspor, no perdon\u00f3 la ocasi\u00f3n para anotar su primer tanto en la Superliga turca desde que lleg\u00f3 hace unas semanas procedente del Milan italiano.<\/p>\n<\/div>\n<div>\n<p>Aunque el encuentro continu\u00f3, la decisi\u00f3n del penal del \u00e1rbitro <strong>Oguzhan \u00c7akir <\/strong>y del responsable del VAR, dirigido por el dan\u00e9s Jakob Alexander Sundberg, acab\u00f3 derivando en el retiro del campo minutos despu\u00e9s del Adana, \u00faltimo de la tabla de posiciones. <strong>La decisi\u00f3n final sobre el encuentro corresponder\u00e1 ahora a los \u00f3rganos disciplinarios de la Federaci\u00f3n Turca<\/strong>.<\/p>\n<\/div>\n<p><br \/>\n<br \/><a href=\"https:\/\/www.clarin.com\/deportes\/insolito-abandono-turquia-galatasaray-mauro-icardi-cobraron-penal-inexistente-equipo-rival-retiro-cancha_0_sXqyDUpnZs.html\">Fuente Clarin.com <\/a><\/p>\n","protected":false},"excerpt":{"rendered":"<p>Se trata de un hecho incre\u00edble para un torneo profesional, de Primera Divisi\u00f3n, y en un pa\u00eds muy futbolero como Turqu\u00eda. Este domingo, el Adana Demirspor se retir\u00f3 del campo de juego del estadio Ali Sami Yen a la media hora del partido que estaba disputando ante el Galatasaray como protesta por un penal inexistente [&hellip;]<\/p>\n","protected":false},"author":1,"featured_media":3323,"comment_status":"open","ping_status":"open","sticky":false,"template":"","format":"standard","meta":{"footnotes":""},"categories":[2],"tags":[5078,5337,1782,5336,133,5338,132,298,3939,1370],"class_list":["post-3322","post","type-post","status-publish","format-standard","has-post-thumbnail","hentry","category-ultimas-noticias","tag-cancha","tag-cobraron","tag-equipo","tag-galatasaray","tag-icardi","tag-inexistente","tag-mauro","tag-penal","tag-retiro","tag-rival"],"_links":{"self":[{"href":"https:\/\/13.com.ar\/index.php\/wp-json\/wp\/v2\/posts\/3322","targetHints":{"allow":["GET"]}}],"collection":[{"href":"https:\/\/13.com.ar\/index.php\/wp-json\/wp\/v2\/posts"}],"about":[{"href":"https:\/\/13.com.ar\/index.php\/wp-json\/wp\/v2\/types\/post"}],"author":[{"embeddable":true,"href":"https:\/\/13.com.ar\/index.php\/wp-json\/wp\/v2\/users\/1"}],"replies":[{"embeddable":true,"href":"https:\/\/13.com.ar\/index.php\/wp-json\/wp\/v2\/comments?post=3322"}],"version-history":[{"count":0,"href":"https:\/\/13.com.ar\/index.php\/wp-json\/wp\/v2\/posts\/3322\/revisions"}],"wp:featuredmedia":[{"embeddable":true,"href":"https:\/\/13.com.ar\/index.php\/wp-json\/wp\/v2\/media\/3323"}],"wp:attachment":[{"href":"https:\/\/13.com.ar\/index.php\/wp-json\/wp\/v2\/media?parent=3322"}],"wp:term":[{"taxonomy":"category","embeddable":true,"href":"https:\/\/13.com.ar\/index.php\/wp-json\/wp\/v2\/categories?post=3322"},{"taxonomy":"post_tag","embeddable":true,"href":"https:\/\/13.com.ar\/index.php\/wp-json\/wp\/v2\/tags?post=3322"}],"curies":[{"name":"wp","href":"https:\/\/api.w.org\/{rel}","templated":true}]}}