{"id":3318,"date":"2025-02-09T15:32:42","date_gmt":"2025-02-09T18:32:42","guid":{"rendered":"https:\/\/13.com.ar\/index.php\/campeon-por-primera-vez-en-2025-y-en-un-torneo-bajo-techo\/"},"modified":"2025-02-09T15:32:42","modified_gmt":"2025-02-09T18:32:42","slug":"campeon-por-primera-vez-en-2025-y-en-un-torneo-bajo-techo","status":"publish","type":"post","link":"https:\/\/13.com.ar\/index.php\/campeon-por-primera-vez-en-2025-y-en-un-torneo-bajo-techo\/","title":{"rendered":"campe\u00f3n por primera vez en 2025 y en un torneo bajo techo"},"content":{"rendered":"<p> <br \/>\n<\/p>\n<div id=\"cuerpo\">\n<div class=\"sc-80531b6b-0 chRIGJ container-text text-embed\">\n<p>Considerada hasta ahora su superficie &#8216;menos buena&#8217;, <strong>Carlos Alcaraz <\/strong>(n\u00famero 3\u00ba del ranking ATP) se consagr\u00f3 por primera vez campe\u00f3n bajo techo, en su primera final, al conquistar este domingo el torneo de Rotterdam, tras imponerse al australiano <strong>Alex de Mi\u00f1aur <\/strong>(8\u00ba) en tres sets, con parciales de 6-4, 3-6 y 6-2.<\/p>\n<\/div>\n<div class=\"sc-198be8ec-0 cynXbu image-embed  image-embed \"><picture class=\"sc-198be8ec-1 kOjRiQ\"><source media=\"(min-width: 975px)\" width=\"720\" height=\"480\" \/><img alt=\"Foto: AP \/ Peter Dejong\" loading=\"lazy\" width=\"720\" height=\"480\" decoding=\"async\" data-nimg=\"1\" style=\"color:transparent\" src=\"https:\/\/13.com.ar\/wp-content\/uploads\/2025\/02\/campeon-por-primera-vez-en-2025-y-en-un-torneo.jpg\"\/><span class=\"epigraphe\">Foto: AP \/ Peter Dejong<\/span><span class=\"bkg\"\/><span class=\"picture-open\"><button class=\"open-image\" aria-label=\"Open Image\"\/><\/span><\/picture><\/div>\n<div class=\"sc-80531b6b-0 chRIGJ container-text text-embed\">\n<p>Rotterdam signific\u00f3, adem\u00e1s, el primer t\u00edtulo en 2025 para el espa\u00f1ol de 21 a\u00f1os, que cuenta ya con 17 trofeos en su palmar\u00e9s y con el que volvi\u00f3 a las primeras planas tras la eliminaci\u00f3n en cuartos de final del Abierto de Australia hace tres semanas contra el serbio Novak Djokovic.<\/p>\n<\/div>\n<div class=\"sc-80531b6b-0 chRIGJ container-text text-embed\">\n<p>El fen\u00f3meno espa\u00f1ol, n\u00famero 1 m\u00e1s joven de la historia, ampl\u00eda una colecci\u00f3n en la que lucen cuatro Grand Slams (US Open 2021, Wimbledon 2023 y 2024, y Roland Garros 2024) y rompe una barrera, los torneos en &#8216;indoor&#8217;, una superficie en la que hab\u00eda demostrado hasta ahora m\u00e1s vulnerabilidad.<\/p>\n<\/div>\n<div class=\"sc-80531b6b-0 chRIGJ container-text text-embed\">\n<p>Alcaraz suma 17 trofeos en 71 torneos disputados como profesional en una semana en la que comenz\u00f3 afectado por un resfriado, sufriendo para vencer al local Botic Van de Zandschulp, y en la que termina con una inyecci\u00f3n de confianza.<\/p>\n<\/div>\n<div class=\"sc-80531b6b-0 chRIGJ container-text text-embed\">\n<p>&#8220;Cada d\u00eda de esta semana me he sentido mejor, no hab\u00eda llegado al 100%&#8230; Gracias a mi equipo por ayudarme. No lo suelo decir muy a menudo, pero les quiero&#8221;, dedic\u00f3 Alcaraz a los suyos, que aplaud\u00edan desde el palco.<\/p>\n<\/div>\n<div class=\"sc-198be8ec-0 cynXbu image-embed  image-embed \"><picture class=\"sc-198be8ec-1 kOjRiQ\"><source media=\"(min-width: 975px)\" width=\"720\" height=\"480\" \/><img alt=\"Foto: REUTERS\/Piroschka Van De Wouw\" loading=\"lazy\" width=\"720\" height=\"480\" decoding=\"async\" data-nimg=\"1\" style=\"color:transparent\" src=\"https:\/\/13.com.ar\/wp-content\/uploads\/2025\/02\/1739125962_592_campeon-por-primera-vez-en-2025-y-en-un-torneo.jpg\"\/><span class=\"epigraphe\">Foto: REUTERS\/Piroschka Van De Wouw<\/span><span class=\"bkg\"\/><span class=\"picture-open\"><button class=\"open-image\" aria-label=\"Open Image\"\/><\/span><\/picture><\/div>\n<div class=\"sc-80531b6b-0 chRIGJ container-text text-embed\">\n<p>&#8220;Ha sido mi primera vez en este torneo y me he sentido aqu\u00ed como si hubiera jugado toda mi vida aqu\u00ed&#8221;, complet\u00f3, para regocijo del p\u00fablico.<\/p>\n<\/div>\n<div class=\"sc-80531b6b-0 chRIGJ container-text text-embed\">\n<p>Con su 17\u00ba t\u00edtulo Alcaraz supera en el &#8216;ranking&#8217; hist\u00f3rico espa\u00f1ol a su t\u00e9cnico <strong>Juan Carlos Ferrero<\/strong>, que logr\u00f3 16. Iguala a <strong>\u00c1lex Corretja <\/strong>y quedan por delante en la &#8216;era Open&#8217; <strong>Carlos Moy\u00e1 <\/strong>(20), <strong>David Ferrer <\/strong>(27), <strong>Manuel Orantes <\/strong>(34) y la leyenda <strong>Rafa Nadal <\/strong>(93).<\/p>\n<\/div>\n<div class=\"sc-80531b6b-0 chRIGJ container-text text-embed\">\n<p>De Mi\u00f1aur volvi\u00f3 a caer en el partido definitivo en la ciudad neerlandesa, tras la derrota que sufri\u00f3 ante el n\u00famero 1 mundial Jannik Sinner hace un a\u00f1o.<\/p>\n<\/div>\n<div class=\"sc-80531b6b-0 chRIGJ container-text text-embed\">\n<p>&#8220;Siempre disfruto de los partidos contigo, aut\u00e9nticas batallas, fuiste demasiado bueno de nuevo&#8221;, le dijo De Mi\u00f1aur a Alcaraz en la entrega de trofeos. &#8220;Ojal\u00e1 alg\u00fan d\u00eda pueda tener el trofeo de ganador, llevo dos a\u00f1os seguidos con el de perdedor&#8221;, asegur\u00f3.<\/p>\n<\/div>\n<div class=\"sc-80531b6b-0 chRIGJ container-text text-embed\">\n<p>El espa\u00f1ol arranc\u00f3 muy bien ganando con autoridad el primer set, pero se enred\u00f3 y cedi\u00f3 en el segundo, lo que le hizo empezar el definitivo contrariado y acelerado en su juego.<\/p>\n<\/div>\n<div class=\"sc-80531b6b-0 chRIGJ container-text text-embed\">\n<p>Pero Alcaraz encontr\u00f3 la pausa y recondujo su tenis, superior al de De Mi\u00f1aur, para lograr el quiebre definitivo en el sexto game (4-2) y quedarse a las puertas del t\u00edtulo.<\/p>\n<\/div>\n<div class=\"sc-80531b6b-0 chRIGJ container-text text-embed\">\n<p>Confirm\u00f3 su saque y firm\u00f3 un nuevo y definitivo &#8216;break&#8217; ante un rival con demasiadas prisas para cerrar el triunfo en una hora y 53 minutos.<\/p>\n<\/div>\n<\/div>\n<p><br \/>\n<br \/><a href=\"https:\/\/www.clarin.com\/deportes\/carlos-alcaraz-domingo-inolvidable-rotterdam-campeon-primera-vez-2025-torneo-techo_0_d20RT15k6W.html\">Fuente Clarin.com <\/a><\/p>\n","protected":false},"excerpt":{"rendered":"<p>Considerada hasta ahora su superficie &#8216;menos buena&#8217;, Carlos Alcaraz (n\u00famero 3\u00ba del ranking ATP) se consagr\u00f3 por primera vez campe\u00f3n bajo techo, en su primera final, al conquistar este domingo el torneo de Rotterdam, tras imponerse al australiano Alex de Mi\u00f1aur (8\u00ba) en tres sets, con parciales de 6-4, 3-6 y 6-2. Foto: AP \/ [&hellip;]<\/p>\n","protected":false},"author":1,"featured_media":3319,"comment_status":"open","ping_status":"open","sticky":false,"template":"","format":"standard","meta":{"footnotes":""},"categories":[2],"tags":[1063,1748,142,89,4570,1025,111],"class_list":["post-3318","post","type-post","status-publish","format-standard","has-post-thumbnail","hentry","category-ultimas-noticias","tag-bajo","tag-campeon","tag-por","tag-primera","tag-techo","tag-torneo","tag-vez"],"_links":{"self":[{"href":"https:\/\/13.com.ar\/index.php\/wp-json\/wp\/v2\/posts\/3318","targetHints":{"allow":["GET"]}}],"collection":[{"href":"https:\/\/13.com.ar\/index.php\/wp-json\/wp\/v2\/posts"}],"about":[{"href":"https:\/\/13.com.ar\/index.php\/wp-json\/wp\/v2\/types\/post"}],"author":[{"embeddable":true,"href":"https:\/\/13.com.ar\/index.php\/wp-json\/wp\/v2\/users\/1"}],"replies":[{"embeddable":true,"href":"https:\/\/13.com.ar\/index.php\/wp-json\/wp\/v2\/comments?post=3318"}],"version-history":[{"count":0,"href":"https:\/\/13.com.ar\/index.php\/wp-json\/wp\/v2\/posts\/3318\/revisions"}],"wp:featuredmedia":[{"embeddable":true,"href":"https:\/\/13.com.ar\/index.php\/wp-json\/wp\/v2\/media\/3319"}],"wp:attachment":[{"href":"https:\/\/13.com.ar\/index.php\/wp-json\/wp\/v2\/media?parent=3318"}],"wp:term":[{"taxonomy":"category","embeddable":true,"href":"https:\/\/13.com.ar\/index.php\/wp-json\/wp\/v2\/categories?post=3318"},{"taxonomy":"post_tag","embeddable":true,"href":"https:\/\/13.com.ar\/index.php\/wp-json\/wp\/v2\/tags?post=3318"}],"curies":[{"name":"wp","href":"https:\/\/api.w.org\/{rel}","templated":true}]}}