{"id":3314,"date":"2025-02-09T14:59:40","date_gmt":"2025-02-09T17:59:40","guid":{"rendered":"https:\/\/13.com.ar\/index.php\/kendrick-lamar-que-hoy-canta-en-el-entretiempo-del-super-bowl-2025-fue-el-primer-rapero-en-ganar-el-premio-pulitzer\/"},"modified":"2025-02-09T14:59:40","modified_gmt":"2025-02-09T17:59:40","slug":"kendrick-lamar-que-hoy-canta-en-el-entretiempo-del-super-bowl-2025-fue-el-primer-rapero-en-ganar-el-premio-pulitzer","status":"publish","type":"post","link":"https:\/\/13.com.ar\/index.php\/kendrick-lamar-que-hoy-canta-en-el-entretiempo-del-super-bowl-2025-fue-el-primer-rapero-en-ganar-el-premio-pulitzer\/","title":{"rendered":"Kendrick Lamar, que hoy canta en el entretiempo del Super Bowl 2025, fue el primer rapero en ganar el Premio Pulitzer"},"content":{"rendered":"<p> <br \/>\n<br \/><img decoding=\"async\" src=\"https:\/\/13.com.ar\/wp-content\/uploads\/2025\/02\/Kendrick-Lamar-que-hoy-canta-en-el-entretiempo-del-Super.jpg\" \/><\/p>\n<div>\n<p>La noticia es que <strong>Kendrick Lamar <\/strong>cantar\u00e1 hoy en el entretiempo del Super Bowl. Un honor reservado para pocos: Prince, Beyonc\u00e9, los Rolling Stones, The Weeknd, etc.<\/p>\n<\/div>\n<div>\n<p>Pero hace siete a\u00f1os, el rapero estadounidense -que fue el gran ganador de los premios Grammy la semana pasada-  fue distinguido con el Premio Pulitzer en el rubro musical por su \u00faltimo disco, <em>Damn<\/em>, y de esta manera se convirti\u00f3 en el primer artista en ganarlo por un g\u00e9nero que no sea jazz o cl\u00e1sico.<\/p>\n<\/div>\n<div>\n<p>En ese momento, en declaraciones a la prensa recogidas por la agencia DPA, el vocero del jurado de la Universidad de Columbia de Nueva York que entrega el premio, Dana Canedy, afirm\u00f3 que <em>Damn<\/em> -el \u00e1lbum de Kendrick Lamar- fue considerado una &#8220;virtuosa selecci\u00f3n de canciones unidas por su autenticidad coloquial y din\u00e1mica r\u00edtmica&#8221;, que reflejan &#8220;la complejidad de la vida afroamericana moderna&#8221;.<\/p>\n<\/div>\n<div>\n<p>El californiano de 37 a\u00f1os es uno de los mayores exponentes del hip hop, con letras que acent\u00faan las ra\u00edces pol\u00edticas del g\u00e9nero. Su voz combativa y enojada se puede apreciar en temas como<em> Feel<\/em>, <em>Yah<\/em> o <em>Duckworth, <\/em>incluidos en<em> Damn,<\/em> y en sus tres \u00e1lbumes de estudio previos: <em>Section.80<\/em> (2011), <em>Good Kid, M.A.A.D City <\/em>(2012) y <em>To Pimp a Butterfly<\/em> (2015).<\/p>\n<\/div>\n<div>\n<p>Donald Trump no se salv\u00f3 de la pluma filosa de Lamar. En <em>The Heart Part 4<\/em>\u00a0(lanzada poco antes de <em>Damn<\/em>, pero no incluida en el \u00e1lbum), le dedic\u00f3 unos versos al presidente de los Estados Unidos:\u00a0\u201cDonald Trump es un tonto, as\u00ed nos sentimos, v\u00e1ndalo \/D\u00edganle a \u00e9l que Dios vendr\u00e1&#8221;.<\/p>\n<\/div>\n<div>\n<p><em>Damn<\/em>, que contiene catorce temas, fue lanzado el 14 de abril del a\u00f1o pasado y\u00a0en enero\u00a0le vali\u00f3 a\u00a0Lamar cinco premios Grammy. Ahora se suma el Pulitzer, donde tuvo como rivales en la final a los \u00e1lbumes <em>Quartet<\/em>, pieza para cuerdas del m\u00fasico cl\u00e1sico Michael Gilbertson; y <em>Sound from the Bench<\/em>, una cantata del compositor Ted Hearne.<\/p>\n<\/div>\n<div>\n<p>Los premios Pulitzer, que son administrados por la Universidad de Columbia, se entregaron ayer por cent\u00e9simo segunda vez, con reconocimientos en veinte\u00a0categor\u00edas, de las cuales catorce\u00a0son period\u00edsticas.\u00a0Entre las otras seis se premia tambi\u00e9n la literatura, el teatro y, desde 1943, tambi\u00e9n a la actividad musical estadounidense.<\/p>\n<\/div>\n<p><br \/>\n<br \/><a href=\"https:\/\/www.clarin.com\/espectaculos\/kendrick-lamar-hoy-canta-entretiempo-super-bowl-2025-primer-rapero-ganar-premio-pulitzer_0_5Dy9KpYOqG.html\">Fuente Clarin.com <\/a><\/p>\n","protected":false},"excerpt":{"rendered":"<p>La noticia es que Kendrick Lamar cantar\u00e1 hoy en el entretiempo del Super Bowl. Un honor reservado para pocos: Prince, Beyonc\u00e9, los Rolling Stones, The Weeknd, etc. Pero hace siete a\u00f1os, el rapero estadounidense -que fue el gran ganador de los premios Grammy la semana pasada- fue distinguido con el Premio Pulitzer en el rubro [&hellip;]<\/p>\n","protected":false},"author":1,"featured_media":3315,"comment_status":"open","ping_status":"open","sticky":false,"template":"","format":"standard","meta":{"footnotes":""},"categories":[2],"tags":[1807,5161,100,5325,105,2199,147,5162,5163,2000,195,5327,5326,780],"class_list":["post-3314","post","type-post","status-publish","format-standard","has-post-thumbnail","hentry","category-ultimas-noticias","tag-bowl","tag-canta","tag-del","tag-entretiempo","tag-fue","tag-ganar","tag-hoy","tag-kendrick","tag-lamar","tag-premio","tag-primer","tag-pulitzer","tag-rapero","tag-super"],"_links":{"self":[{"href":"https:\/\/13.com.ar\/index.php\/wp-json\/wp\/v2\/posts\/3314","targetHints":{"allow":["GET"]}}],"collection":[{"href":"https:\/\/13.com.ar\/index.php\/wp-json\/wp\/v2\/posts"}],"about":[{"href":"https:\/\/13.com.ar\/index.php\/wp-json\/wp\/v2\/types\/post"}],"author":[{"embeddable":true,"href":"https:\/\/13.com.ar\/index.php\/wp-json\/wp\/v2\/users\/1"}],"replies":[{"embeddable":true,"href":"https:\/\/13.com.ar\/index.php\/wp-json\/wp\/v2\/comments?post=3314"}],"version-history":[{"count":0,"href":"https:\/\/13.com.ar\/index.php\/wp-json\/wp\/v2\/posts\/3314\/revisions"}],"wp:featuredmedia":[{"embeddable":true,"href":"https:\/\/13.com.ar\/index.php\/wp-json\/wp\/v2\/media\/3315"}],"wp:attachment":[{"href":"https:\/\/13.com.ar\/index.php\/wp-json\/wp\/v2\/media?parent=3314"}],"wp:term":[{"taxonomy":"category","embeddable":true,"href":"https:\/\/13.com.ar\/index.php\/wp-json\/wp\/v2\/categories?post=3314"},{"taxonomy":"post_tag","embeddable":true,"href":"https:\/\/13.com.ar\/index.php\/wp-json\/wp\/v2\/tags?post=3314"}],"curies":[{"name":"wp","href":"https:\/\/api.w.org\/{rel}","templated":true}]}}