{"id":3306,"date":"2025-02-09T14:15:34","date_gmt":"2025-02-09T17:15:34","guid":{"rendered":"https:\/\/13.com.ar\/index.php\/ecuador-ya-elige-presidente-en-un-pais-agobiado-por-la-violencia-narcotraficante-endeudado-y-polarizado\/"},"modified":"2025-02-09T14:15:34","modified_gmt":"2025-02-09T17:15:34","slug":"ecuador-ya-elige-presidente-en-un-pais-agobiado-por-la-violencia-narcotraficante-endeudado-y-polarizado","status":"publish","type":"post","link":"https:\/\/13.com.ar\/index.php\/ecuador-ya-elige-presidente-en-un-pais-agobiado-por-la-violencia-narcotraficante-endeudado-y-polarizado\/","title":{"rendered":"Ecuador ya elige presidente, en un pa\u00eds agobiado por la violencia narcotraficante, endeudado y polarizado"},"content":{"rendered":"<p> <br \/>\n<\/p>\n<div id=\"cuerpo\">\n<div class=\"sc-80531b6b-0 chRIGJ container-text text-embed\">\n<p>Unos 14 millones de ecuatorianos votan este domingo para elegir al pr\u00f3ximo presidente, e<strong>n un pa\u00eds desangrado por la violencia del narcotr\u00e1fico<\/strong>, endeudado y dividido entre el regreso de la izquierda o la continuidad del actual mandatario Daniel Noboa.<\/p>\n<\/div>\n<div class=\"sc-80531b6b-0 chRIGJ container-text text-embed\">\n<p>Los primeros sufragantes llegaron a cuentagotas y abrigados por el fr\u00edo de la capital andina, rodeada de volcanes y a 2.850 metros sobre el nivel del mar. Algunos polic\u00edas requisaron sus mochilas antes de entrar a los colegios electorales.<\/p>\n<\/div>\n<div class=\"sc-80531b6b-0 chRIGJ container-text text-embed\">\n<p><strong>&#8220;El pa\u00eds se est\u00e1 cayendo.<\/strong> Lo \u00fanico que pido al presidente entrante es que arregle lo mal que est\u00e1&#8221;, dijo Luis Jaime Torres, un comerciante de 28 a\u00f1os, antes de votar en Quito.<\/p>\n<\/div>\n<div class=\"sc-80531b6b-0 chRIGJ container-text text-embed\">\n<p>Aunque rige la veda para la publicaci\u00f3n de encuestas, varias firmas dan como <strong>favoritos a dos candidatos opuestos<\/strong>: Luisa Gonz\u00e1lez, delfina del expresidente socialista Rafael Correa (2007-2017), y Noboa, el actual gobernante. Todo indica que ninguno tendr\u00e1 suficiente margen para evitar el balotaje del 13 de abril.<\/p>\n<\/div>\n<div class=\"sc-80531b6b-0 chRIGJ container-text text-embed\">\n<p>El ganador de las elecciones ser\u00e1 quien obtenga en la primera vuelta la mayor\u00eda absoluta, es decir,<strong> m\u00e1s del 50% de los votos, o quien acumule el 40% de los sufragios y una diferencia de 10 puntos sobre su inmediato rival<\/strong>. El pr\u00f3ximo presidente asumir\u00e1 el poder en mayo. En Ecuador, el voto es obligatorio para los ciudadanos entre 18 y 64 a\u00f1os, y optativo para los adolescentes desde 16 y 17 a\u00f1os y los adultos mayores a 65.<\/p>\n<\/div>\n<div class=\"sc-80531b6b-0 chRIGJ container-text text-embed\">\n<p>El presidente vot\u00f3 acompa\u00f1ado de su familia en el balneario de Ol\u00f3n (suroeste).<\/p>\n<\/div>\n<div class=\"sc-80531b6b-0 chRIGJ container-text text-embed\">\n<p>Los ecuatorianos esperan que el pr\u00f3ximo gobierno <strong>pueda reflotar un pa\u00eds en crisis econ\u00f3mica y anegado por la guerra<\/strong> entre una mir\u00edada de carteles enfrentados por el bot\u00edn de la coca\u00edna.<\/p>\n<\/div>\n<div class=\"sc-80531b6b-0 chRIGJ container-text text-embed\">\n<p><strong>Bajo la sombra de un magnicidio en 2023<\/strong>, las campa\u00f1as transcurrieron en medio de fuertes esquemas de seguridad y propuestas enfocadas en frenar la violencia, que deja una tasa de 38 homicidios por cada 100.000 habitantes.<\/p>\n<\/div>\n<div class=\"sc-198be8ec-0 cynXbu image-embed  image-embed \"><picture class=\"sc-198be8ec-1 kOjRiQ\"><source media=\"(min-width: 975px)\" width=\"720\" height=\"480\" \/><img alt=\"En este nuevo duelo electoral entre Daniel Noboa, de 37 a\u00f1os, y Luisa Gonz\u00e1lez, de 47, ella va por la revancha y \u00e9l por la reelecci\u00f3n. Foto Reuters \" loading=\"lazy\" width=\"720\" height=\"480\" decoding=\"async\" data-nimg=\"1\" style=\"color:transparent\" src=\"https:\/\/13.com.ar\/wp-content\/uploads\/2025\/02\/Ecuador-ya-elige-presidente-en-un-pais-agobiado-por-la.jpg\"\/><span class=\"epigraphe\">En este nuevo duelo electoral entre Daniel Noboa, de 37 a\u00f1os, y Luisa Gonz\u00e1lez, de 47, ella va por la revancha y \u00e9l por la reelecci\u00f3n. Foto Reuters <\/span><span class=\"bkg\"\/><span class=\"picture-open\"><button class=\"open-image\" aria-label=\"Open Image\"\/><\/span><\/picture><\/div>\n<div class=\"sc-80531b6b-0 chRIGJ container-text text-embed\">\n<p>El servicio de emergencias alert\u00f3 sobre &#8220;graves denuncias de un posible atentado contra la democracia&#8221;, sin ahondar en detalles. Las fronteras est\u00e1n cerradas y militarizadas hasta el lunes.<\/p>\n<\/div>\n<div class=\"sc-80531b6b-0 chRIGJ container-text text-embed\">\n<p><strong>&#8220;He tenido amenazas<\/strong> (&#8230;) Hay informes de inteligencia que dicen que hay riesgos, que quieren atentar contra mi vida&#8221;, dijo la candidata Gonz\u00e1lez a la AFP.<\/p>\n<\/div>\n<div class=\"sc-80531b6b-0 chRIGJ container-text text-embed\">\n<p>Ecuador necesita<strong> &#8220;una soluci\u00f3n a la delincuencia, la corrupci\u00f3n y la econom\u00eda<\/strong>, todas esas deudas que tiene el pa\u00eds&#8221;, dijo a la AFP la dise\u00f1adora Paula Carri\u00f3n, de 26 a\u00f1os.<\/p>\n<\/div>\n<p><h2>Los favoritos<\/h2>\n<\/p>\n<div class=\"sc-80531b6b-0 chRIGJ container-text text-embed\">\n<p>Los ecuatorianos ejercer\u00e1n el sufragio obligatorio para elegir presidente y vicepresidente de entre 16 binomios, 151 asamble\u00edstas y cinco parlamentarios andinos.<\/p>\n<\/div>\n<div class=\"sc-80531b6b-0 chRIGJ container-text text-embed\">\n<p>En este nuevo duelo electoral entre <strong>Noboa, de 37 a\u00f1os, y Gonz\u00e1lez, de 47, ella va por la revancha y \u00e9l por la reelecci\u00f3n<\/strong>. Los candidatos se enfrentaron en los comicios de 2023, en los que el millonario empresario se convirti\u00f3 en uno de los presidentes m\u00e1s j\u00f3venes del mundo.<\/p>\n<\/div>\n<div class=\"sc-80531b6b-0 chRIGJ container-text text-embed\">\n<p>Esta vez, Gonz\u00e1lez aspira a ser la primera presidenta electa en la historia del pa\u00eds.<\/p>\n<\/div>\n<div class=\"sc-80531b6b-0 chRIGJ container-text text-embed\">\n<p>Heredero de un magnate bananero, <strong>Noboa dio la sorpresa en 2023 cuando fue elegido pese a su magra experiencia pol\u00edtica.<\/strong><\/p>\n<\/div>\n<div class=\"sc-198be8ec-0 cynXbu image-embed  image-embed \"><picture class=\"sc-198be8ec-1 kOjRiQ\"><source media=\"(min-width: 975px)\" width=\"720\" height=\"480\" \/><img alt=\"La candidata presidencial del corre\u00edsmo, Luisa Gonz\u00e1lez, asiste a votar durante las elecciones presidenciales. Foto EFE\" loading=\"lazy\" width=\"720\" height=\"480\" decoding=\"async\" data-nimg=\"1\" style=\"color:transparent\" src=\"https:\/\/13.com.ar\/wp-content\/uploads\/2025\/02\/1739121334_797_Ecuador-ya-elige-presidente-en-un-pais-agobiado-por-la.jpg\"\/><span class=\"epigraphe\">La candidata presidencial del corre\u00edsmo, Luisa Gonz\u00e1lez, asiste a votar durante las elecciones presidenciales. Foto EFE<\/span><span class=\"bkg\"\/><span class=\"picture-open\"><button class=\"open-image\" aria-label=\"Open Image\"\/><\/span><\/picture><\/div>\n<div class=\"sc-80531b6b-0 chRIGJ container-text text-embed\">\n<p>Gan\u00f3 la elecci\u00f3n para completar hasta mayo pr\u00f3ximo el per\u00edodo de Guillermo Lasso, quien disolvi\u00f3 el Congreso y llam\u00f3 a elecciones anticipadas <strong>para evitar que el Legislativo lo destituyese en un juicio pol\u00edtico por corrupci\u00f3n.<\/strong><\/p>\n<\/div>\n<div class=\"sc-80531b6b-0 chRIGJ container-text text-embed\">\n<p>Muy activo en redes sociales, Noboa se ha hecho popular como un gobernante con mano de hierro contra el narco, deportista, m\u00fasico, amoroso con su familia y amante de los tatuajes.<\/p>\n<\/div>\n<div class=\"sc-80531b6b-0 chRIGJ container-text text-embed\">\n<p><strong>&#8220;El Ecuador ya cambi\u00f3 y quiere seguir cambiando<\/strong>, quiere consolidar el triunfo&#8221;, dijo el mandatario.<\/p>\n<\/div>\n<div class=\"sc-80531b6b-0 chRIGJ container-text text-embed\">\n<p>Su n\u00e9mesis, Gonz\u00e1lez,<strong> es una madre soltera, tatuada y cristiana <\/strong>con una agenda que promete m\u00e1s seguridad &#8220;con justicia social&#8221; y respeto a los derechos humanos.<\/p>\n<\/div>\n<div class=\"sc-80531b6b-0 chRIGJ container-text text-embed\">\n<p>Expertos cuestionan los escasos proyectos de los candidatos para enfrentar la peor crisis en medio siglo, con campa\u00f1as plagadas de desinformaci\u00f3n en redes sociales y el uso cada vez m\u00e1s sofisticado de la inteligencia artificial.<\/p>\n<\/div>\n<div class=\"sc-80531b6b-0 chRIGJ container-text text-embed\">\n<p><strong>&#8220;Es un reality, una memecraci<\/strong>a (&#8230;) y eso lo \u00fanico que logra es que la gente se desconecte de la pol\u00edtica (&#8230;) es una sociedad que ha bajado los brazos&#8221;, apunta el analista pol\u00edtico Leonardo Laso.<\/p>\n<\/div>\n<div class=\"sc-80531b6b-0 chRIGJ container-text text-embed\">\n<p>Noboa termina un breve pero vertiginoso mandato: <strong>cortes de electricidad por una hist\u00f3rica sequ\u00eda, disputas diplom\u00e1ticas con M\u00e9xico<\/strong> y denuncias de abusos de la fuerza p\u00fablica en su ofensiva contra el crimen.<\/p>\n<\/div>\n<div class=\"sc-80531b6b-0 chRIGJ container-text text-embed\">\n<p>Cuatro ni\u00f1os fueron asesinados y calcinados en Guayaquil (suroeste), en un caso que enloda a 16 militares.<\/p>\n<\/div>\n<div class=\"sc-80531b6b-0 chRIGJ container-text text-embed\">\n<p><strong>Los ecuatorianos resienten los estragos de un Estado endeudado<\/strong> con una pobreza del 28% y concentrado en financiar la costosa guerra contra el narco.<\/p>\n<\/div>\n<div class=\"sc-80531b6b-0 chRIGJ container-text text-embed\">\n<p>Para el analista Laso, estos espectaculares operativos proyectan una imagen del pa\u00eds que espanta &#8220;toda posibilidad de inversi\u00f3n&#8221; y genera &#8220;un clima adverso a la generaci\u00f3n de empleo&#8221;.<\/p>\n<\/div>\n<div class=\"sc-80531b6b-0 chRIGJ container-text text-embed\">\n<p><strong>La deuda p\u00fablica bordea el 57% del PIB, seg\u00fan el FMI.<\/strong><\/p>\n<\/div>\n<div class=\"sc-80531b6b-0 chRIGJ container-text text-embed\">\n<p>El futuro de Ecuador es &#8220;desolador, sinceramente. Hay que votar con conciencia&#8221;, clama la estudiante Valentina Moncayo, de 18 a\u00f1os.<\/p>\n<\/div>\n<\/div>\n<p><br \/>\n<br \/><a href=\"https:\/\/www.clarin.com\/mundo\/ecuador-elige-presidente-pais-agobiado-violencia-narcotraficante-endeudado-polarizado_0_1DAv1evR9T.html\">Fuente Clarin.com <\/a><\/p>\n","protected":false},"excerpt":{"rendered":"<p>Unos 14 millones de ecuatorianos votan este domingo para elegir al pr\u00f3ximo presidente, en un pa\u00eds desangrado por la violencia del narcotr\u00e1fico, endeudado y dividido entre el regreso de la izquierda o la continuidad del actual mandatario Daniel Noboa. Los primeros sufragantes llegaron a cuentagotas y abrigados por el fr\u00edo de la capital andina, rodeada [&hellip;]<\/p>\n","protected":false},"author":1,"featured_media":3307,"comment_status":"open","ping_status":"open","sticky":false,"template":"","format":"standard","meta":{"footnotes":""},"categories":[2],"tags":[5315,1702,3563,5317,5316,134,4954,142,135,3028],"class_list":["post-3306","post","type-post","status-publish","format-standard","has-post-thumbnail","hentry","category-ultimas-noticias","tag-agobiado","tag-ecuador","tag-elige","tag-endeudado","tag-narcotraficante","tag-pais","tag-polarizado","tag-por","tag-presidente","tag-violencia"],"_links":{"self":[{"href":"https:\/\/13.com.ar\/index.php\/wp-json\/wp\/v2\/posts\/3306","targetHints":{"allow":["GET"]}}],"collection":[{"href":"https:\/\/13.com.ar\/index.php\/wp-json\/wp\/v2\/posts"}],"about":[{"href":"https:\/\/13.com.ar\/index.php\/wp-json\/wp\/v2\/types\/post"}],"author":[{"embeddable":true,"href":"https:\/\/13.com.ar\/index.php\/wp-json\/wp\/v2\/users\/1"}],"replies":[{"embeddable":true,"href":"https:\/\/13.com.ar\/index.php\/wp-json\/wp\/v2\/comments?post=3306"}],"version-history":[{"count":0,"href":"https:\/\/13.com.ar\/index.php\/wp-json\/wp\/v2\/posts\/3306\/revisions"}],"wp:featuredmedia":[{"embeddable":true,"href":"https:\/\/13.com.ar\/index.php\/wp-json\/wp\/v2\/media\/3307"}],"wp:attachment":[{"href":"https:\/\/13.com.ar\/index.php\/wp-json\/wp\/v2\/media?parent=3306"}],"wp:term":[{"taxonomy":"category","embeddable":true,"href":"https:\/\/13.com.ar\/index.php\/wp-json\/wp\/v2\/categories?post=3306"},{"taxonomy":"post_tag","embeddable":true,"href":"https:\/\/13.com.ar\/index.php\/wp-json\/wp\/v2\/tags?post=3306"}],"curies":[{"name":"wp","href":"https:\/\/api.w.org\/{rel}","templated":true}]}}