{"id":3304,"date":"2025-02-09T13:53:27","date_gmt":"2025-02-09T16:53:27","guid":{"rendered":"https:\/\/13.com.ar\/index.php\/si-tuvo-tiempo-en-la-agenda\/"},"modified":"2025-02-09T13:53:27","modified_gmt":"2025-02-09T16:53:27","slug":"si-tuvo-tiempo-en-la-agenda","status":"publish","type":"post","link":"https:\/\/13.com.ar\/index.php\/si-tuvo-tiempo-en-la-agenda\/","title":{"rendered":"\u201cS\u00ed tuvo tiempo en la agenda\u201d"},"content":{"rendered":"<p> <br \/>\n<br \/><img decoding=\"async\" src=\"https:\/\/13.com.ar\/wp-content\/uploads\/2025\/02\/Si-tuvo-tiempo-en-la-agenda.jpg\" \/><\/p>\n<div>\n<p>En el mismo, hizo referencia a<strong> la ausencia de Mauro Icardi en los cumplea\u00f1os de sus dos hijas<\/strong>, Francesca e Isabella, as\u00ed como el de Valentino, su hijo con Maxi L\u00f3pez.<\/p>\n<\/div>\n<div>\n<p>En lugar de asistir a los festejos, <strong>el futbolista prefiri\u00f3 pasar tiempo con su nueva novia, Eugenia \u201cLa China\u201d Su\u00e1rez<\/strong>, algo que Wanda reproch\u00f3 muy furiosa.<\/p>\n<\/div>\n<div>\n<p>\u201cChicas miren que no le tengo miedo a nada. Pero el p\u00e1nico a un hombre despechado s\u00ed\u2026 Y<strong> me da escalofr\u00edos hasta d\u00f3nde pueden llegar<\/strong>\u201d, hab\u00eda comenzado diciendo en un primer comunicado.<\/p>\n<\/div>\n<div>\n<p>Y sum\u00f3: \u201c\u00bfEl despecho hasta d\u00f3nde te puede llevar? <strong>Algunos conviven con mujeres que nunca escuch\u00e9 hablar,<\/strong> peor de alguien avisando previamente que lo har\u00edan para lastimarme. Pufff, a m\u00ed nada me lastima porque vivo mi vida sin pensar en causarle dolor a nadie\u201d.<\/p>\n<\/div>\n<div>\n<p>Pero, sus palabras en contra de Icardi no terminaron all\u00ed, y Wanda fue por m\u00e1s. \u201cPor \u00faltimo aclaro, y la Justicia tiene las pruebas, que <strong>no exist\u00eda perimetral en ning\u00fan festejo de mis hijos.<\/strong> El padre que eligi\u00f3 no venir a los 3 cumplea\u00f1os de sus hijos fue por su elecci\u00f3n y consejos de su nuevo entorno\u201d, escribi\u00f3, luego de que el futbolista se defendiera diciendo que no fue a los cumplea\u00f1os ya que Wanda ten\u00eda una perimetral en su contra.<\/p>\n<\/div>\n<div>\n<p>En otra parte del comunicado, Nara asegur\u00f3 que no permitir\u00e1 que sus hijos asistan al cumplea\u00f1os de Icardi, quien celebra el 19 de febrero, <strong>record\u00f3 la respuesta que le dio a su hija Francesca cuando lo invit\u00f3 a su festejo<\/strong> y lo juzg\u00f3 por haber ido a la fiesta de Magnolia.<\/p>\n<\/div>\n<div>\n<p>\u201c<strong>\u00bfSupongo que tampoco pretender\u00e1 que los menores s\u00ed vayan a su festejo de cumplea\u00f1os?<\/strong> No juzgo que cada uno viva su vida como prefiera. As\u00ed como me ver\u00e1 la cara en las audiencias que me cit\u00f3\u2026 y son presenciales. Me pod\u00eda ver la cara y<strong> de paso estar con su hija pero parece que su ocupada agenda<\/strong>, dicho por \u00e9l mismo, no lo dejo estar ni colaborar con los cumplea\u00f1os,<strong> lo que s\u00ed hizo con hijos \u2018nuevos\u2019,<\/strong> ya que los hace llamar hermanos a todos, ni <strong>tampoco mand\u00f3 un regalo ni un ramo de flores a su hija<\/strong> ni nada. Ni por el chofer\u201d, arremeti\u00f3.<\/p>\n<\/div>\n<div>\n<p>Y cerr\u00f3: \u201cSu nueva compa\u00f1\u00eda le dej\u00f3 un recuerdo a mis hijas&#8230; que <strong>el padre s\u00ed tuvo tiempo en la agenda para las dos celebraciones de su hija.<\/strong> Gracias, est\u00e1s haciendo todo para que mis hijas te respeten y te quieran el d\u00eda de ma\u00f1ana&#8230; innecesario pero<strong> evidentemente sigue buscando el dolor en mis hijas<\/strong>. Yo seguir\u00e9 siendo la leona que defiende a sus hijas\u201d.<\/p>\n<\/div>\n<p><br \/>\n<br \/><a href=\"https:\/\/www.clarin.com\/fama\/wanda-nara-fulmino-mauro-icardi-faltar-cumpleanos-hijos-ir-magnolia-tiempo-agenda_0_jOOTvzLomW.html\">Fuente Clarin.com <\/a><\/p>\n","protected":false},"excerpt":{"rendered":"<p>En el mismo, hizo referencia a la ausencia de Mauro Icardi en los cumplea\u00f1os de sus dos hijas, Francesca e Isabella, as\u00ed como el de Valentino, su hijo con Maxi L\u00f3pez. En lugar de asistir a los festejos, el futbolista prefiri\u00f3 pasar tiempo con su nueva novia, Eugenia \u201cLa China\u201d Su\u00e1rez, algo que Wanda reproch\u00f3 [&hellip;]<\/p>\n","protected":false},"author":1,"featured_media":3305,"comment_status":"open","ping_status":"open","sticky":false,"template":"","format":"standard","meta":{"footnotes":""},"categories":[2],"tags":[472,5296,561,507],"class_list":["post-3304","post","type-post","status-publish","format-standard","has-post-thumbnail","hentry","category-ultimas-noticias","tag-agenda","tag-si","tag-tiempo","tag-tuvo"],"_links":{"self":[{"href":"https:\/\/13.com.ar\/index.php\/wp-json\/wp\/v2\/posts\/3304","targetHints":{"allow":["GET"]}}],"collection":[{"href":"https:\/\/13.com.ar\/index.php\/wp-json\/wp\/v2\/posts"}],"about":[{"href":"https:\/\/13.com.ar\/index.php\/wp-json\/wp\/v2\/types\/post"}],"author":[{"embeddable":true,"href":"https:\/\/13.com.ar\/index.php\/wp-json\/wp\/v2\/users\/1"}],"replies":[{"embeddable":true,"href":"https:\/\/13.com.ar\/index.php\/wp-json\/wp\/v2\/comments?post=3304"}],"version-history":[{"count":0,"href":"https:\/\/13.com.ar\/index.php\/wp-json\/wp\/v2\/posts\/3304\/revisions"}],"wp:featuredmedia":[{"embeddable":true,"href":"https:\/\/13.com.ar\/index.php\/wp-json\/wp\/v2\/media\/3305"}],"wp:attachment":[{"href":"https:\/\/13.com.ar\/index.php\/wp-json\/wp\/v2\/media?parent=3304"}],"wp:term":[{"taxonomy":"category","embeddable":true,"href":"https:\/\/13.com.ar\/index.php\/wp-json\/wp\/v2\/categories?post=3304"},{"taxonomy":"post_tag","embeddable":true,"href":"https:\/\/13.com.ar\/index.php\/wp-json\/wp\/v2\/tags?post=3304"}],"curies":[{"name":"wp","href":"https:\/\/api.w.org\/{rel}","templated":true}]}}