{"id":3300,"date":"2025-02-09T13:23:40","date_gmt":"2025-02-09T16:23:40","guid":{"rendered":"https:\/\/13.com.ar\/index.php\/alexander-zverev-y-un-problema-inesperado-antes-de-su-debut-en-el-argentina-open-puede-alguien-explicarme\/"},"modified":"2025-02-09T13:23:40","modified_gmt":"2025-02-09T16:23:40","slug":"alexander-zverev-y-un-problema-inesperado-antes-de-su-debut-en-el-argentina-open-puede-alguien-explicarme","status":"publish","type":"post","link":"https:\/\/13.com.ar\/index.php\/alexander-zverev-y-un-problema-inesperado-antes-de-su-debut-en-el-argentina-open-puede-alguien-explicarme\/","title":{"rendered":"Alexander Zverev y un problema inesperado antes de su debut en el Argentina Open: &#8220;Puede alguien explicarme&#8230;&#8221;"},"content":{"rendered":"<p> <br \/>\n<br \/><img decoding=\"async\" src=\"https:\/\/13.com.ar\/wp-content\/uploads\/2025\/02\/Alexander-Zverev-y-un-problema-inesperado-antes-de-su-debut.jpg\" \/><\/p>\n<div>\n<p><strong>Alexander Zverev se prepara para, por primera vez, jugar en el ATP de Buenos Aires<\/strong>. Pero la previa de su estreno en el Argentina Open, previsto para mi\u00e9rcoles o jueves por tratarse del n\u00famero 2 del mundo y m\u00e1ximo preclasificado, tuvo un problema inesperado. Este domingo, a trav\u00e9s de sus redes sociales, <strong>el alem\u00e1n revel\u00f3 que sus valijas no llegaron al aeropuerto de Buenos Aires&#8230; sino a las Islas Maldivas<\/strong>.<\/p>\n<\/div>\n<div>\n<p><strong>&#8220;\u00bfPuede alguien explicarme c\u00f3mo en la tierra es posible volar de Roma a Buenos Aires pero mis valijas que deber\u00edan venir conmigo fueron enviadas a las Maldivas? Supongo que ellas necesitan vacaciones&#8221;<\/strong>, escribi\u00f3 en una historia de Instagram el \u00faltimo finalista del Abierto de Australia, donde perdi\u00f3 con el italiano Jannik Sinner.<\/p>\n<\/div>\n<div>\n<p><em>Sascha<\/em> ya hab\u00eda venido a Argentina en 2019 para una exhibici\u00f3n con Roger Federer, pero en este caso aspira a quedarse algunos d\u00edas m\u00e1s, porque es una de las grandes estrellas del circuito y uno de los favoritos de los fan\u00e1ticos. En su carrera gan\u00f3 <strong>23 t\u00edtulos<\/strong>, entre ellos siete Masters 1000, dos ediciones de las ATP Finals y el oro ol\u00edmpico de Tokio, jug\u00f3 tres finales de Grand Slam -US Open 2020, Roland Garros 2024 y Australian Open 2025- y es el n\u00famero dos del mundo.<\/p>\n<\/div>\n<div>\n<p>Zverev jugar\u00e1 por primera vez el Argentina Open, una de las paradas m\u00e1s importante (y la que m\u00e1s ediciones lleva disputadas) de la gira sudamericana de polvo de ladrillo, que completan las citas de R\u00edo de Janeiro y Santiago de Chile. Hasta el a\u00f1o pasado, se jugaba tambi\u00e9n el torneo de C\u00f3rdoba, pero la ATP decidi\u00f3 borrarlo del calendario, un golpe duro para el tenis de la regi\u00f3n. Y el alem\u00e1n, en la previa a su debut, destac\u00f3 el valor de estos cert\u00e1menes.<\/p>\n<\/div>\n<div>\n<p>&#8220;Este es el \u00fanico momento de la temporada en la que ten\u00e9s torneos profesionales en esta parte del mundo a nivel ATP. El tenis es un deporte global y muy importante en Sudam\u00e9rica, en especial en Argentina y Brasil, de los que hist\u00f3ricamente tiene siempre grandes jugadores. Tener esta gira de polvo de ladrillo es muy importante para el desarrollo del deporte ac\u00e1 y el circuito en general&#8221;, afirm\u00f3 en una entrevista con <strong>Clar\u00edn<\/strong>.<\/p>\n<\/div>\n<div>\n<p>Como m\u00e1ximo favorito, Sascha quedar\u00e1 libre en la primera ronda y arrancar\u00e1 ante el ganador del choque entre el espa\u00f1ol <strong>Roberto Carballes Baena <\/strong>y el serbio <strong>Dusan Lajovic<\/strong>. Y dej\u00f3 en claro a qu\u00e9 vino a Buenos Aires: <strong>&#8220;Estoy 100 por ciento enfocado en prepararme y competir a mi m\u00e1ximo porque quiero ganar el t\u00edtulo&#8221;<\/strong>.<\/p>\n<\/div>\n<p><br \/>\n<br \/><a href=\"https:\/\/www.clarin.com\/deportes\/alexander-zverev-problema-inesperado-debut-argentina-open-puede-alguien-explicarme_0_ydPG5F8WbJ.html\">Fuente Clarin.com <\/a><\/p>\n","protected":false},"excerpt":{"rendered":"<p>Alexander Zverev se prepara para, por primera vez, jugar en el ATP de Buenos Aires. Pero la previa de su estreno en el Argentina Open, previsto para mi\u00e9rcoles o jueves por tratarse del n\u00famero 2 del mundo y m\u00e1ximo preclasificado, tuvo un problema inesperado. Este domingo, a trav\u00e9s de sus redes sociales, el alem\u00e1n revel\u00f3 [&hellip;]<\/p>\n","protected":false},"author":1,"featured_media":3301,"comment_status":"open","ping_status":"open","sticky":false,"template":"","format":"standard","meta":{"footnotes":""},"categories":[2],"tags":[5310,2899,733,288,1442,5312,965,4738,242,136,5311],"class_list":["post-3300","post","type-post","status-publish","format-standard","has-post-thumbnail","hentry","category-ultimas-noticias","tag-alexander","tag-alguien","tag-antes","tag-argentina","tag-debut","tag-explicarme","tag-inesperado","tag-open","tag-problema","tag-puede","tag-zverev"],"_links":{"self":[{"href":"https:\/\/13.com.ar\/index.php\/wp-json\/wp\/v2\/posts\/3300","targetHints":{"allow":["GET"]}}],"collection":[{"href":"https:\/\/13.com.ar\/index.php\/wp-json\/wp\/v2\/posts"}],"about":[{"href":"https:\/\/13.com.ar\/index.php\/wp-json\/wp\/v2\/types\/post"}],"author":[{"embeddable":true,"href":"https:\/\/13.com.ar\/index.php\/wp-json\/wp\/v2\/users\/1"}],"replies":[{"embeddable":true,"href":"https:\/\/13.com.ar\/index.php\/wp-json\/wp\/v2\/comments?post=3300"}],"version-history":[{"count":0,"href":"https:\/\/13.com.ar\/index.php\/wp-json\/wp\/v2\/posts\/3300\/revisions"}],"wp:featuredmedia":[{"embeddable":true,"href":"https:\/\/13.com.ar\/index.php\/wp-json\/wp\/v2\/media\/3301"}],"wp:attachment":[{"href":"https:\/\/13.com.ar\/index.php\/wp-json\/wp\/v2\/media?parent=3300"}],"wp:term":[{"taxonomy":"category","embeddable":true,"href":"https:\/\/13.com.ar\/index.php\/wp-json\/wp\/v2\/categories?post=3300"},{"taxonomy":"post_tag","embeddable":true,"href":"https:\/\/13.com.ar\/index.php\/wp-json\/wp\/v2\/tags?post=3300"}],"curies":[{"name":"wp","href":"https:\/\/api.w.org\/{rel}","templated":true}]}}