{"id":3296,"date":"2025-02-09T12:40:31","date_gmt":"2025-02-09T15:40:31","guid":{"rendered":"https:\/\/13.com.ar\/index.php\/enfermo-el-papa-francisco-no-pudo-leer-su-mensaje-antibelico-ante-30-mil-militares-del-mundo\/"},"modified":"2025-02-09T12:40:31","modified_gmt":"2025-02-09T15:40:31","slug":"enfermo-el-papa-francisco-no-pudo-leer-su-mensaje-antibelico-ante-30-mil-militares-del-mundo","status":"publish","type":"post","link":"https:\/\/13.com.ar\/index.php\/enfermo-el-papa-francisco-no-pudo-leer-su-mensaje-antibelico-ante-30-mil-militares-del-mundo\/","title":{"rendered":"Enfermo, el papa Francisco no pudo leer su mensaje antib\u00e9lico ante 30 mil militares del mundo"},"content":{"rendered":"<p> <br \/>\n<\/p>\n<div id=\"cuerpo\">\n<div class=\"sc-80531b6b-0 chRIGJ container-text text-embed\">\n<p>Ante <strong>30 mil militares<\/strong> de todo el mundo reunidos en el Vaticano para el<strong> <\/strong>Jubileo de las Fuerzas Armadas, <strong>el papa Francisco<\/strong>, que <strong>no pudo dar su homil\u00eda<\/strong> personalmente \u201cpor <strong>dificultades en la respiraci\u00f3n<\/strong>\u201d, como advirti\u00f3 \u00e9l mismo al pasar el documento que le\u00eda a un ayudante, hizo un dram\u00e1tico llamado a que \u201ccallen las armas y se escuche el grito de paz&#8221;.<\/p>\n<\/div>\n<div class=\"sc-80531b6b-0 chRIGJ container-text text-embed\">\n<p>\u201cHermanos y hermanas, recemos por la paz. Por <strong>la martirizada Ucrania, por Palestina, Israel<\/strong>, Myanmar, todo Oriente Medio, Sud\u00e1n&#8221;, enumer\u00f3 el sumo pont\u00edfice, ante una plaza de San Pedro con mucha gente, con los paramentos verdes que usaron todos los celebrantes y que <strong>contrastaba con los uniformes militares<\/strong> de los fieles que ocupaban la zona central.<\/p>\n<\/div>\n<div class=\"sc-80531b6b-0 chRIGJ container-text text-embed\">\n<p>El m\u00e1ximo exponente de la Iglesia Cat\u00f3lica brind\u00f3 un mensaje antib\u00e9lico. \u201cQue callen las armas en todo el mundo y se escuche <strong>el grito de los pueblos, que piden paz<\/strong>\u201d, dijo Francisco <strong>tras rezar el \u00c1ngelus<\/strong> y bendecir a la multitud.<\/p>\n<\/div>\n<div class=\"sc-80531b6b-0 chRIGJ container-text text-embed\">\n<p>Aunque no pudo leer la homil\u00eda, s\u00ed pudo brindar ese mensaje, agradeciendo la presencia de los militares, agentes de seguridad y otros miembros de organismos del orden p\u00fablico de distintas latitudes.<\/p>\n<\/div>\n<div class=\"sc-80531b6b-0 chRIGJ container-text text-embed\">\n<p>Francisco extendi\u00f3 su saludo <strong>\u201ca todos los militares del mundo\u201d<\/strong> y record\u00f3 la ense\u00f1anza de la Iglesia cat\u00f3lica sobre las guerras, recogidas en la constituci\u00f3n apost\u00f3lica \u201cGaudium et Spes\u201d de 1975, que fue promulgada al t\u00e9rmino del Concilio Vaticano II.<\/p>\n<\/div>\n<div class=\"sc-80531b6b-0 chRIGJ container-text text-embed\">\n<p>Se\u00f1al\u00f3 que \u201clos que est\u00e1n al servicio de la patria se hallan en el ejercicio en las fijas del ej\u00e9rcito deben considerarse <strong>servidores de la seguridad y libertad <\/strong>de los pueblos\u201d, ley\u00f3 el papa argentino.<\/p>\n<\/div>\n<div class=\"sc-80531b6b-0 chRIGJ container-text text-embed\">\n<p>Agreg\u00f3 que \u201ceste servicio armado debe ser ejercido<strong> solo por leg\u00edtima defensa,<\/strong> jam\u00e1s para imponer el dominio sobre otras naciones, siempre observando las convenciones internacionales en materia de conflicto y en el<strong> respeto de la vida y de la creaci\u00f3n<\/strong>\u201d.<\/p>\n<\/div>\n<div class=\"sc-80531b6b-0 chRIGJ container-text text-embed\">\n<p>La eucarist\u00eda fue celebrada por el cardenal Robert Francis Prevost. El papa sigui\u00f3 la ceremonia<strong> sentado en un sill\u00f3n<\/strong> junto al altar, cerca del celebrante.<\/p>\n<\/div>\n<div class=\"sc-80531b6b-0 chRIGJ container-text text-embed\">\n<p>V\u00edctima de otra bronquitis -cuadro que sufre y se reitera desde hace a\u00f1os- ley\u00f3 con dificultad la primera parte de la homil\u00eda, hasta que <strong>pidi\u00f3 perd\u00f3n y pas\u00f3 la lectura del texto<\/strong> al maestro de las celebraciones lit\u00fargicas, el arzobispo Diego Ravelli.<\/p>\n<\/div>\n<div class=\"sc-80531b6b-0 chRIGJ container-text text-embed\">\n<p>El jubileo de los militares es el segundo gran acto dedicado a un sector determinado del A\u00f1o Santo del 2025, despu\u00e9s del celebrado por las Comunicaciones en el mundo, que tuvo lugar en enero.<\/p>\n<\/div>\n<div class=\"sc-80531b6b-0 chRIGJ container-text text-embed\">\n<p>En su homil\u00eda, pidi\u00f3 a los militares no perder de vista los fines de sus servicios y acciones. \u201cEs decir, promover la vida, <strong>salvar la vida, defender la vida<\/strong>, siempre\u201d.<\/p>\n<\/div>\n<div class=\"sc-80531b6b-0 chRIGJ container-text text-embed\">\n<p>Y agreg\u00f3, ya en voz de su asistente: \u201cLes pido por favor que vigilen contra la tentaci\u00f3n de cultivar un esp\u00edritu de guerra para no ser seducidos por el mito de la fuerza y el ruido de las armas\u201d.<\/p>\n<\/div>\n<div class=\"sc-80531b6b-0 chRIGJ container-text text-embed\">\n<p>Tambi\u00e9n pidi\u00f3 a los militares y fuerzas de seguridad que &#8220;vigilen para no contaminarse nunca por el veneno de la propaganda del odio que divide al mundo\u201d, enfatiz\u00f3.<\/p>\n<\/div>\n<div class=\"sc-198be8ec-0 cynXbu image-embed  image-embed \"><picture class=\"sc-198be8ec-1 kOjRiQ\"><source media=\"(min-width: 975px)\" width=\"720\" height=\"480\" \/><img alt=\"La llegada del papa Francisco al Jubileo de las Fuerzas Armadas en el Vaticano, donde no pude leer su homil\u00eda por su salud. Foto EFE \/ Massimo Percossi\" loading=\"lazy\" width=\"720\" height=\"480\" decoding=\"async\" data-nimg=\"1\" style=\"color:transparent\" src=\"https:\/\/13.com.ar\/wp-content\/uploads\/2025\/02\/Enfermo-el-papa-Francisco-no-pudo-leer-su-mensaje-antibelico.jpg\"\/><span class=\"epigraphe\">La llegada del papa Francisco al Jubileo de las Fuerzas Armadas en el Vaticano, donde no pude leer su homil\u00eda por su salud. Foto EFE \/ Massimo Percossi<\/span><span class=\"bkg\"\/><span class=\"picture-open\"><button class=\"open-image\" aria-label=\"Open Image\"\/><\/span><\/picture><\/div>\n<div class=\"sc-80531b6b-0 chRIGJ container-text text-embed\">\n<p>El Papa lleg\u00f3 a la plaza en auto, despu\u00e9s de una lluvia persistente de la noche de este s\u00e1bado que se prolong\u00f3 hasta la madrugada. En cada una de sus breves intervenciones durante el jubileo se le notaba la voz tomada y, como en los \u00faltimos d\u00edas, se lo vio aquejado por sucesivos episodios de tos.<\/p>\n<\/div>\n<div class=\"sc-80531b6b-0 chRIGJ container-text text-embed\">\n<p>Los 30 mil militares y miembros de las fuerzas del orden y de seguridad reunidos dedicaron la jornada tambi\u00e9n a <strong>atravesar la Puerta Santa<\/strong>, que es la \u00faltima a la derecha en la majestuosa entrada al edificio de la bas\u00edlica de San Pedro. <\/p>\n<\/div>\n<div class=\"sc-80531b6b-0 chRIGJ container-text text-embed\">\n<p>Los italianos formaban obviamente los grupos principales, en total unos 20 mil uniformados. Los otros diez mil proven\u00edan de todo el mundo. Por la Am\u00e9rica Latina hab\u00eda <strong>militares de Argentina<\/strong>, Colombia, Brasil, Chile, Ecuador y M\u00e9xico.<\/p>\n<\/div>\n<div class=\"sc-80531b6b-0 chRIGJ container-text text-embed\">\n<p><em>Corresponsal en el Vaticano.<\/em><\/p>\n<\/div>\n<\/div>\n<p><br \/>\n<br \/><a href=\"https:\/\/www.clarin.com\/mundo\/enfermo-papa-francisco-pudo-leer-mensaje-antibelico-30-mil-militares-mundo_0_WUUfPkud0O.html\">Fuente Clarin.com <\/a><\/p>\n","protected":false},"excerpt":{"rendered":"<p>Ante 30 mil militares de todo el mundo reunidos en el Vaticano para el Jubileo de las Fuerzas Armadas, el papa Francisco, que no pudo dar su homil\u00eda personalmente \u201cpor dificultades en la respiraci\u00f3n\u201d, como advirti\u00f3 \u00e9l mismo al pasar el documento que le\u00eda a un ayudante, hizo un dram\u00e1tico llamado a que \u201ccallen las [&hellip;]<\/p>\n","protected":false},"author":1,"featured_media":3297,"comment_status":"open","ping_status":"open","sticky":false,"template":"","format":"standard","meta":{"footnotes":""},"categories":[2],"tags":[2759,5307,100,4952,917,3214,211,2116,1187,143,2919,3050],"class_list":["post-3296","post","type-post","status-publish","format-standard","has-post-thumbnail","hentry","category-ultimas-noticias","tag-ante","tag-antibelico","tag-del","tag-enfermo","tag-francisco","tag-leer","tag-mensaje","tag-mil","tag-militares","tag-mundo","tag-papa","tag-pudo"],"_links":{"self":[{"href":"https:\/\/13.com.ar\/index.php\/wp-json\/wp\/v2\/posts\/3296","targetHints":{"allow":["GET"]}}],"collection":[{"href":"https:\/\/13.com.ar\/index.php\/wp-json\/wp\/v2\/posts"}],"about":[{"href":"https:\/\/13.com.ar\/index.php\/wp-json\/wp\/v2\/types\/post"}],"author":[{"embeddable":true,"href":"https:\/\/13.com.ar\/index.php\/wp-json\/wp\/v2\/users\/1"}],"replies":[{"embeddable":true,"href":"https:\/\/13.com.ar\/index.php\/wp-json\/wp\/v2\/comments?post=3296"}],"version-history":[{"count":0,"href":"https:\/\/13.com.ar\/index.php\/wp-json\/wp\/v2\/posts\/3296\/revisions"}],"wp:featuredmedia":[{"embeddable":true,"href":"https:\/\/13.com.ar\/index.php\/wp-json\/wp\/v2\/media\/3297"}],"wp:attachment":[{"href":"https:\/\/13.com.ar\/index.php\/wp-json\/wp\/v2\/media?parent=3296"}],"wp:term":[{"taxonomy":"category","embeddable":true,"href":"https:\/\/13.com.ar\/index.php\/wp-json\/wp\/v2\/categories?post=3296"},{"taxonomy":"post_tag","embeddable":true,"href":"https:\/\/13.com.ar\/index.php\/wp-json\/wp\/v2\/tags?post=3296"}],"curies":[{"name":"wp","href":"https:\/\/api.w.org\/{rel}","templated":true}]}}