{"id":32426,"date":"2025-06-10T04:41:43","date_gmt":"2025-06-10T07:41:43","guid":{"rendered":"https:\/\/13.com.ar\/index.php\/tendran-que-presentar-un-plan-de-emergencia\/"},"modified":"2025-06-10T04:41:43","modified_gmt":"2025-06-10T07:41:43","slug":"tendran-que-presentar-un-plan-de-emergencia","status":"publish","type":"post","link":"https:\/\/13.com.ar\/index.php\/tendran-que-presentar-un-plan-de-emergencia\/","title":{"rendered":"tendr\u00e1n que presentar un plan de emergencia"},"content":{"rendered":"<p> <br \/>\n<br \/><img decoding=\"async\" src=\"https:\/\/13.com.ar\/wp-content\/uploads\/2025\/06\/tendran-que-presentar-un-plan-de-emergencia.jpg\" \/><\/p>\n<div id=\"element-body-0\">\n<p>A trav\u00e9s de distintas <strong>Resoluciones de la Superintendencia de Servicios de Salud<\/strong> publicadas en el <strong>Bolet\u00edn Oficial <\/strong>de este martes, el Gobierno declar\u00f3 en <strong>situaci\u00f3n de crisis a cuatro obras sociales<\/strong> que, ante este marco, deber\u00e1n <strong>presentar un plan de contingencia<\/strong> en un plazo no mayor a 15 d\u00edas.<\/p>\n<\/div>\n<div id=\"element-body-1\">\n<p>Seg\u00fan los documentos oficiales, que llevan los n\u00fameros 939\/2025, 940\/2025, 941\/2025 y 942\/2025, y la firma del responsable de aquel organismo, Gabriel Gonzalo Oriolo, la decisi\u00f3n se tom\u00f3 ante<strong> una serie de irregularidades e incumplimientos <\/strong>detectados en los prestadores de salud all\u00ed mencionados.<\/p>\n<\/div>\n<div id=\"element-body-2\">\n<p>En espec\u00edfico, se trata de la Obra Social Fedec\u00e1maras (FEDECAMARAS), la Obra Social de T\u00e9cnicos de F\u00fatbol (OSTECF), la Obra Social de Agentes de Propaganda M\u00e9dica de Entre R\u00edos (OSAPMER) y la Obra Social Volkswagen Argentina S.A.<\/p>\n<\/div>\n<div id=\"element-body-3\">\n<p>En todos los casos, el Gobierno justific\u00f3 la normativa al remarcar que los prestadores se encuentran en situaci\u00f3n de crisis por <strong>presentar, al 28 de febrero de 2025, un factor de criticidad superior <\/strong>al valor l\u00edmite previsto en el Anexo del Decreto N\u00ba 1400\/01.<\/p>\n<\/div>\n<div id=\"element-body-4\">\n<p>Ante esa situaci\u00f3n, explican los considerandos de la normativa, \u201cresultan de aplicaci\u00f3n las medidas previstas en el art\u00edculo 20 y el Anexo III\u201d del mismo decreto.<\/p>\n<\/div>\n<div id=\"element-body-5\">\n<p>Adem\u00e1s, indican que, en consecuencia, los agentes del seguro de salud deber\u00e1n \u201cpresentar un Plan de Contingencia que incluya como pautas m\u00ednimas, <strong>metas de cumplimiento trimestral<\/strong>, expresadas conforme los indicadores que sirven de sustento a los Criterios N\u00fameros 1, 2 y 3 del Anexo II del Decreto N\u00b0 1400\/01 y un conjunto de acciones concretas que se aplicar\u00e1n al momento de la puesta en marcha del mentado Plan\u201d.<\/p>\n<\/div>\n<div id=\"element-body-6\">\n<p>\u201cLas Gerencias integrantes del Comit\u00e9 de Evaluaci\u00f3n y Seguimiento del Procedimiento de Crisis y Liquidaci\u00f3n de los Agentes del Seguro de Salud, ser\u00e1n las encargadas de efectuar el seguimiento del tr\u00e1mite en el \u00e1mbito de su competencia\u201d, agregaron los documentos.<\/p>\n<\/div>\n<p><br \/>\n<br \/><a href=\"https:\/\/www.clarin.com\/politica\/gobierno-declaro-situacion-crisis-obras-sociales-presentar-plan-emergencia_0_xxbbqzzFuB.html\">Fuente Clarin.com <\/a><\/p>\n","protected":false},"excerpt":{"rendered":"<p>A trav\u00e9s de distintas Resoluciones de la Superintendencia de Servicios de Salud publicadas en el Bolet\u00edn Oficial de este martes, el Gobierno declar\u00f3 en situaci\u00f3n de crisis a cuatro obras sociales que, ante este marco, deber\u00e1n presentar un plan de contingencia en un plazo no mayor a 15 d\u00edas. Seg\u00fan los documentos oficiales, que llevan [&hellip;]<\/p>\n","protected":false},"author":1,"featured_media":32427,"comment_status":"open","ping_status":"open","sticky":false,"template":"","format":"standard","meta":{"footnotes":""},"categories":[2],"tags":[1551,33,3147,2545],"class_list":["post-32426","post","type-post","status-publish","format-standard","has-post-thumbnail","hentry","category-ultimas-noticias","tag-emergencia","tag-plan","tag-presentar","tag-tendran"],"_links":{"self":[{"href":"https:\/\/13.com.ar\/index.php\/wp-json\/wp\/v2\/posts\/32426","targetHints":{"allow":["GET"]}}],"collection":[{"href":"https:\/\/13.com.ar\/index.php\/wp-json\/wp\/v2\/posts"}],"about":[{"href":"https:\/\/13.com.ar\/index.php\/wp-json\/wp\/v2\/types\/post"}],"author":[{"embeddable":true,"href":"https:\/\/13.com.ar\/index.php\/wp-json\/wp\/v2\/users\/1"}],"replies":[{"embeddable":true,"href":"https:\/\/13.com.ar\/index.php\/wp-json\/wp\/v2\/comments?post=32426"}],"version-history":[{"count":0,"href":"https:\/\/13.com.ar\/index.php\/wp-json\/wp\/v2\/posts\/32426\/revisions"}],"wp:featuredmedia":[{"embeddable":true,"href":"https:\/\/13.com.ar\/index.php\/wp-json\/wp\/v2\/media\/32427"}],"wp:attachment":[{"href":"https:\/\/13.com.ar\/index.php\/wp-json\/wp\/v2\/media?parent=32426"}],"wp:term":[{"taxonomy":"category","embeddable":true,"href":"https:\/\/13.com.ar\/index.php\/wp-json\/wp\/v2\/categories?post=32426"},{"taxonomy":"post_tag","embeddable":true,"href":"https:\/\/13.com.ar\/index.php\/wp-json\/wp\/v2\/tags?post=32426"}],"curies":[{"name":"wp","href":"https:\/\/api.w.org\/{rel}","templated":true}]}}