{"id":3232,"date":"2025-02-09T06:35:23","date_gmt":"2025-02-09T09:35:23","guid":{"rendered":"https:\/\/13.com.ar\/index.php\/autorizan-la-caza-con-perros-de-una-de-las-principales-plagas-que-afectan-al-campo-en-una-provincia-clave\/"},"modified":"2025-02-09T06:35:23","modified_gmt":"2025-02-09T09:35:23","slug":"autorizan-la-caza-con-perros-de-una-de-las-principales-plagas-que-afectan-al-campo-en-una-provincia-clave","status":"publish","type":"post","link":"https:\/\/13.com.ar\/index.php\/autorizan-la-caza-con-perros-de-una-de-las-principales-plagas-que-afectan-al-campo-en-una-provincia-clave\/","title":{"rendered":"Autorizan la caza con perros de una de las principales plagas que afectan al campo en una provincia clave"},"content":{"rendered":"<p> <br \/>\n<\/p>\n<div id=\"cuerpo\">\n<div class=\"sc-80531b6b-0 chRIGJ container-text text-embed\">\n<p>La provincia de La Pampa habilit\u00f3 la <strong>caza deportiva de jabal\u00edes con perros para el a\u00f1o 2025<\/strong> en campos registrados espec\u00edficamente para ese fin y cotos. El per\u00edodo, sin l\u00edmite de piezas por cazador, se extiende del 1 de marzo al 30 de noviembre para el caso de los machos y del 1 de marzo al 15 de septiembre en el de las hembras.<\/p>\n<\/div>\n<div class=\"sc-80531b6b-0 chRIGJ container-text text-embed\">\n<p>El jabal\u00ed se ha convertido en una plaga en varias provincias argentinas durante los \u00faltimos a\u00f1os, generando <strong>serios da\u00f1os productivos, sanitarios, econ\u00f3micos y ambientales<\/strong>, por eso, en distintas jurisdicciones del pa\u00eds se ha autorizado y reglamentado su caza, incluso aumentando el n\u00famero de animales capturados permitidos. <\/p>\n<\/div>\n<div class=\"sc-80531b6b-0 chRIGJ container-text text-embed\">\n<p>En este caso, La Pampa, a trav\u00e9s de la Disposici\u00f3n 29 de la Subsecretar\u00eda de Asuntos Agrarios, habilita la pr\u00e1ctica pero con la utilizaci\u00f3n de perros, algo cuestionado por las asociaciones protectoras de animales, habi\u00e9ndose, incluso, presentado un amparo por inconstitucionalidad en 2022, fundamentando que infringe la Ley 14346 de Protecci\u00f3n Animal.<\/p>\n<\/div>\n<div class=\"sc-198be8ec-0 cynXbu image-embed  image-embed \"><picture class=\"sc-198be8ec-1 kOjRiQ\"><source media=\"(min-width: 975px)\" width=\"720\" height=\"480\" \/><img alt=\"Invasi\u00f3n de jabal\u00edes en Islas del Ibicuy, Entre R\u00edos.\" loading=\"lazy\" width=\"720\" height=\"480\" decoding=\"async\" data-nimg=\"1\" style=\"color:transparent\" src=\"https:\/\/13.com.ar\/wp-content\/uploads\/2025\/02\/Autorizan-la-caza-con-perros-de-una-de-las-principales.jpg\"\/><span class=\"epigraphe\">Invasi\u00f3n de jabal\u00edes en Islas del Ibicuy, Entre R\u00edos.<\/span><span class=\"bkg\"\/><span class=\"picture-open\"><button class=\"open-image\" aria-label=\"Open Image\"\/><\/span><\/picture><\/div>\n<div class=\"sc-80531b6b-0 chRIGJ container-text text-embed\">\n<p>La pr\u00e1ctica permite la caza del jabal\u00ed utilizando <strong>entre 2 y 8 canes<\/strong>. Quien la realice debe contar con el <strong>Permiso para la Caza Deportiva Mayor de Jabal\u00ed con Perros<\/strong>, adem\u00e1s de la autorizaci\u00f3n del due\u00f1o del campo o el ocupante legal para la caza deportiva en su predio exclusiva para esa pr\u00e1ctica. Tambi\u00e9n deber\u00e1 contar con la <strong>Libreta Sanitaria de cada perro<\/strong>, aprobada por el Colegio M\u00e9dico Veterinario de La Pampa o expedida por un Colegio M\u00e9dico Veterinario asociado a algunas de las instituciones que nuclean los mismos. En la misma constan los datos del can, su foto, n\u00famero de identificaci\u00f3n electr\u00f3nica, los datos del titular responsable y certificado de vacunaci\u00f3n antirr\u00e1bica vigente. <\/p>\n<\/div>\n<div class=\"sc-80531b6b-0 chRIGJ container-text text-embed\">\n<p>Esta modalidad se autoriza <strong>s\u00f3lo en predios rurales cuyo due\u00f1o u ocupante legal as\u00ed lo autorice<\/strong>, desde el domicilio del cazador con perros declarado hasta el establecimiento indicado. Los perros no pueden permanecer en otros predios, ni en caminos o calles p\u00fablicas.<\/p>\n<\/div>\n<div class=\"sc-198be8ec-0 cynXbu image-embed  image-embed \"><picture class=\"sc-198be8ec-1 kOjRiQ\"><source media=\"(min-width: 975px)\" width=\"720\" height=\"480\" \/><img alt=\"Jabal\u00edes cazados en un campo argentino.\" loading=\"lazy\" width=\"720\" height=\"480\" decoding=\"async\" data-nimg=\"1\" style=\"color:transparent\" src=\"https:\/\/13.com.ar\/wp-content\/uploads\/2025\/02\/1739093723_488_Autorizan-la-caza-con-perros-de-una-de-las-principales.jpg\"\/><span class=\"epigraphe\">Jabal\u00edes cazados en un campo argentino.<\/span><span class=\"bkg\"\/><span class=\"picture-open\"><button class=\"open-image\" aria-label=\"Open Image\"\/><\/span><\/picture><\/div>\n<div class=\"sc-80531b6b-0 chRIGJ container-text text-embed\">\n<p>Por su parte, tanto los <strong>campos de caza<\/strong> deportiva de categor\u00eda II como los cotos en La Pampa deber\u00e1n presentar la rendici\u00f3n de Gu\u00edas de Tr\u00e1nsito interjurisdiccional, precintos y Planillas de Declaraci\u00f3n de Trofeos.<\/p>\n<\/div>\n<div class=\"sc-80531b6b-0 chRIGJ container-text text-embed\">\n<p>Podr\u00e1n participar como <strong>acompa\u00f1antes del cazador<\/strong> personas mayores de 18 a\u00f1os, con domicilio en Argentina, que sin practicar la actividad de caza deportiva formen parte de un grupo y se desplacen en un mismo veh\u00edculo que un cazador habilitado. Para eso deber\u00e1n contar con el Permiso para Acompa\u00f1ante de Caza Deportiva Mayor y Menor, no podr\u00e1n transportar armas de fuego a su nombre ni elementos de caza. En el caso de menores que no hayan cumplido 18 a\u00f1os, estos \u00faltimos deber\u00e1n ir acompa\u00f1ados por uno de sus padres, por su representante legal o por un tercero autorizado, contando con la documentaci\u00f3n que acredite el v\u00ednculo o la autorizaci\u00f3n ante escribano p\u00fablico o juez del Registro Civil.<\/p>\n<\/div>\n<div class=\"sc-80531b6b-0 chRIGJ container-text text-embed\">\n<p>Para el traslado de los perros se deber\u00e1n utilizar <strong>veh\u00edculos con cajas cerradas en los laterales y techo o bien llevarlos en jaulas<\/strong>, con un m\u00e1ximo de 8 animales por cada uno. Los canes no pueden trasladarse en ba\u00fales, habit\u00e1culos ni sueltos en la caja.<\/p>\n<\/div>\n<div class=\"sc-80531b6b-0 chRIGJ container-text text-embed\">\n<p>Cabe se\u00f1alar que <strong>los perros de caza podr\u00e1n ejercitarse en \u00e9poca de veda, desde el 16 de septiembre al 31 de diciembre<\/strong> de 2025, s\u00f3lo en predios rurales cuyo due\u00f1o u ocupante legal as\u00ed lo autorice. Para el inicio del a\u00f1o 2026 el periodo de ejercitaci\u00f3n de canes de caza registrados se extender\u00e1 desde el 1 de enero hasta la fecha que se establezca el inicio de la temporada de caza deportiva mayor de jabal\u00ed con perros siguiente.<\/p>\n<\/div>\n<\/div>\n<p><br \/>\n<br \/><a href=\"https:\/\/www.clarin.com\/rural\/autorizan-caza-perros-principales-plagas-afectan-campo-provincia-clave_0_3OqVgOg2K7.html\">Fuente Clarin.com <\/a><\/p>\n","protected":false},"excerpt":{"rendered":"<p>La provincia de La Pampa habilit\u00f3 la caza deportiva de jabal\u00edes con perros para el a\u00f1o 2025 en campos registrados espec\u00edficamente para ese fin y cotos. El per\u00edodo, sin l\u00edmite de piezas por cazador, se extiende del 1 de marzo al 30 de noviembre para el caso de los machos y del 1 de marzo [&hellip;]<\/p>\n","protected":false},"author":1,"featured_media":3233,"comment_status":"open","ping_status":"open","sticky":false,"template":"","format":"standard","meta":{"footnotes":""},"categories":[2],"tags":[3702,3543,958,1600,272,18,48,119,5244,2428,490,73],"class_list":["post-3232","post","type-post","status-publish","format-standard","has-post-thumbnail","hentry","category-ultimas-noticias","tag-afectan","tag-autorizan","tag-campo","tag-caza","tag-clave","tag-con","tag-las","tag-perros","tag-plagas","tag-principales","tag-provincia","tag-una"],"_links":{"self":[{"href":"https:\/\/13.com.ar\/index.php\/wp-json\/wp\/v2\/posts\/3232","targetHints":{"allow":["GET"]}}],"collection":[{"href":"https:\/\/13.com.ar\/index.php\/wp-json\/wp\/v2\/posts"}],"about":[{"href":"https:\/\/13.com.ar\/index.php\/wp-json\/wp\/v2\/types\/post"}],"author":[{"embeddable":true,"href":"https:\/\/13.com.ar\/index.php\/wp-json\/wp\/v2\/users\/1"}],"replies":[{"embeddable":true,"href":"https:\/\/13.com.ar\/index.php\/wp-json\/wp\/v2\/comments?post=3232"}],"version-history":[{"count":0,"href":"https:\/\/13.com.ar\/index.php\/wp-json\/wp\/v2\/posts\/3232\/revisions"}],"wp:featuredmedia":[{"embeddable":true,"href":"https:\/\/13.com.ar\/index.php\/wp-json\/wp\/v2\/media\/3233"}],"wp:attachment":[{"href":"https:\/\/13.com.ar\/index.php\/wp-json\/wp\/v2\/media?parent=3232"}],"wp:term":[{"taxonomy":"category","embeddable":true,"href":"https:\/\/13.com.ar\/index.php\/wp-json\/wp\/v2\/categories?post=3232"},{"taxonomy":"post_tag","embeddable":true,"href":"https:\/\/13.com.ar\/index.php\/wp-json\/wp\/v2\/tags?post=3232"}],"curies":[{"name":"wp","href":"https:\/\/api.w.org\/{rel}","templated":true}]}}