{"id":3231,"date":"2025-02-09T06:29:10","date_gmt":"2025-02-09T09:29:10","guid":{"rendered":"https:\/\/13.com.ar\/index.php\/javier-milei-la-coca-cola-y-la-danza-de-sorpresas-para-las-peleas-que-vienen\/"},"modified":"2025-02-09T06:29:10","modified_gmt":"2025-02-09T09:29:10","slug":"javier-milei-la-coca-cola-y-la-danza-de-sorpresas-para-las-peleas-que-vienen","status":"publish","type":"post","link":"https:\/\/13.com.ar\/index.php\/javier-milei-la-coca-cola-y-la-danza-de-sorpresas-para-las-peleas-que-vienen\/","title":{"rendered":"Javier Milei, la Coca Cola y la danza de sorpresas para las peleas que vienen"},"content":{"rendered":"<p> <br \/>\n<br \/><img decoding=\"async\" src=\"https:\/\/13.com.ar\/wp-content\/uploads\/2025\/02\/el-Gobierno-paga-US-640-millones-al-Fondo-y-espera.jpg\" \/><\/p>\n<div id=\"cuerpo\">\n<div class=\"sc-80531b6b-0 chRIGJ container-text text-embed\">\n<p>Hace un tiempo, a Javier Milei le preguntaron si ten\u00eda ganas de tomarse un descanso, unas mini vacaciones de verano. Le ofrecieron algunas residencias en el Interior para que se alejara del ruido de la Ciudad y del microclima -a veces solitario y asfixiante- que se respira en Olivos. Dijo que no. Que prefer\u00eda quedarse con sus cuatro perros y no interrumpir su rutina. El Presidente recibe todos los d\u00edas en su despacho un informe con n\u00fameros de la macroeconom\u00eda: el estado de las reservas, la base monetaria, el riesgo pa\u00eds, el curso de la deuda y la variaci\u00f3n de la tasa de inflaci\u00f3n general y mayorista.<strong> Es eso lo que lo mantiene excitado.<\/strong> Las otras discusiones, como las que se libran desde su paso por Davos o desde la salida de la Argentina de la Organizaci\u00f3n Mundial de la Salud, son atractivas para las redes y decisivas para el objetivo del Gobierno de controlar la conversaci\u00f3n p\u00fablica, pero, en el fondo, pueden esperar.<\/p>\n<\/div>\n<div class=\"sc-80531b6b-0 chRIGJ container-text text-embed\">\n<p>Los asesores del Presidente creen que este a\u00f1o, cuando los argentinos asistan a las urnas para elegir legisladores, la \u00fanica pregunta que se har\u00e1n es si sus familias se encuentran <strong>\u201cun poco mejor o un poco peor\u201d<\/strong> de lo que estaban cuando se inici\u00f3 la nueva era. Realpolitik. <strong>Realpolitik libertaria.<\/strong><\/p>\n<\/div>\n<div class=\"sc-80531b6b-0 chRIGJ container-text text-embed\">\n<p>\u201cLo dem\u00e1s son entretenimientos del <em>C\u00edrculo Rojo <\/em>o de intensas minor\u00edas\u201d, dicen en el pin\u00e1culo del poder. Aunque en esas oficinas todav\u00eda resuenan los ecos del discurso del jefe de Estado en Davos y del escozor que provoc\u00f3 en un sector de los propios -que tuvo que hacer malabares en privado para justificarse e, incluso, para argumentar que su l\u00edder no es homof\u00f3bico-, en el oficialismo nadie estima que podr\u00eda afectar el rumbo ni condicionar el humor social, que despu\u00e9s de un a\u00f1o de ajuste y confrontaci\u00f3n extrema se mantiene en m\u00e1rgenes elevados.<\/p>\n<\/div>\n<div class=\"sc-80531b6b-0 chRIGJ container-text text-embed\">\n<p>La oposici\u00f3n y algunos encuestadores sostienen lo contrario. Pero lo cierto es que las cr\u00edticas que recibi\u00f3 Milei por su posici\u00f3n acerca de la diversidad sexual y a la asociaci\u00f3n que hizo entre homosexualidad y pedofilia, en Balcarce 50 fomentaron el rito de autocelebraci\u00f3n.<\/p>\n<\/div>\n<div class=\"sc-80531b6b-0 chRIGJ container-text text-embed\">\n<p>De frente a los micr\u00f3fonos se habla de \u201cbatalla cultural\u201d; en la intimidad se reconoce que el requisito inicial frente a cada aparici\u00f3n de Milei es que su voz se escuche y se expanda. <strong>\u201cNo vendemos la Coca Cola, que se vende sola. Vendemos un producto pol\u00edtico\u201d<\/strong>, dicen. Quienes asemejan el discurso y el estilo presidencial a la ignominia y organizaron la masiva marcha del orgullo \u201cantifascista\u201d y \u201cantiracista\u201d deber\u00edan saber algo: Milei pronunci\u00f3 en Davos una de las versiones que consider\u00f3 m\u00e1s moderadas de los tres borradores que ten\u00eda en su equipaje. Quiere decir que hab\u00eda una m\u00e1s suave, pero tambi\u00e9n <strong>una m\u00e1s violenta.<\/strong><\/p>\n<\/div>\n<div class=\"sc-80531b6b-0 chRIGJ container-text text-embed\">\n<p>A veces, la reacci\u00f3n de la oposici\u00f3n a los temas que impone Milei se convierten en un bumer\u00e1n. El s\u00e1bado pasado, Axel Kicillof crey\u00f3 ver la oportunidad de capitalizar el descontento y asisti\u00f3 a la marcha LGBT, pero termin\u00f3, primero, abrumado por los reclamos por mayor seguridad que se trasladaron enseguida a las redes sociales y, d\u00edas despu\u00e9s, teniendo que suspender un acto en Mar del Plata que hab\u00eda planificado, entre otras cosas, para mostrar que, si no se anima a enfrentarla, al menos puede jugar a diferenciarse de Cristina.<\/p>\n<\/div>\n<div class=\"sc-80531b6b-0 chRIGJ container-text text-embed\">\n<p>Los asaltos y cr\u00edmenes en el Conurbano lo colocaron en el ojo de la tormenta. La inseguridad es un viejo problema de los bonaerenses. El kirchnerismo nunca hall\u00f3 respuestas, ni siquiera cuando la econom\u00eda creci\u00f3 a tasas chinas en los a\u00f1os de N\u00e9stor Kirchner, que disuadi\u00f3 la fantas\u00eda de que el crecimiento econ\u00f3mico tra\u00eda aparejada una merma de los \u00edndices del delito. El tema estuvo, hist\u00f3ricamente, al tope de la lista de reclamos. Solo fue superado por la inflaci\u00f3n en 2023, cuando los precios se dispararon y la gente dej\u00f3 de saber cu\u00e1nto iba a pagar al llegar a la caja del supermercado. Ahora que la inflaci\u00f3n disminuye, <strong>el flagelo de la inseguridad emerge con potencia<\/strong>. Los delitos son violetos, las protestas por Justicia aumentan y encima se reproducen de modo constante en la televisi\u00f3n, lo que agiganta el fantasma en la Gobernaci\u00f3n.<\/p>\n<\/div>\n<div class=\"sc-80531b6b-0 chRIGJ container-text text-embed\">\n<p>Milei, que la semana anterior hab\u00eda decidido no contestarle a Cristina, subi\u00f3 al ring al gobernador y lo acus\u00f3 de no poder frenar \u201cel ba\u00f1o de sangre\u201d de su distrito. Gabriel Katopodis, el ministro de Infraestructura de la Provincia, reclam\u00f3 a la Naci\u00f3n el env\u00edo de fuerzas federales, un recurso siempre a mano, que -tambi\u00e9n- se pide y se implementa desde los tiempos de Kirchner.<\/p>\n<\/div>\n<div class=\"sc-80531b6b-0 chRIGJ container-text text-embed\">\n<p>A\u00fan as\u00ed, el ministro del \u00e1rea, Javier Alonso, neg\u00f3 una crisis. Hubo rumores que dieron cuenta de su salida, una idea que nunca pas\u00f3 por la cabeza de Kicillof. <strong>\u201cSer\u00eda peor el remedio que la enfermedad. No tendr\u00eda a qui\u00e9n poner,<\/strong> dijeron en el Gabinete bonaerense. La sensaci\u00f3n de desconcierto es tal que no falt\u00f3 quien extra\u00f1ara los shows del helic\u00f3ptero que montaba Sergio Berni.<\/p>\n<\/div>\n<div class=\"sc-80531b6b-0 chRIGJ container-text text-embed\">\n<p>Kicillof lidia con el delito (el a\u00f1o pasado creci\u00f3 18 % la tasa de robos, seg\u00fan cifras oficiales que hoy publica<strong> Clar\u00edn<\/strong>) y con las pulseadas pol\u00edticas internas que tienen como tel\u00f3n de fondo las elecciones de este a\u00f1o. Cristina se niega al desdoblamiento, pero los intendentes le piden a Kicillof que desenganche la contienda bonaerense de la nacional para no verse perjudicados por el arrastre de las listas mile\u00edstas. En los pr\u00f3ximos d\u00edas habr\u00e1 un hecho clave: el Senado podr\u00eda aprobar (se habla del d\u00eda 19 o 20) la suspensi\u00f3n de las PASO, un proyecto que acaba de tener media sanci\u00f3n en Diputados.<\/p>\n<\/div>\n<div class=\"sc-80531b6b-0 chRIGJ container-text text-embed\">\n<p>Si eso ocurriera, el gobernador tendr\u00eda que decidir entre cumplir la palabra que en reserva les dio a algunos alcaldes aliados -que adelantar\u00e1 los comicios- o acordar con Cristina y mantener todo en la misma fecha. Hace ya varias d\u00e9cadas que las elecciones en la Provincia coinciden con las nacionales. Habr\u00e1 que ver si Kicillof se anima al cambio y -como le suplican los jefes comunales- a romper con su mentora.<\/p>\n<\/div>\n<div class=\"sc-80531b6b-0 chRIGJ container-text text-embed\">\n<p>Buenos Aires agita los \u00e1nimos. Un sector del PRO presiona para un acuerdo con La Libertad Avanza que impida dividir el voto y abrir una chance extra para un nuevo triunfo del kirchnerismo. Diego Santilli est\u00e1 al frente de esa movida. Santilli fue mencionado como integrante de la mesa chica de Jorge Macri en la Ciudad, pero luego \u00e9l mismo hizo saber que no era as\u00ed. Peque\u00f1os papelones.<\/p>\n<\/div>\n<div class=\"sc-80531b6b-0 chRIGJ container-text text-embed\">\n<p>Mauricio Macri condiciona la maniobra en la Provincia a una negociaci\u00f3n m\u00e1s amplia. No ha habido avances. Milei le hab\u00eda pedido a Santiago Caputo que se sentara a negociar con el ex presidente. <strong>No lo hicieron m\u00e1s que a trav\u00e9s de un tercero. Nunca se vieron.<\/strong> Ni siquiera se saludaron para las fiestas.<\/p>\n<\/div>\n<div class=\"sc-80531b6b-0 chRIGJ container-text text-embed\">\n<p>Las conversaciones se terminaron de trabar cuando Jorge Macri, con el gui\u00f1o de su primo, anunci\u00f3 que adelantaba la elecci\u00f3n de legisladores porte\u00f1os. Los libertarios lo tomaron casi como una declaraci\u00f3n de guerra y empezaron a buscar candidatos para desafiar al PRO en su basti\u00f3n. Las elecciones para legisladores locales, que se har\u00edan en mayo, no les importan tanto, pero en la de senadores y diputados nacionales jugar\u00e1n a fondo.<\/p>\n<\/div>\n<div class=\"sc-80531b6b-0 chRIGJ container-text text-embed\">\n<p>Karina Milei fantasea con regar de <strong>candidatos populares y sin experiencia pol\u00edtica <\/strong>que puedan defender las banderas con la misma pasi\u00f3n que su l\u00edder. En las listas preliminares hay nombres sorpresa: conductores de radio y televisi\u00f3n, economistas, influencers, tuiteros y artistas. Entre ellos, un periodista al que sondearon primero como postulante y luego como eventual reemplazante de Manuel Adorni, para el caso de que el actual vocero fuera incluido en las listas para el Congreso.<\/p>\n<\/div>\n<div class=\"sc-80531b6b-0 chRIGJ container-text text-embed\">\n<p>Esto \u00faltimo no ocurrir\u00e1. Ni Adorni ni Karina Milei formar\u00e1n parte de la contienda electoral. Tampoco Santiago Caputo, pese a los trascendidos que surgieron d\u00edas atr\u00e1s, despu\u00e9s de su afiliaci\u00f3n a La Libertad Avanza de la Ciudad. La afiliaci\u00f3n respondi\u00f3 a un pedido de la hermana del jefe de Estado. \u201cVen\u00ed, ten\u00e9s todo para firmar\u201d, le dijeron al gur\u00fa. Cuando Caputo asisti\u00f3 ya lo esperaban con un fot\u00f3grafo. \u201c<strong>Lo sacamos de las sombras por un rato<\/strong>\u201d, se oy\u00f3.<\/p>\n<\/div>\n<div class=\"sc-80531b6b-0 chRIGJ container-text text-embed\">\n<p>Los mile\u00edstas se ilusionan con una elecci\u00f3n nacional que les permita alcanzar a fin de a\u00f1o, cuando se renueve la C\u00e1mara baja,  el tercio de diputados que necesitan para blindar los vetos presidenciales y dar se\u00f1ales al mercado de que no estar\u00e1 en riesgo la gobernabilidad. El a\u00f1o electoral podr\u00eda sacudir a los mercados.<\/p>\n<\/div>\n<div class=\"sc-80531b6b-0 chRIGJ container-text text-embed\">\n<p>El mundo no ayuda. Las turbulencias financieras son recurrentes. Frente a la escasez de d\u00f3lares, Luis Caputo quiere acelerar el acuerdo con el FMI. Al Gobierno le gustar\u00eda anunciarlo cuanto antes. Seg\u00fan el Ministerio de Econom\u00eda se espera un desembolso de 12 mil millones de d\u00f3lares. Eso, dicen,<strong> si no hay una sorpresa de \u00faltimo momento.<\/strong><\/p>\n<\/div>\n<\/div>\n<p><br \/>\n<br \/><a href=\"https:\/\/www.clarin.com\/politica\/javier-milei-coca-cola-danza-sorpresas-peleas-vienen_0_gYl4Gvvfs4.html\">Fuente Clarin.com <\/a><\/p>\n","protected":false},"excerpt":{"rendered":"<p>Hace un tiempo, a Javier Milei le preguntaron si ten\u00eda ganas de tomarse un descanso, unas mini vacaciones de verano. Le ofrecieron algunas residencias en el Interior para que se alejara del ruido de la Ciudad y del microclima -a veces solitario y asfixiante- que se respira en Olivos. Dijo que no. Que prefer\u00eda quedarse [&hellip;]<\/p>\n","protected":false},"author":1,"featured_media":1433,"comment_status":"open","ping_status":"open","sticky":false,"template":"","format":"standard","meta":{"footnotes":""},"categories":[2],"tags":[5241,5242,4164,273,48,77,16,5243,4923,2028],"class_list":["post-3231","post","type-post","status-publish","format-standard","has-post-thumbnail","hentry","category-ultimas-noticias","tag-coca","tag-cola","tag-danza","tag-javier","tag-las","tag-milei","tag-para","tag-peleas","tag-sorpresas","tag-vienen"],"_links":{"self":[{"href":"https:\/\/13.com.ar\/index.php\/wp-json\/wp\/v2\/posts\/3231","targetHints":{"allow":["GET"]}}],"collection":[{"href":"https:\/\/13.com.ar\/index.php\/wp-json\/wp\/v2\/posts"}],"about":[{"href":"https:\/\/13.com.ar\/index.php\/wp-json\/wp\/v2\/types\/post"}],"author":[{"embeddable":true,"href":"https:\/\/13.com.ar\/index.php\/wp-json\/wp\/v2\/users\/1"}],"replies":[{"embeddable":true,"href":"https:\/\/13.com.ar\/index.php\/wp-json\/wp\/v2\/comments?post=3231"}],"version-history":[{"count":0,"href":"https:\/\/13.com.ar\/index.php\/wp-json\/wp\/v2\/posts\/3231\/revisions"}],"wp:featuredmedia":[{"embeddable":true,"href":"https:\/\/13.com.ar\/index.php\/wp-json\/wp\/v2\/media\/1433"}],"wp:attachment":[{"href":"https:\/\/13.com.ar\/index.php\/wp-json\/wp\/v2\/media?parent=3231"}],"wp:term":[{"taxonomy":"category","embeddable":true,"href":"https:\/\/13.com.ar\/index.php\/wp-json\/wp\/v2\/categories?post=3231"},{"taxonomy":"post_tag","embeddable":true,"href":"https:\/\/13.com.ar\/index.php\/wp-json\/wp\/v2\/tags?post=3231"}],"curies":[{"name":"wp","href":"https:\/\/api.w.org\/{rel}","templated":true}]}}