{"id":3229,"date":"2025-02-09T06:26:32","date_gmt":"2025-02-09T09:26:32","guid":{"rendered":"https:\/\/13.com.ar\/index.php\/la-historia-detras-de-la-plataforma-que-da-mas-de-20-cursos-gratis-y-ya-tiene-40-000-inscriptos\/"},"modified":"2025-02-09T06:26:32","modified_gmt":"2025-02-09T09:26:32","slug":"la-historia-detras-de-la-plataforma-que-da-mas-de-20-cursos-gratis-y-ya-tiene-40-000-inscriptos","status":"publish","type":"post","link":"https:\/\/13.com.ar\/index.php\/la-historia-detras-de-la-plataforma-que-da-mas-de-20-cursos-gratis-y-ya-tiene-40-000-inscriptos\/","title":{"rendered":"la historia detr\u00e1s de la plataforma que da m\u00e1s de 20 cursos gratis y ya tiene 40.000 inscriptos"},"content":{"rendered":"<p> <br \/>\n<\/p>\n<div id=\"cuerpo\">\n<div class=\"sc-80531b6b-0 chRIGJ container-text text-embed\">\n<p>En el 2020, cuando el mundo se vio paralizado por la pandemia, Federico Ortiz no se qued\u00f3 quieto. Con una mentalidad emprendedora que lo acompa\u00f1a desde siempre, cuando comenz\u00f3 a trabajar en el sector privado not\u00f3 una problem\u00e1tica clara: la <strong>brecha digital<\/strong> estaba dejando a muchas personas fuera del mercado laboral y de las oportunidades de crecimiento profesional. En ese contexto, naci\u00f3 \u201cProgramo Mi Futuro\u201d, un proyecto que comenz\u00f3 como una plataforma de cursos de programaci\u00f3n gratuitos y termin\u00f3 convirti\u00e9ndose en un <strong>movimiento educativo con impacto nacional e internacional<\/strong>.<\/p>\n<\/div>\n<div class=\"sc-80531b6b-0 chRIGJ container-text text-embed\">\n<p>&#8220;Yo quer\u00eda crear una herramienta para la gente, para disminuir la brecha digital que exist\u00eda, como para que haya cierta <strong>equidad en el acceso a las herramientas digitales<\/strong>&#8220;, cuenta Ortiz. Su experiencia como secretario de Modernizaci\u00f3n de la ciudad de La Plata lo puso en contacto con la necesidad urgente de formaci\u00f3n en habilidades tecnol\u00f3gicas. As\u00ed, empez\u00f3 a recopilar cursos de programaci\u00f3n financiados por empresas y a ofrecerlos sin costo para quienes quisieran capacitarse.<\/p>\n<\/div>\n<div class=\"sc-80531b6b-0 chRIGJ container-text text-embed\">\n<p>Pero el proyecto no se qued\u00f3 solo en la programaci\u00f3n. A medida que creci\u00f3, incorpor\u00f3 <strong>nuevas \u00e1reas de formaci\u00f3n<\/strong>, respondiendo a las necesidades del mercado laboral y a los intereses de quienes se sumaban. Hoy, \u201cProgramo Mi Futuro\u201d ofrece <strong>m\u00e1s de 20 cursos<\/strong>, entre los que se encuentran inteligencia artificial, marketing digital, marca personal, oratoria, ventas y muchos otros. \u201cTodos, completamente gratuitos y dictados por expertos en sus \u00e1reas, algunos de los cuales tienen <strong>reconocimiento internacional<\/strong>\u201d, explica.<\/p>\n<\/div>\n<div class=\"sc-198be8ec-0 cynXbu image-embed  image-embed \"><picture class=\"sc-198be8ec-1 kOjRiQ\"><source media=\"(min-width: 975px)\" width=\"720\" height=\"480\" \/><img alt=\"Federico en una presentaci\u00f3n sobre la plataforma.\" loading=\"lazy\" width=\"720\" height=\"480\" decoding=\"async\" data-nimg=\"1\" style=\"color:transparent\" src=\"https:\/\/13.com.ar\/wp-content\/uploads\/2025\/02\/la-historia-detras-de-la-plataforma-que-da-mas-de.jpg\"\/><span class=\"epigraphe\">Federico en una presentaci\u00f3n sobre la plataforma.<\/span><span class=\"bkg\"\/><span class=\"picture-open\"><button class=\"open-image\" aria-label=\"Open Image\"\/><\/span><\/picture><\/div>\n<div class=\"sc-80531b6b-0 chRIGJ container-text text-embed\">\n<p>Un ejemplo de esto es el curso de ventas, dictado por un experto en Miami, otro caso es el curso de oratoria, que lo da un especialista en neuroling\u00fc\u00edstica, o el de bienes ra\u00edces, dictado por uno de los principales vendedores de Argentina y Uruguay.<\/p>\n<\/div>\n<div class=\"sc-80531b6b-0 chRIGJ container-text text-embed\">\n<p>El impacto fue <strong>enorme<\/strong>. En su primer semestre en 2020, 500 personas participaron en los cursos. En el segundo semestre de 2024, la cifra escal\u00f3 a <strong>40.000 inscriptos de todo el pa\u00eds<\/strong>. &#8220;Logramos federalizar el programa. Recibimos historias incre\u00edbles de gente de cada rinc\u00f3n de Argentina&#8221;, dice Ortiz orgulloso.<\/p>\n<\/div>\n<div class=\"sc-198be8ec-0 cynXbu image-embed  image-embed \"><picture class=\"sc-198be8ec-1 kOjRiQ\"><source media=\"(min-width: 975px)\" width=\"720\" height=\"480\" \/><img alt=\"Federico Ortiz, el creador de Programo mi futuro. \" loading=\"lazy\" width=\"720\" height=\"480\" decoding=\"async\" data-nimg=\"1\" style=\"color:transparent\" src=\"https:\/\/13.com.ar\/wp-content\/uploads\/2025\/02\/1739093192_67_la-historia-detras-de-la-plataforma-que-da-mas-de.jpg\"\/><span class=\"epigraphe\">Federico Ortiz, el creador de Programo mi futuro. <\/span><span class=\"bkg\"\/><span class=\"picture-open\"><button class=\"open-image\" aria-label=\"Open Image\"\/><\/span><\/picture><\/div>\n<div class=\"sc-80531b6b-0 chRIGJ container-text text-embed\">\n<p>Una de esas historias es la de Guillerma, una docente jubilada de Chubut que, durante la pandemia, encontr\u00f3 en el programa <strong>una v\u00eda de reinvenci\u00f3n<\/strong>. Todo comenz\u00f3 con la compra de cuero para arreglar la manija de una pava. Con el material que le sobr\u00f3, aprendi\u00f3 a hacer carteras viendo videos en YouTube. Luego, se sum\u00f3 al curso de marketing digital del programa para aprender a vender sus productos. Hoy, tiene su propia marca y comercializa sus creaciones a trav\u00e9s de redes sociales. &#8220;Es un ejemplo perfecto de <strong>c\u00f3mo el conocimiento puede ser un motor de cambio<\/strong>&#8220;, destaca Ortiz.<\/p>\n<\/div>\n<div class=\"sc-80531b6b-0 chRIGJ container-text text-embed\">\n<p>Adem\u00e1s de los cursos, la iniciativa ha generado un <strong>espacio de comunidad<\/strong>. Se realizan encuentros virtuales y presenciales, donde los alumnos pueden compartir experiencias y generar conexiones. &#8220;Hacemos charlas donde los profesores presentan sus temas y contamos con casos de \u00e9xito que inspiran a otros&#8221;, explica Ortiz.<\/p>\n<\/div>\n<div class=\"sc-80531b6b-0 chRIGJ container-text text-embed\">\n<p>El crecimiento del programa llev\u00f3 a la creaci\u00f3n de una fundaci\u00f3n, que asegura la gratuidad de los cursos y la participaci\u00f3n de docentes ad honorem. Tambi\u00e9n se generaron alianzas con instituciones como la Universidad Nacional de La Plata y la Universidad Cat\u00f3lica, y las certificaciones son emitidas por dos organismos internacionales: CSB Global y G-Certi. <\/p>\n<\/div>\n<div class=\"sc-80531b6b-0 chRIGJ container-text text-embed\">\n<p>&#8220;M\u00e1s que aprender a programar, lo importante es entender que hoy el conocimiento es accesible y que <strong>la clave es saber adaptarse, liderarse a uno mismo y aprovechar las oportunidades<\/strong>&#8220;, afirma. Para \u00e9l, el mayor \u00e9xito de Programo Mi Futuro no est\u00e1 en los n\u00fameros, sino en las historias de transformaci\u00f3n personal.<\/p>\n<\/div>\n<\/div>\n<p><br \/>\n<br \/><a href=\"https:\/\/www.clarin.com\/sociedad\/programo-futuro-historia-detras-plataforma-da-20-cursos-gratis-40000-inscriptos_0_tuUJ28VbQP.html\">Fuente Clarin.com <\/a><\/p>\n","protected":false},"excerpt":{"rendered":"<p>En el 2020, cuando el mundo se vio paralizado por la pandemia, Federico Ortiz no se qued\u00f3 quieto. Con una mentalidad emprendedora que lo acompa\u00f1a desde siempre, cuando comenz\u00f3 a trabajar en el sector privado not\u00f3 una problem\u00e1tica clara: la brecha digital estaba dejando a muchas personas fuera del mercado laboral y de las oportunidades [&hellip;]<\/p>\n","protected":false},"author":1,"featured_media":3230,"comment_status":"open","ping_status":"open","sticky":false,"template":"","format":"standard","meta":{"footnotes":""},"categories":[2],"tags":[5239,269,61,1329,5240,155,2969,1486],"class_list":["post-3229","post","type-post","status-publish","format-standard","has-post-thumbnail","hentry","category-ultimas-noticias","tag-cursos","tag-detras","tag-gratis","tag-historia","tag-inscriptos","tag-mas","tag-plataforma","tag-tiene"],"_links":{"self":[{"href":"https:\/\/13.com.ar\/index.php\/wp-json\/wp\/v2\/posts\/3229","targetHints":{"allow":["GET"]}}],"collection":[{"href":"https:\/\/13.com.ar\/index.php\/wp-json\/wp\/v2\/posts"}],"about":[{"href":"https:\/\/13.com.ar\/index.php\/wp-json\/wp\/v2\/types\/post"}],"author":[{"embeddable":true,"href":"https:\/\/13.com.ar\/index.php\/wp-json\/wp\/v2\/users\/1"}],"replies":[{"embeddable":true,"href":"https:\/\/13.com.ar\/index.php\/wp-json\/wp\/v2\/comments?post=3229"}],"version-history":[{"count":0,"href":"https:\/\/13.com.ar\/index.php\/wp-json\/wp\/v2\/posts\/3229\/revisions"}],"wp:featuredmedia":[{"embeddable":true,"href":"https:\/\/13.com.ar\/index.php\/wp-json\/wp\/v2\/media\/3230"}],"wp:attachment":[{"href":"https:\/\/13.com.ar\/index.php\/wp-json\/wp\/v2\/media?parent=3229"}],"wp:term":[{"taxonomy":"category","embeddable":true,"href":"https:\/\/13.com.ar\/index.php\/wp-json\/wp\/v2\/categories?post=3229"},{"taxonomy":"post_tag","embeddable":true,"href":"https:\/\/13.com.ar\/index.php\/wp-json\/wp\/v2\/tags?post=3229"}],"curies":[{"name":"wp","href":"https:\/\/api.w.org\/{rel}","templated":true}]}}