{"id":3227,"date":"2025-02-09T06:23:21","date_gmt":"2025-02-09T09:23:21","guid":{"rendered":"https:\/\/13.com.ar\/index.php\/facundo-colidio-se-destapo-contra-independiente-y-corto-el-maleficio-de-los-delanteros-de-river-en-2025\/"},"modified":"2025-02-09T06:23:21","modified_gmt":"2025-02-09T09:23:21","slug":"facundo-colidio-se-destapo-contra-independiente-y-corto-el-maleficio-de-los-delanteros-de-river-en-2025","status":"publish","type":"post","link":"https:\/\/13.com.ar\/index.php\/facundo-colidio-se-destapo-contra-independiente-y-corto-el-maleficio-de-los-delanteros-de-river-en-2025\/","title":{"rendered":"Facundo Colidio se destap\u00f3 contra Independiente y cort\u00f3 el maleficio de los delanteros de River en 2025"},"content":{"rendered":"<p> <br \/>\n<br \/><img decoding=\"async\" src=\"https:\/\/13.com.ar\/wp-content\/uploads\/2025\/02\/Facundo-Colidio-se-destapo-contra-Independiente-y-corto-el-maleficio.jpg\" \/><\/p>\n<div>\n<p>No es un centrodelantero por naturaleza m\u00e1s all\u00e1 de que durante su paso en el<strong> Inter de Italia <\/strong>lo colocaron en esa posici\u00f3n. Y esa aparici\u00f3n en el \u00e1rea chica, por detr\u00e1s de los defensores, para conectar de cabeza el gran centro de <strong>Gonzalo Montie<\/strong>l fue la primera muestra de que conoce el puesto y la reforz\u00f3 con ese exquisito toque para pincharle la pelota a Rodrigo Rey y liquidar el encuentro. <strong>\u201cDe los que me acuerde, fue el m\u00e1s lindo desde que estoy en River\u201d<\/strong>, confes\u00f3 luego del partido <strong>Facundo Colidio<\/strong>, que con su doblete fue la figura del triunfo a River sobre Independiente por 2 a 0 en el Monumental. Y s\u00ed. Goles son amores.<\/p>\n<\/div>\n<div>\n<p>Haber completado los 90 minutos por primera vez en el a\u00f1o es una se\u00f1al de la confianza que le brind\u00f3 el <em>Mu\u00f1eco<\/em>, m\u00e1s all\u00e1 de que su actuaci\u00f3n colectiva fue regular porque le falt\u00f3 velocidad en los \u00faltimos metros y tuvo algunas imprecisiones en los pases que generaron ataques del <em>Rojo <\/em>y antes del 2-0 tuvo un zurdazo que se fue alto desde una posici\u00f3n inmejorable. <\/p>\n<\/div>\n<div>\n<p>Pero sobre el final tuvo otra chance y no la desaprovech\u00f3: defini\u00f3 con mucha clase en el \u00e1rea chica. De esta manera, Colidio supo aprovechar la chance que le dio Gallardo ya que el ex Tigre no iba a ser titular. Pero Miguel Borja hab\u00eda sentido molestias en su tobillo izquierdo en la \u00faltima pr\u00e1ctica previa al cl\u00e1sico con el <em>Rojo <\/em>y el colombiano fue al banco de suplentes.<\/p>\n<\/div>\n<div>\n<p>Colidio hizo el tercero y el cuarto de River oficiales del a\u00f1o (antes anotaron Mat\u00edas Rojas y Cachete) y de esta manera fueron l<strong>os primeros goles de un delantero del Millonario en encuentros por los puntos<\/strong>.<\/p>\n<\/div>\n<div>\n<p>Para el oriundo de Rafaela, de 25 a\u00f1os,<strong> se trat\u00f3 de una alegr\u00eda que no ten\u00eda desde el 30 de noviembre de 2024<\/strong>, cuando abri\u00f3 el marcador en UNO frente a Estudiantes de La Plata en el triunfo por 2-1 (despu\u00e9s asisti\u00f3 a Maxi Meza). Tuvieron que pasar San Lorenzo, Rosario Central, Racing, los amistosos ante la Universidad de Chile y la selecci\u00f3n de M\u00e9xico, y los tres primeros partidos del Apertura (Platense, Instituto y San Lorenzo) para que pudiera sacarse la mufa. Y lo hizo por partida doble.<\/p>\n<\/div>\n<p><br \/>\n<br \/><a href=\"https:\/\/www.clarin.com\/deportes\/facundo-colidio-destapo-independiente-corto-maleficio-delanteros-river-2025_0_cZ8IJetq5u.html\">Fuente Clarin.com <\/a><\/p>\n","protected":false},"excerpt":{"rendered":"<p>No es un centrodelantero por naturaleza m\u00e1s all\u00e1 de que durante su paso en el Inter de Italia lo colocaron en esa posici\u00f3n. Y esa aparici\u00f3n en el \u00e1rea chica, por detr\u00e1s de los defensores, para conectar de cabeza el gran centro de Gonzalo Montiel fue la primera muestra de que conoce el puesto y [&hellip;]<\/p>\n","protected":false},"author":1,"featured_media":3228,"comment_status":"open","ping_status":"open","sticky":false,"template":"","format":"standard","meta":{"footnotes":""},"categories":[2],"tags":[5236,835,2777,5238,4497,1283,1914,28,5237,595],"class_list":["post-3227","post","type-post","status-publish","format-standard","has-post-thumbnail","hentry","category-ultimas-noticias","tag-colidio","tag-contra","tag-corto","tag-delanteros","tag-destapo","tag-facundo","tag-independiente","tag-los","tag-maleficio","tag-river"],"_links":{"self":[{"href":"https:\/\/13.com.ar\/index.php\/wp-json\/wp\/v2\/posts\/3227","targetHints":{"allow":["GET"]}}],"collection":[{"href":"https:\/\/13.com.ar\/index.php\/wp-json\/wp\/v2\/posts"}],"about":[{"href":"https:\/\/13.com.ar\/index.php\/wp-json\/wp\/v2\/types\/post"}],"author":[{"embeddable":true,"href":"https:\/\/13.com.ar\/index.php\/wp-json\/wp\/v2\/users\/1"}],"replies":[{"embeddable":true,"href":"https:\/\/13.com.ar\/index.php\/wp-json\/wp\/v2\/comments?post=3227"}],"version-history":[{"count":0,"href":"https:\/\/13.com.ar\/index.php\/wp-json\/wp\/v2\/posts\/3227\/revisions"}],"wp:featuredmedia":[{"embeddable":true,"href":"https:\/\/13.com.ar\/index.php\/wp-json\/wp\/v2\/media\/3228"}],"wp:attachment":[{"href":"https:\/\/13.com.ar\/index.php\/wp-json\/wp\/v2\/media?parent=3227"}],"wp:term":[{"taxonomy":"category","embeddable":true,"href":"https:\/\/13.com.ar\/index.php\/wp-json\/wp\/v2\/categories?post=3227"},{"taxonomy":"post_tag","embeddable":true,"href":"https:\/\/13.com.ar\/index.php\/wp-json\/wp\/v2\/tags?post=3227"}],"curies":[{"name":"wp","href":"https:\/\/api.w.org\/{rel}","templated":true}]}}