{"id":3225,"date":"2025-02-09T06:20:34","date_gmt":"2025-02-09T09:20:34","guid":{"rendered":"https:\/\/13.com.ar\/index.php\/alberto-weretilneck-advierte-sobre-un-domingo-muy-complicado-habla-de-jones-huala-y-detalla-la-ayuda-de-nacion-contra-el-fuego\/"},"modified":"2025-02-09T06:20:34","modified_gmt":"2025-02-09T09:20:34","slug":"alberto-weretilneck-advierte-sobre-un-domingo-muy-complicado-habla-de-jones-huala-y-detalla-la-ayuda-de-nacion-contra-el-fuego","status":"publish","type":"post","link":"https:\/\/13.com.ar\/index.php\/alberto-weretilneck-advierte-sobre-un-domingo-muy-complicado-habla-de-jones-huala-y-detalla-la-ayuda-de-nacion-contra-el-fuego\/","title":{"rendered":"Alberto Weretilneck advierte sobre un domingo &#8220;muy complicado&#8221;, habla de Jones Huala y detalla la ayuda de Naci\u00f3n contra el fuego"},"content":{"rendered":"<p> <br \/>\n<\/p>\n<div id=\"cuerpo\">\n<div class=\"sc-80531b6b-0 chRIGJ container-text text-embed\">\n<p>Apostado en la sede del SPLIF (Servicio de Prevenci\u00f3n y Lucha contra Incendios Forestales) de <strong>El Bols\u00f3n<\/strong>, el gobernador de R\u00edo Negro no oculta el cansancio. Con chomba azul y pantal\u00f3n de gabardina, <strong>Alberto Weretilneck <\/strong>se refriega los ojos al dar algunas respuestas por el voraz incendio &#8220;de interfase&#8221;, el nombre t\u00e9cnico por el que se conoce esta situaci\u00f3n que tiene <strong>en vilo <\/strong>al sudoeste de la provincia: cuando un incendio forestal ataca una zona de viviendas rurales como en el Mall\u00edn Ahogado.<\/p>\n<\/div>\n<div class=\"sc-80531b6b-0 chRIGJ container-text text-embed\">\n<p>Ocho d\u00edas despu\u00e9s del inicio del fuego que se llev\u00f3 m\u00e1s de 100 casas y la vida de un vecino, El Bols\u00f3n vive el s\u00e1bado una tarde sin viento y los brigadistas trabajan d\u00eda y noche sin descanso, al igual que los tres aviones, dos helic\u00f3pteros y los cientos de voluntarios que buscar sofocar el fuego en sus chacras.<\/p>\n<\/div>\n<div class=\"sc-80531b6b-0 chRIGJ container-text text-embed\">\n<p>Weretilneck insiste con la teor\u00eda de <strong>que los incendios fueron provocados<\/strong> y, aunque evita se\u00f1alar a la comunidad mapuche, remarca que el fuego fue intencional.<\/p>\n<\/div>\n<div class=\"sc-80531b6b-0 chRIGJ container-text text-embed\">\n<p>Pero m\u00e1s all\u00e1 de eso, adelantan desde temprano la evacuaci\u00f3n de algunos barrios y crece la preocupaci\u00f3n. Son horas cr\u00edticas. Se prev\u00e9 que lleguen tiempos peores: desde los brigadistas hasta el gobernador esperan <strong>un domingo que puede ser catastr\u00f3fico.<\/strong><\/p>\n<\/div>\n<div class=\"sc-198be8ec-0 cynXbu image-embed  image-embed \"><picture class=\"sc-198be8ec-1 kOjRiQ\"><source media=\"(min-width: 975px)\" width=\"720\" height=\"480\" \/><img alt=\"Siguen los incendios en el Mall\u00edn Ahogado, El Bols\u00f3n . Foto: Euge Neme\" loading=\"lazy\" width=\"720\" height=\"480\" decoding=\"async\" data-nimg=\"1\" style=\"color:transparent\" src=\"https:\/\/13.com.ar\/wp-content\/uploads\/2025\/02\/Alberto-Weretilneck-advierte-sobre-un-domingo-muy-complicado-habla-de.jpg\"\/><span class=\"epigraphe\">Siguen los incendios en el Mall\u00edn Ahogado, El Bols\u00f3n . Foto: Euge Neme<\/span><span class=\"bkg\"\/><span class=\"picture-open\"><button class=\"open-image\" aria-label=\"Open Image\"\/><\/span><\/picture><\/div>\n<div class=\"sc-80531b6b-0 chRIGJ container-text text-embed\">\n<p><strong>\u2013\u00bfCu\u00e1l es el estado de situaci\u00f3n hoy en El Bols\u00f3n?<\/strong><\/p>\n<\/div>\n<div class=\"sc-80531b6b-0 chRIGJ container-text text-embed\">\n<p>\u2013El estado de situaci\u00f3n hoy es que tenemos el incendio de Confluencia activo en la parte oeste, o sea, cruzando el R\u00edo Azul. En ese lugar est\u00e1 <strong>fuera de control<\/strong>. Lo tenemos a baja altura sobre el r\u00edo, lo tenemos a mediana altura en ese lugar, pero est\u00e1 fuera de control. Por otro lado, en la parte original del incendio, que fue la zona de Mall\u00edn Ahogado, Barda del Medio y Wharton, ah\u00ed el fuego est\u00e1 controlado, no tenemos riesgo por ahora. Y producto de la corrida del viernes, tenemos una parte que podr\u00edamos denominar la Cascada Escondida y la Costa del R\u00edo Azul, con actividad en el transcurso del d\u00eda de hoy.<\/p>\n<\/div>\n<div class=\"sc-80531b6b-0 chRIGJ container-text text-embed\">\n<p>\u2013<strong>\u00bfPrev\u00e9n un domingo complicado por el pron\u00f3stico de r\u00e1fagas?<\/strong><\/p>\n<\/div>\n<div class=\"sc-80531b6b-0 chRIGJ container-text text-embed\">\n<p>\u2013Esperamos <strong>un d\u00eda<\/strong> <strong>muy, muy complicado<\/strong>, parecido al d\u00eda uno y parecido al viernes: baja presi\u00f3n atmosf\u00e9rica, con 30 grados de temperatura y con viento noroeste aproximadamente de entre 50 y 70 km\/h por hora. Entonces, estamos preparando un plan de evacuaci\u00f3n y estamos planificando el domingo con distintas medidas de contenci\u00f3n del fuego.<\/p>\n<\/div>\n<div class=\"sc-198be8ec-0 cynXbu image-embed  image-embed \"><picture class=\"sc-198be8ec-1 kOjRiQ\"><source media=\"(min-width: 975px)\" width=\"720\" height=\"480\" \/><img alt=\"Una de las zonas por las que el fuego pas\u00f3 dos veces en Mall\u00edn Ahogado. Foto: Euge Neme\" loading=\"lazy\" width=\"720\" height=\"480\" decoding=\"async\" data-nimg=\"1\" style=\"color:transparent\" src=\"https:\/\/13.com.ar\/wp-content\/uploads\/2025\/02\/1739092834_580_Alberto-Weretilneck-advierte-sobre-un-domingo-muy-complicado-habla-de.jpg\"\/><span class=\"epigraphe\">Una de las zonas por las que el fuego pas\u00f3 dos veces en Mall\u00edn Ahogado. Foto: Euge Neme<\/span><span class=\"bkg\"\/><span class=\"picture-open\"><button class=\"open-image\" aria-label=\"Open Image\"\/><\/span><\/picture><\/div>\n<div class=\"sc-80531b6b-0 chRIGJ container-text text-embed\">\n<p><strong>\u2013Desde el primer momento sostiene que el incendio fue intencional. \u00bfEso ya lo tienen comprobado?<\/strong><\/p>\n<\/div>\n<div class=\"sc-80531b6b-0 chRIGJ container-text text-embed\">\n<p>\u2013S\u00ed, s\u00ed. Nosotros tenemos que en el primer d\u00eda fueron tres focos de incendio, en lo que podr\u00edamos denominar La Playita o el acceso al parque ANPRALE (\u00c1rea Natural Protegida R\u00edo Azul Lago Escondido). En esos tres sitios est\u00e1 bien determinado c\u00f3mo se inici\u00f3. Por ejemplo, en uno hab\u00eda <strong>material combustible<\/strong> y en otro hab\u00eda una botella de combustible. Posteriormente hemos registrado no menos de cinco incendios intencionales. En la gran mayor\u00eda, con la colaboraci\u00f3n de los vecinos se logr\u00f3 pagar. En este caso tenemos una causa judicial con un detenido. Los vecinos denunciaron que esta persona estaba en una actitud sospechosa y cuando se lo detiene se le encuentra una botella de combustible, por un lado. Por otro lado, tenemos otra denuncia de dos vecinas que ven un grupo de personas tambi\u00e9n en actitud sospechosa en la zona de los incendios. Estas personas dec\u00edan que quer\u00edan colaborar o que estaban colaborando, que iban a repartir viandas, agua, pero no estaban haciendo nada de eso. En un momento salen corriendo y se prende un fuego. Esa es la causa que se est\u00e1 llevando adelante hoy en el Control de Acusaci\u00f3n. Y por otro lado, hemos tenido el viernes a la noche otro incidente con una persona que dijo que lo mandaron a prender fuego en otro lugar m\u00e1s, a lo que tenemos que sumar varios hechos tambi\u00e9n de incendios intencionales. As\u00ed que <strong>la criminalidad de la intencionalidad est\u00e1 clara<\/strong>. Ac\u00e1 no estamos hablando ni de un descuido, ni de un caso fortuito, ni de ninguna cuesti\u00f3n natural.<\/p>\n<\/div>\n<div class=\"sc-80531b6b-0 chRIGJ container-text text-embed\">\n<p>\u2013<strong>\u00bfLas pericias dicen que las botellas ten\u00edan combustible?<\/strong><\/p>\n<\/div>\n<div class=\"sc-198be8ec-0 cynXbu image-embed  image-embed \"><picture class=\"sc-198be8ec-1 kOjRiQ\"><source media=\"(min-width: 975px)\" width=\"720\" height=\"480\" \/><img alt=\"Wharton, el lugar donde se inici\u00f3 el incendio y las camionetas con sus t\u00f3tems para combatir el fuego. Foto Euge Neme\" loading=\"lazy\" width=\"720\" height=\"480\" decoding=\"async\" data-nimg=\"1\" style=\"color:transparent\" src=\"https:\/\/13.com.ar\/wp-content\/uploads\/2025\/02\/1739092834_983_Alberto-Weretilneck-advierte-sobre-un-domingo-muy-complicado-habla-de.jpg\"\/><span class=\"epigraphe\">Wharton, el lugar donde se inici\u00f3 el incendio y las camionetas con sus t\u00f3tems para combatir el fuego. Foto Euge Neme<\/span><span class=\"bkg\"\/><span class=\"picture-open\"><button class=\"open-image\" aria-label=\"Open Image\"\/><\/span><\/picture><\/div>\n<div class=\"sc-80531b6b-0 chRIGJ container-text text-embed\">\n<p>\u2013<strong>En medio de los incendios, Facundo Jones Huala hizo declaraciones pol\u00e9micas, pero no se atribuy\u00f3 los incendios.<\/strong><\/p>\n<\/div>\n<div class=\"sc-80531b6b-0 chRIGJ container-text text-embed\">\n<p>\u2013No hay reivindicaciones, todav\u00eda no hay reivindicaciones. Ahora, evidentemente estamos ante una actitud criminal, estamos ante una actitud deliberada y estamos ante una organizaci\u00f3n. Es decir, lo que pas\u00f3 en Epuy\u00e9n, lo que pas\u00f3 en el Pedregoso [ambos en Chubut], lo que pas\u00f3 en El Bols\u00f3n, lo que pas\u00f3 en Bariloche, evidentemente no son hechos de un piroman\u00edaco. Estamos ante una organizaci\u00f3n y una actitud deliberada de generar esta situaci\u00f3n de caos. Hoy yo no estoy en condiciones de acusar puntualmente a alguien sobre estos hechos. Primero, porque no tengo la informaci\u00f3n suficiente; y segundo, porque es el Poder Judicial que lo hace.<\/p>\n<\/div>\n<div class=\"sc-80531b6b-0 chRIGJ container-text text-embed\">\n<p><strong>\u2013\u00bfNecesitan m\u00e1s ayuda de Naci\u00f3n, m\u00e1s helic\u00f3pteros?<\/strong><\/p>\n<\/div>\n<div class=\"sc-80531b6b-0 chRIGJ container-text text-embed\">\n<p>\u2013S\u00ed. Naci\u00f3n ha dispuesto el viernes el acompa\u00f1amiento de 5.000 millones de pesos para la recuperaci\u00f3n de las viviendas afectadas. Se han perdido 140 viviendas totalmente, m\u00e1s unas 20 parcialmente. En esto vamos a tener 5.000 millones de pesos del Gobierno nacional que van a ser destinados esencialmente, junto con el aporte de la provincia, a la reconstrucci\u00f3n de esas viviendas. Por otro lado, hay un aporte del Consejo Federal de Inversiones de 1.000 millones de pesos, que va a ser destinado en parte a seguir mejorando y perfeccionando el servicio provincial de lucha contra el incendio y tambi\u00e9n a cuestiones que tienen que ver con lo rural, animales, pasturas, recipientes de agua, todo lo que se necesite en ese lugar. Adem\u00e1s, tenemos el acompa\u00f1amiento del Plan Nacional de Manejo del Fuego. Hoy estamos con dos helic\u00f3pteros y tres aviones. Tenemos brigadistas de todo el pa\u00eds, bomberos de todo R\u00edo Negro y de otras provincias. As\u00ed que desde el punto de vista del equipamiento y del recurso humano, tenemos lo que tenemos que tener. Obviamente que a veces, con la naturaleza tan descontrolada, todo parece poco.<\/p>\n<\/div>\n<div class=\"sc-198be8ec-0 cynXbu image-embed  image-embed \"><picture class=\"sc-198be8ec-1 kOjRiQ\"><source media=\"(min-width: 975px)\" width=\"720\" height=\"480\" \/><img alt=\"El SPLIF (Servicio de Prevenci\u00f3n y Lucha contra Incendios Forestales) de El Bols\u00f3n, en acci\u00f3n. Foto: Euge Neme\" loading=\"lazy\" width=\"720\" height=\"480\" decoding=\"async\" data-nimg=\"1\" style=\"color:transparent\" src=\"https:\/\/13.com.ar\/wp-content\/uploads\/2025\/02\/1739092834_821_Alberto-Weretilneck-advierte-sobre-un-domingo-muy-complicado-habla-de.jpg\"\/><span class=\"epigraphe\">El SPLIF (Servicio de Prevenci\u00f3n y Lucha contra Incendios Forestales) de El Bols\u00f3n, en acci\u00f3n. Foto: Euge Neme<\/span><span class=\"bkg\"\/><span class=\"picture-open\"><button class=\"open-image\" aria-label=\"Open Image\"\/><\/span><\/picture><\/div>\n<div class=\"sc-80531b6b-0 chRIGJ container-text text-embed\">\n<p><strong>\u2013Algunos sectores deslizan que hay otras intenciones detr\u00e1s de los incendios. \u00bfEstas tierras quemadas despu\u00e9s se pueden poner a la venta, usar para negocios inmobiliarios?<\/strong><\/p>\n<\/div>\n<div class=\"sc-80531b6b-0 chRIGJ container-text text-embed\">\n<p>\u2013No. Gran parte del incendio en el ANPRALE, que es un \u00e1rea natural protegida, es en un Parque Nacional administrado por la provincia, con lo cual es inalienable, no se puede vender, no se puede dividir, no se puede hacer absolutamente nada. No hay ninguna posibilidad de que eso tenga un destino inmobiliario o algo as\u00ed. Es una ley que dice que ese es un territorio inalienable, no se puede tocar, y el resto de lo quemado ya ten\u00eda ocupantes en su gran mayor\u00eda. As\u00ed que nosotros no vemos una intencionalidad desde ese punto de vista.<\/p>\n<\/div>\n<p><iframe title=\"Los refugios de monta\u00f1a en El Bols\u00f3n\" aria-label=\"Mapas de ubicaci\u00f3n\" id=\"datawrapper-chart-4AynU\" src=\"https:\/\/datawrapper.dwcdn.net\/4AynU\/1\/\" scrolling=\"no\" frameborder=\"0\" style=\"width: 0; min-width: 100% !important; border: none;\" height=\"776\" data-external=\"1\"><\/iframe><\/p>\n<div class=\"sc-80531b6b-0 chRIGJ container-text text-embed\">\n<p><strong>\u2013\u00bfQu\u00e9 pena hay para la gente que inicia fuego?<\/strong><\/p>\n<\/div>\n<div class=\"sc-80531b6b-0 chRIGJ container-text text-embed\">\n<p>\u2013Depende lo que se pueda demostrar alrededor de las personas. Hasta ahora vamos trabajando en la acreditaci\u00f3n de que estas personas estaban generando fuegos o intentaron generar fuego. Las dos causas judiciales no est\u00e1n relacionadas directamente con el inicio del fuego, que fue en la zona del refugio La Playita. Eso lo iremos viendo con el tiempo.<\/p>\n<\/div>\n<\/div>\n<p><br \/>\n<br \/><a href=\"https:\/\/www.clarin.com\/sociedad\/incendios-bolson-alberto-weretilneck-advierte-domingo-complicado-habla-jones-huala-detalla-ayuda-nacion-fuego_0_uqN6ZSlf8d.html\">Fuente Clarin.com <\/a><\/p>\n","protected":false},"excerpt":{"rendered":"<p>Apostado en la sede del SPLIF (Servicio de Prevenci\u00f3n y Lucha contra Incendios Forestales) de El Bols\u00f3n, el gobernador de R\u00edo Negro no oculta el cansancio. Con chomba azul y pantal\u00f3n de gabardina, Alberto Weretilneck se refriega los ojos al dar algunas respuestas por el voraz incendio &#8220;de interfase&#8221;, el nombre t\u00e9cnico por el que [&hellip;]<\/p>\n","protected":false},"author":1,"featured_media":3226,"comment_status":"open","ping_status":"open","sticky":false,"template":"","format":"standard","meta":{"footnotes":""},"categories":[2],"tags":[4128,579,117,5234,835,5235,2845,853,4563,3972,3971,188,1240,732,5233],"class_list":["post-3225","post","type-post","status-publish","format-standard","has-post-thumbnail","hentry","category-ultimas-noticias","tag-advierte","tag-alberto","tag-ayuda","tag-complicado","tag-contra","tag-detalla","tag-domingo","tag-fuego","tag-habla","tag-huala","tag-jones","tag-muy","tag-nacion","tag-sobre","tag-weretilneck"],"_links":{"self":[{"href":"https:\/\/13.com.ar\/index.php\/wp-json\/wp\/v2\/posts\/3225","targetHints":{"allow":["GET"]}}],"collection":[{"href":"https:\/\/13.com.ar\/index.php\/wp-json\/wp\/v2\/posts"}],"about":[{"href":"https:\/\/13.com.ar\/index.php\/wp-json\/wp\/v2\/types\/post"}],"author":[{"embeddable":true,"href":"https:\/\/13.com.ar\/index.php\/wp-json\/wp\/v2\/users\/1"}],"replies":[{"embeddable":true,"href":"https:\/\/13.com.ar\/index.php\/wp-json\/wp\/v2\/comments?post=3225"}],"version-history":[{"count":0,"href":"https:\/\/13.com.ar\/index.php\/wp-json\/wp\/v2\/posts\/3225\/revisions"}],"wp:featuredmedia":[{"embeddable":true,"href":"https:\/\/13.com.ar\/index.php\/wp-json\/wp\/v2\/media\/3226"}],"wp:attachment":[{"href":"https:\/\/13.com.ar\/index.php\/wp-json\/wp\/v2\/media?parent=3225"}],"wp:term":[{"taxonomy":"category","embeddable":true,"href":"https:\/\/13.com.ar\/index.php\/wp-json\/wp\/v2\/categories?post=3225"},{"taxonomy":"post_tag","embeddable":true,"href":"https:\/\/13.com.ar\/index.php\/wp-json\/wp\/v2\/tags?post=3225"}],"curies":[{"name":"wp","href":"https:\/\/api.w.org\/{rel}","templated":true}]}}