{"id":3223,"date":"2025-02-09T05:21:49","date_gmt":"2025-02-09T08:21:49","guid":{"rendered":"https:\/\/13.com.ar\/index.php\/conoce-la-atroz-historia-del-asesino-multiple-que-conmovio-a-argentina\/"},"modified":"2025-02-09T05:21:49","modified_gmt":"2025-02-09T08:21:49","slug":"conoce-la-atroz-historia-del-asesino-multiple-que-conmovio-a-argentina","status":"publish","type":"post","link":"https:\/\/13.com.ar\/index.php\/conoce-la-atroz-historia-del-asesino-multiple-que-conmovio-a-argentina\/","title":{"rendered":"conoc\u00e9 la atroz historia del asesino m\u00faltiple que conmovi\u00f3 a Argentina"},"content":{"rendered":"<p> <br \/>\n<\/p>\n<div id=\"cuerpo\">\n<div class=\"sc-80531b6b-0 chRIGJ container-text text-embed\">\n<p>En 2024, <strong>Luis Fernando Iribarren, conocido como \u201cel carnicero de San Andr\u00e9s de Giles\u201d<\/strong>, de 59 a\u00f1os, volvi\u00f3 a ser noticia. Ese a\u00f1o, aprovech\u00f3 una salida de la Unidad Penitenciaria 26, de Olmos, cerca de La Plata, para escapar.<\/p>\n<\/div>\n<div class=\"sc-80531b6b-0 chRIGJ container-text text-embed\">\n<p>Durante once d\u00edas, Iribarren fue el <strong>\u201cpr\u00f3fugo m\u00e1s buscado del pa\u00eds\u201d<\/strong>. Luego de huir de la c\u00e1rcel, junto con su perra, viaj\u00f3 en un taxi desde La Plata hasta Florencio Varela. En otro taxi, lleg\u00f3 hasta el Centro porte\u00f1o.<\/p>\n<\/div>\n<div class=\"sc-80531b6b-0 chRIGJ container-text text-embed\">\n<p>Desde Buenos Aires, en una camioneta Peugeot 504, Iribarren viaj\u00f3 hasta Santa Fe, donde tuvo que detenerse para arreglar el veh\u00edculo. Sin saber que sus llamadas al mec\u00e1nico y a una casa de repuestos eran rastreadas, lleg\u00f3 a Santiago del Estero donde hab\u00eda alquilado una pieza.<\/p>\n<\/div>\n<div class=\"sc-80531b6b-0 chRIGJ container-text text-embed\">\n<p>En Santiago del Estero, fue detenido por agentes de la Polic\u00eda Federal. De nuevo en la c\u00e1rcel, <strong>deber\u00e1 cumplir prisi\u00f3n perpetua por el asesinato de su madre, su padre, su hermana, su hermano y su t\u00eda<\/strong>.<\/p>\n<\/div>\n<p><h2>El Carnicero de San Andr\u00e9s de Giles: conoc\u00e9 la atroz historia del asesino m\u00faltiple que conmovi\u00f3 a Argentina<\/h2>\n<\/p>\n<div class=\"sc-80531b6b-0 chRIGJ container-text text-embed\">\n<p><strong>\u201cLos mat\u00e9 porque les ten\u00eda bronca\u201d<\/strong>, explic\u00f3, con absoluta tranquilidad, las razones por las cuales, en 1986, a los 21 a\u00f1os, tom\u00f3 una carabina vizcachera calibre 22 y le dispar\u00f3 a su padre, Luis (49), a su madre, Marta Lagevin (42) y a sus hermanos Marcelo (15) y Mar\u00eda Cecilia (9). Todos estaban dormidos al recibir los impactos de bala.<\/p>\n<\/div>\n<div class=\"sc-80531b6b-0 chRIGJ container-text text-embed\">\n<p>Luego de cometer los cr\u00edmenes,<strong> Iribarren enterr\u00f3 los cuerpos en una fosa ubicada a 40 metros de la casa <\/strong>de campo donde viv\u00edan, en el paraje Tuyut\u00ed, a unos 30 kil\u00f3metros de San Andr\u00e9s de Giles, provincia de Buenos Aires.<\/p>\n<\/div>\n<div class=\"sc-80531b6b-0 chRIGJ container-text text-embed\">\n<p>El quinto homicidio llegar\u00eda en 1995 cuando<strong> Iribarren mat\u00f3 a su t\u00eda Alcira (63), con un hacha<\/strong>. \u201cLa mat\u00e9 para acabar con su dolor\u201d, explic\u00f3 y asegur\u00f3 que Alcira ten\u00eda c\u00e1ncer. No lleg\u00f3 a enterrar el cuerpo porque un vecino sinti\u00f3 el olor y llam\u00f3 a la Polic\u00eda.<\/p>\n<\/div>\n<div class=\"sc-198be8ec-0 cynXbu image-embed  image-embed \"><picture class=\"sc-198be8ec-1 kOjRiQ\"><source media=\"(min-width: 975px)\" width=\"720\" height=\"480\" \/><img alt=\"Iribarren, el asesino. \" loading=\"lazy\" width=\"720\" height=\"480\" decoding=\"async\" data-nimg=\"1\" style=\"color:transparent\" src=\"https:\/\/13.com.ar\/wp-content\/uploads\/2025\/02\/conoce-la-atroz-historia-del-asesino-multiple-que-conmovio-a.jpg\"\/><span class=\"epigraphe\">Iribarren, el asesino. <\/span><span class=\"bkg\"\/><span class=\"picture-open\"><button class=\"open-image\" aria-label=\"Open Image\"\/><\/span><\/picture><\/div>\n<div class=\"sc-80531b6b-0 chRIGJ container-text text-embed\">\n<p>Al ser detenido, Iribarren dijo que su t\u00eda estaba en un hospital en Buenos Aires para sesiones de quimioterapia. Sin embargo, tras la denuncia de los vecinos la Polic\u00eda encontr\u00f3 el cuerpo de la mujer, en avanzado estado de descomposici\u00f3n, con dos hachazos en la cabeza.<\/p>\n<\/div>\n<div class=\"sc-80531b6b-0 chRIGJ container-text text-embed\">\n<p>Entonces, el asesino dijo: \u201cQuer\u00eda ayudarla a terminar con su sufrimiento y proced\u00ed a asfixiarla, pero como no pude, busqu\u00e9 otra forma. Recorr\u00ed la casa y encontr\u00e9 el hacha.<strong> Le pegu\u00e9 dos golpes en la cabeza<\/strong>\u201d.<\/p>\n<\/div>\n<div class=\"sc-198be8ec-0 cynXbu image-embed  image-embed \"><picture class=\"sc-198be8ec-1 kOjRiQ\"><source media=\"(min-width: 975px)\" width=\"720\" height=\"480\" \/><img alt=\"Iribarren, El carnicero de Giles.\" loading=\"lazy\" width=\"720\" height=\"480\" decoding=\"async\" data-nimg=\"1\" style=\"color:transparent\" src=\"https:\/\/13.com.ar\/wp-content\/uploads\/2025\/02\/1739089309_600_conoce-la-atroz-historia-del-asesino-multiple-que-conmovio-a.jpg\"\/><span class=\"epigraphe\">Iribarren, El carnicero de Giles.<\/span><span class=\"bkg\"\/><span class=\"picture-open\"><button class=\"open-image\" aria-label=\"Open Image\"\/><\/span><\/picture><\/div>\n<div class=\"sc-80531b6b-0 chRIGJ container-text text-embed\">\n<p><strong>La misma confesi\u00f3n devel\u00f3 los cr\u00edmenes de 1986,<\/strong> ya que Iribarren agreg\u00f3: \u201cNo tuve el coraje de dispararle a mi t\u00eda con el arma porque me acord\u00e9 de lo que les hab\u00eda hecho a mis padres y a mis hermanos, y no soportar\u00eda hacerlo de nuevo\u201d.<\/p>\n<\/div>\n<div class=\"sc-198be8ec-0 cynXbu image-embed  image-embed \"><picture class=\"sc-198be8ec-1 kOjRiQ\"><source media=\"(min-width: 975px)\" width=\"720\" height=\"480\" \/><img alt=\"Luis Fernando Iribarren, cay\u00f3 detenido nuevamente cuando escapaba con su perra.\" loading=\"lazy\" width=\"720\" height=\"480\" decoding=\"async\" data-nimg=\"1\" style=\"color:transparent\" src=\"https:\/\/13.com.ar\/wp-content\/uploads\/2025\/02\/1739089309_939_conoce-la-atroz-historia-del-asesino-multiple-que-conmovio-a.jpg\"\/><span class=\"epigraphe\">Luis Fernando Iribarren, cay\u00f3 detenido nuevamente cuando escapaba con su perra.<\/span><span class=\"bkg\"\/><span class=\"picture-open\"><button class=\"open-image\" aria-label=\"Open Image\"\/><\/span><\/picture><\/div>\n<div class=\"sc-80531b6b-0 chRIGJ container-text text-embed\">\n<p>De esta manera, <strong>tres meses despu\u00e9s del asesinato de Alcira, la Polic\u00eda encontr\u00f3 los cuerpos de sus padres y hermanos, <\/strong>en el campo de San Andr\u00e9s de Giles. Por aquellos a\u00f1os, Iribarren afirmaba que el resto de su familia se hab\u00eda ido al Paraguay por un problema de deudas.<\/p>\n<\/div>\n<div class=\"sc-80531b6b-0 chRIGJ container-text text-embed\">\n<p>En 2002, Iribarren<strong> fue condenado a cadena perpetua<\/strong> por los cinco cr\u00edmenes.<\/p>\n<\/div>\n<\/div>\n<p><br \/>\n<br \/><a href=\"https:\/\/www.clarin.com\/informacion-general\/carnicero-san-andres-giles-conoce-atroz-historia-asesino-multiple-conmovio-argentina_0_WFRYOTAOol.html\">Fuente Clarin.com <\/a><\/p>\n","protected":false},"excerpt":{"rendered":"<p>En 2024, Luis Fernando Iribarren, conocido como \u201cel carnicero de San Andr\u00e9s de Giles\u201d, de 59 a\u00f1os, volvi\u00f3 a ser noticia. Ese a\u00f1o, aprovech\u00f3 una salida de la Unidad Penitenciaria 26, de Olmos, cerca de La Plata, para escapar. Durante once d\u00edas, Iribarren fue el \u201cpr\u00f3fugo m\u00e1s buscado del pa\u00eds\u201d. Luego de huir de la [&hellip;]<\/p>\n","protected":false},"author":1,"featured_media":3224,"comment_status":"open","ping_status":"open","sticky":false,"template":"","format":"standard","meta":{"footnotes":""},"categories":[2],"tags":[288,1450,5231,2882,2521,100,1329,5232],"class_list":["post-3223","post","type-post","status-publish","format-standard","has-post-thumbnail","hentry","category-ultimas-noticias","tag-argentina","tag-asesino","tag-atroz","tag-conmovio","tag-conoce","tag-del","tag-historia","tag-multiple"],"_links":{"self":[{"href":"https:\/\/13.com.ar\/index.php\/wp-json\/wp\/v2\/posts\/3223","targetHints":{"allow":["GET"]}}],"collection":[{"href":"https:\/\/13.com.ar\/index.php\/wp-json\/wp\/v2\/posts"}],"about":[{"href":"https:\/\/13.com.ar\/index.php\/wp-json\/wp\/v2\/types\/post"}],"author":[{"embeddable":true,"href":"https:\/\/13.com.ar\/index.php\/wp-json\/wp\/v2\/users\/1"}],"replies":[{"embeddable":true,"href":"https:\/\/13.com.ar\/index.php\/wp-json\/wp\/v2\/comments?post=3223"}],"version-history":[{"count":0,"href":"https:\/\/13.com.ar\/index.php\/wp-json\/wp\/v2\/posts\/3223\/revisions"}],"wp:featuredmedia":[{"embeddable":true,"href":"https:\/\/13.com.ar\/index.php\/wp-json\/wp\/v2\/media\/3224"}],"wp:attachment":[{"href":"https:\/\/13.com.ar\/index.php\/wp-json\/wp\/v2\/media?parent=3223"}],"wp:term":[{"taxonomy":"category","embeddable":true,"href":"https:\/\/13.com.ar\/index.php\/wp-json\/wp\/v2\/categories?post=3223"},{"taxonomy":"post_tag","embeddable":true,"href":"https:\/\/13.com.ar\/index.php\/wp-json\/wp\/v2\/tags?post=3223"}],"curies":[{"name":"wp","href":"https:\/\/api.w.org\/{rel}","templated":true}]}}