{"id":3211,"date":"2025-02-09T03:34:24","date_gmt":"2025-02-09T06:34:24","guid":{"rendered":"https:\/\/13.com.ar\/index.php\/los-horribles-crimenes-que-sacudieron-mendoza-y-su-captura-en-san-juan\/"},"modified":"2025-02-09T03:34:24","modified_gmt":"2025-02-09T06:34:24","slug":"los-horribles-crimenes-que-sacudieron-mendoza-y-su-captura-en-san-juan","status":"publish","type":"post","link":"https:\/\/13.com.ar\/index.php\/los-horribles-crimenes-que-sacudieron-mendoza-y-su-captura-en-san-juan\/","title":{"rendered":"los horribles cr\u00edmenes que sacudieron Mendoza y su captura en San Juan"},"content":{"rendered":"<p> <br \/>\n<\/p>\n<div id=\"cuerpo\">\n<div class=\"sc-80531b6b-0 chRIGJ container-text text-embed\">\n<p>Ladr\u00f3n, narcotraficante y, finalmente, asesino, <strong>\u201cEl pelado Nicanor\u201d<\/strong>, como lo conoc\u00edan en Cuyo, confes\u00f3 el asesinato de tres personas y fue sospechoso de haber matado a otras dos. En todos los casos, la excusa para quitarles la vida era que <strong>le deb\u00edan dinero<\/strong>.<\/p>\n<\/div>\n<div class=\"sc-80531b6b-0 chRIGJ container-text text-embed\">\n<p>A diferencia de otros asesinos m\u00faltiples, \u201cEl pelado Nicanor\u201d fue condenado a 16 a\u00f1os de c\u00e1rcel y no a perpetua, la pena m\u00e1xima que rige en la Argentina. La pena le fue impuesta en 2019 despu\u00e9s de un<strong> juicio abreviado<\/strong> en el cual la Fiscal\u00eda y la Defensa llegaron a un acuerdo.<\/p>\n<\/div>\n<div class=\"sc-80531b6b-0 chRIGJ container-text text-embed\">\n<p>Con antecedentes penales y una relaci\u00f3n con dos homicidios, \u201cEl pelado Nicanor\u201d hab\u00eda estado ocho meses preso. Al recuperar la libertad, comenz\u00f3 un raid delictivo que lo llev\u00f3 a matar a tres hombres.<\/p>\n<\/div>\n<div class=\"sc-80531b6b-0 chRIGJ container-text text-embed\">\n<p>Aunque estaba en la mira de la Polic\u00eda desde el principio, como el sospechoso no usaba tel\u00e9fono m\u00f3vil ni redes sociales, <strong>su b\u00fasqueda fue dificultosa<\/strong>.<\/p>\n<\/div>\n<p><h2>&#8220;El Pelado Nicanor&#8221;: los horribles cr\u00edmenes que sacudieron Mendoza y su captura en San Juan<\/h2>\n<\/p>\n<div class=\"sc-198be8ec-0 cynXbu image-embed  image-embed \"><picture class=\"sc-198be8ec-1 kOjRiQ\"><source media=\"(min-width: 975px)\" width=\"720\" height=\"480\" \/><img alt=\"Era una de las personas m\u00e1s buscadas por la Polic\u00eda de Mendoza. Fue encontrado en el l\u00edmite con San Juan.\" loading=\"lazy\" width=\"720\" height=\"480\" decoding=\"async\" data-nimg=\"1\" style=\"color:transparent\" src=\"https:\/\/13.com.ar\/wp-content\/uploads\/2025\/02\/los-horribles-crimenes-que-sacudieron-Mendoza-y-su-captura-en.jpg\"\/><span class=\"epigraphe\">Era una de las personas m\u00e1s buscadas por la Polic\u00eda de Mendoza. Fue encontrado en el l\u00edmite con San Juan.<\/span><span class=\"bkg\"\/><span class=\"picture-open\"><button class=\"open-image\" aria-label=\"Open Image\"\/><\/span><\/picture><\/div>\n<div class=\"sc-80531b6b-0 chRIGJ container-text text-embed\">\n<p><strong>Juan Gabriel Leandro Cortez Pastrana<\/strong>, de 27 a\u00f1os, alias \u201cEl pelado Nicanor\u201d se hab\u00eda convertido, en<strong> 2018<\/strong>, en una de las personas m\u00e1s buscadas por la <strong>Polic\u00eda de Mendoza<\/strong>. Para entonces, los investigadores lo consideraban autor del asesinato de Carlos Nelson Mart\u00ednez, Mauricio Valdez Quiroz y Jorge Luis Sald\u00edvar.<\/p>\n<\/div>\n<div class=\"sc-80531b6b-0 chRIGJ container-text text-embed\">\n<p>El 10 de febrero de 2018, \u201cEl pelado Nicanor\u201d se encontr\u00f3, en Las Heras, Mendoza, con Mart\u00ednez y su cu\u00f1ado Valdez Quiroz, quienes hab\u00edan salido en moto de la casa que compart\u00edan. Les hab\u00edan asegurado a sus parientes que iban a encontrarse con su asesino en El Borboll\u00f3n, para <strong>buscar un lech\u00f3n que les hab\u00eda prometido a cambio de marihuana<\/strong>.<\/p>\n<\/div>\n<div class=\"sc-4306f4f9-0 bAPCpp\">\n<div class=\"inner-card-m\">\n<div class=\"related-content\">\n<p><span class=\"body-title\">Mir\u00e1 tambi\u00e9n<\/span><\/p>\n<h3>Rub\u00e9n Recalde: el asesino en serie que dej\u00f3 una huella en argentina<\/h3>\n<source media=\"(min-width: 975px)\" width=\"340\" height=\"340\" \/><img alt=\"Rub\u00e9n Recalde: el asesino en serie que dej\u00f3 una huella en argentina\" loading=\"lazy\" width=\"340\" height=\"340\" decoding=\"async\" data-nimg=\"1\" style=\"color:transparent\" src=\"https:\/\/13.com.ar\/wp-content\/uploads\/2025\/02\/1739082864_855_los-horribles-crimenes-que-sacudieron-Mendoza-y-su-captura-en.jpg\"\/><\/div>\n<\/div>\n<\/div>\n<div class=\"sc-80531b6b-0 chRIGJ container-text text-embed\">\n<p>D\u00edas despu\u00e9s de la <strong>desaparici\u00f3n de los hombres<\/strong>, un cad\u00e1ver fue hallado cerca de la planta de residuos cloacales de El Borboll\u00f3n. El cuerpo, que pertenec\u00eda a Mart\u00ednez, presentaba tres balazos: uno en la pantorrilla izquierda, otro en el abdomen y el tercero en la nuca. Poco despu\u00e9s, la Polic\u00eda encontr\u00f3 otro cad\u00e1ver en avanzado estado de descomposici\u00f3n, en la zona de Campo Espejo. Los peritos determinaron que se trataba de Valdez Quiroz, quien hab\u00eda sido acribillado con cinco disparos.<\/p>\n<\/div>\n<div class=\"sc-80531b6b-0 chRIGJ container-text text-embed\">\n<p>Los investigadores ya <strong>ten\u00edan en la mira<\/strong> a Cortez Pastrana y comenzaron a buscarlo. Pero \u00e9ste, en Godoy Cruz, iba a cometer <strong>otro crimen<\/strong>, el de Sald\u00edvar, el 24 de julio de 2018. Ese d\u00eda, Sald\u00edvar y Franco Gu\u00ed\u00f1ez realizaban trabajos de alba\u00f1iler\u00eda en un puesto del barrio Puesta del Sol, cuando fueron atacados a los tiros. Gu\u00ed\u00f1ez fue llevado a un hospital cercano y sobrevivi\u00f3. Sald\u00edvar recibi\u00f3 varios balazos que le produjeron la muerte de forma instant\u00e1nea.<\/p>\n<\/div>\n<div class=\"sc-198be8ec-0 cynXbu image-embed  image-embed \"><picture class=\"sc-198be8ec-1 kOjRiQ\"><source media=\"(min-width: 975px)\" width=\"720\" height=\"480\" \/><img alt=\"El 10 de febrero de 2018, &quot;El pelado Nicanor&quot; se encontr\u00f3 con dos de sus v\u00edctimas en un campo de Las Heras.\" loading=\"lazy\" width=\"720\" height=\"480\" decoding=\"async\" data-nimg=\"1\" style=\"color:transparent\" src=\"https:\/\/13.com.ar\/wp-content\/uploads\/2025\/02\/1739082864_984_los-horribles-crimenes-que-sacudieron-Mendoza-y-su-captura-en.jpg\"\/><span class=\"epigraphe\">El 10 de febrero de 2018, &#8220;El pelado Nicanor&#8221; se encontr\u00f3 con dos de sus v\u00edctimas en un campo de Las Heras.<\/span><span class=\"bkg\"\/><span class=\"picture-open\"><button class=\"open-image\" aria-label=\"Open Image\"\/><\/span><\/picture><\/div>\n<div class=\"sc-80531b6b-0 chRIGJ container-text text-embed\">\n<p>El 12 de octubre, en Colonia Fiscal, <strong>en el l\u00edmite entre San Juan y Mendoza<\/strong>, polic\u00edas de las dos provincias detuvieron a Cortez Pastrana, quien ser\u00eda <strong>reconocido por varios testigos <\/strong>como el autor del asesinato de Sald\u00edvar.<\/p>\n<\/div>\n<div class=\"sc-80531b6b-0 chRIGJ container-text text-embed\">\n<p>Cortez Pastrana <strong>ten\u00eda antecedentes<\/strong>: en noviembre de 2016 estuvo vinculado a dos cr\u00edmenes y pas\u00f3 en la c\u00e1rcel ocho meses, hasta que fue liberado en julio de 2017. Poco despu\u00e9s comenzar\u00eda su raid asesino.<\/p>\n<\/div>\n<div class=\"sc-80531b6b-0 chRIGJ container-text text-embed\">\n<p>En agosto de 2019 se realiz\u00f3 el <strong>juicio abreviado<\/strong>, durante el cual Cortez Pastrana confes\u00f3 los tres homicidios. Un <strong>acuerdo entre la Fiscal\u00eda y la Defensa<\/strong> hizo que la Jueza Mar\u00eda Pietrasanta lo condenara a <strong>16 a\u00f1os de prisi\u00f3n<\/strong>.<\/p>\n<\/div>\n<\/div>\n<p><br \/>\n<br \/><a href=\"https:\/\/www.clarin.com\/informacion-general\/pelado-nicanor-horribles-crimenes-sacudieron-mendoza-captura-san-juan_0_UZOwSCO4i1.html\">Fuente Clarin.com <\/a><\/p>\n","protected":false},"excerpt":{"rendered":"<p>Ladr\u00f3n, narcotraficante y, finalmente, asesino, \u201cEl pelado Nicanor\u201d, como lo conoc\u00edan en Cuyo, confes\u00f3 el asesinato de tres personas y fue sospechoso de haber matado a otras dos. En todos los casos, la excusa para quitarles la vida era que le deb\u00edan dinero. A diferencia de otros asesinos m\u00faltiples, \u201cEl pelado Nicanor\u201d fue condenado a [&hellip;]<\/p>\n","protected":false},"author":1,"featured_media":3212,"comment_status":"open","ping_status":"open","sticky":false,"template":"","format":"standard","meta":{"footnotes":""},"categories":[2],"tags":[5218,3391,3810,1038,28,642,5217,451],"class_list":["post-3211","post","type-post","status-publish","format-standard","has-post-thumbnail","hentry","category-ultimas-noticias","tag-captura","tag-crimenes","tag-horribles","tag-juan","tag-los","tag-mendoza","tag-sacudieron","tag-san"],"_links":{"self":[{"href":"https:\/\/13.com.ar\/index.php\/wp-json\/wp\/v2\/posts\/3211","targetHints":{"allow":["GET"]}}],"collection":[{"href":"https:\/\/13.com.ar\/index.php\/wp-json\/wp\/v2\/posts"}],"about":[{"href":"https:\/\/13.com.ar\/index.php\/wp-json\/wp\/v2\/types\/post"}],"author":[{"embeddable":true,"href":"https:\/\/13.com.ar\/index.php\/wp-json\/wp\/v2\/users\/1"}],"replies":[{"embeddable":true,"href":"https:\/\/13.com.ar\/index.php\/wp-json\/wp\/v2\/comments?post=3211"}],"version-history":[{"count":0,"href":"https:\/\/13.com.ar\/index.php\/wp-json\/wp\/v2\/posts\/3211\/revisions"}],"wp:featuredmedia":[{"embeddable":true,"href":"https:\/\/13.com.ar\/index.php\/wp-json\/wp\/v2\/media\/3212"}],"wp:attachment":[{"href":"https:\/\/13.com.ar\/index.php\/wp-json\/wp\/v2\/media?parent=3211"}],"wp:term":[{"taxonomy":"category","embeddable":true,"href":"https:\/\/13.com.ar\/index.php\/wp-json\/wp\/v2\/categories?post=3211"},{"taxonomy":"post_tag","embeddable":true,"href":"https:\/\/13.com.ar\/index.php\/wp-json\/wp\/v2\/tags?post=3211"}],"curies":[{"name":"wp","href":"https:\/\/api.w.org\/{rel}","templated":true}]}}