{"id":3205,"date":"2025-02-09T02:18:03","date_gmt":"2025-02-09T05:18:03","guid":{"rendered":"https:\/\/13.com.ar\/index.php\/la-impactante-historia-de-un-criminal-que-volvio-a-matar-cuando-quedo-libre\/"},"modified":"2025-02-09T02:18:03","modified_gmt":"2025-02-09T05:18:03","slug":"la-impactante-historia-de-un-criminal-que-volvio-a-matar-cuando-quedo-libre","status":"publish","type":"post","link":"https:\/\/13.com.ar\/index.php\/la-impactante-historia-de-un-criminal-que-volvio-a-matar-cuando-quedo-libre\/","title":{"rendered":"La impactante historia de un criminal que volvi\u00f3 a matar cuando qued\u00f3 libre"},"content":{"rendered":"<p> <br \/>\n<\/p>\n<div id=\"cuerpo\">\n<div class=\"sc-80531b6b-0 chRIGJ container-text text-embed\">\n<p>Esta es la <strong>historia de un criminal <\/strong>que, a pesar de haber sido condenado por cuatro homicidios, <strong>sali\u00f3 y entr\u00f3 de la c\u00e1rcel<\/strong> gracias a medidas de la Justicia que, muchas veces, favorecen al condenado.<\/p>\n<\/div>\n<div class=\"sc-80531b6b-0 chRIGJ container-text text-embed\">\n<p>Incluso, durante una de esas excarcelaciones gracias al ya derogado \u201cdos por uno\u201d,<strong> volvi\u00f3 a matar<\/strong>. Lo hizo solo seis d\u00edas despu\u00e9s de recuperar la libertad, durante un <strong>violento asalto<\/strong>.<\/p>\n<\/div>\n<div class=\"sc-80531b6b-0 chRIGJ container-text text-embed\">\n<p>La trayectoria delictiva de <strong>C\u00e9sar Humberto Ghirardi<\/strong>, de 51 a\u00f1os y conocido como El Loco C\u00e9sar, tiene un largo historial.<\/p>\n<\/div>\n<div class=\"sc-80531b6b-0 chRIGJ container-text text-embed\">\n<p>Tanto, que comparte el extra\u00f1o privilegio de figurar <strong>entre los mayores asesinos del pa\u00eds<\/strong>, junto con Robledo Puch, el \u00c1ngel de la Muerte (11 homicidios), y Luis Fernando Iribarren, el Carnicero de San Andr\u00e9s de Giles (5).<\/p>\n<\/div>\n<p><h2>La impactante historia de un criminal que volvi\u00f3 a matar al quedar libre<\/h2>\n<\/p>\n<div class=\"sc-80531b6b-0 chRIGJ container-text text-embed\">\n<p>La carrera delictiva de Ghirardi comenz\u00f3 el 21 de <strong>noviembre de 1996<\/strong> cuando mat\u00f3 a Fabi\u00e1n Brain y a Fernando Di\u00e1cono durante un <strong>asalto en Ramos Mej\u00eda<\/strong>, provincia de Buenos Aires.<strong> Los disparos fueron a una distancia corta<\/strong>, por lo que qued\u00f3 claro que Ghirardi ten\u00eda intenciones directas de asesinarlos.<\/p>\n<\/div>\n<div class=\"sc-4306f4f9-0 bAPCpp\">\n<div class=\"inner-card-m\">\n<div class=\"related-content\">\n<p><span class=\"body-title\">Mir\u00e1 tambi\u00e9n<\/span><\/p>\n<h3>Vuelo 3142 de LAPA la tragedia a\u00e9rea que alter\u00f3 la historia de la Argentina<\/h3>\n<source media=\"(min-width: 975px)\" width=\"340\" height=\"340\" \/><img alt=\"Vuelo 3142 de LAPA la tragedia a\u00e9rea que alter\u00f3 la historia de la Argentina\" loading=\"lazy\" width=\"340\" height=\"340\" decoding=\"async\" data-nimg=\"1\" style=\"color:transparent\" src=\"https:\/\/13.com.ar\/wp-content\/uploads\/2025\/02\/1738644000_413_revelando-el-oscuro-mito-del-asesino-de-travestis-en-la.jpg\"\/><\/div>\n<\/div>\n<\/div>\n<div class=\"sc-80531b6b-0 chRIGJ container-text text-embed\">\n<p>El \u201cLoco\u201d C\u00e9sar y su c\u00f3mplice fueron <strong>detenidos en marzo de 1998<\/strong>. La Justicia lo acus\u00f3 de los homicidios de otras tres personas, cometidos en Mor\u00f3n y Ramos Mej\u00eda.<\/p>\n<\/div>\n<div class=\"sc-80531b6b-0 chRIGJ container-text text-embed\">\n<p>El primer hecho era el asesinato de un matrimonio ocurrido cuando volv\u00eda con su hijo de cinco a\u00f1os a su casa en una Ford F-100. La mujer <strong>cubri\u00f3 con su cuerpo al nene <\/strong>y muri\u00f3 en el momento, mientras que su marido falleci\u00f3 de un paro card\u00edaco.<\/p>\n<\/div>\n<div class=\"sc-80531b6b-0 chRIGJ container-text text-embed\">\n<p>En el otro caso, fue se\u00f1alado como presunto responsable de acribillar a los hermanos Hern\u00e1n y Leonardo Pecastaing. Pero la Justicia<strong> no encontr\u00f3 las pruebas necesarias<\/strong> para condenar a Ghirardi.<\/p>\n<\/div>\n<div class=\"sc-4306f4f9-0 bAPCpp\">\n<div class=\"inner-card-m\">\n<div class=\"related-content\">\n<p><span class=\"body-title\">Mir\u00e1 tambi\u00e9n<\/span><\/p>\n<h3>Puerta 12, la tragedia del Monumental verdades y mentiras detr\u00e1s del mayor desastre en la historia del f\u00fatbol argentino<\/h3>\n<source media=\"(min-width: 975px)\" width=\"340\" height=\"340\" \/><img alt=\"Puerta 12, la tragedia del Monumental verdades y mentiras detr\u00e1s del mayor desastre en la historia del f\u00fatbol argentino\" loading=\"lazy\" width=\"340\" height=\"340\" decoding=\"async\" data-nimg=\"1\" style=\"color:transparent\" src=\"https:\/\/13.com.ar\/wp-content\/uploads\/2025\/02\/La-impactante-historia-de-un-criminal-que-volvio-a-matar.jpg\"\/><\/div>\n<\/div>\n<\/div>\n<div class=\"sc-80531b6b-0 chRIGJ container-text text-embed\">\n<p>Mientras estaba en la c\u00e1rcel de Florencio Varela a la espera del juicio por el doble crimen de 1996, Ghirardi <strong>mat\u00f3 al recluso Sotelo Gavil\u00e1n<\/strong> durante una pelea.<\/p>\n<\/div>\n<div class=\"sc-80531b6b-0 chRIGJ container-text text-embed\">\n<p>En 1999, un tribunal de Quilmes lo conden\u00f3 a 15 a\u00f1os de prisi\u00f3n, una pena que fue rebajada a 14 por la C\u00e1mara de Casaci\u00f3n. En tanto, un tribunal de La Matanza conden\u00f3 a Ghirardi a 20 a\u00f1os de prisi\u00f3n, pero esa pena tambi\u00e9n se redujo, en este caso a 18 a\u00f1os, gracias a una resoluci\u00f3n de la C\u00e1mara de Casaci\u00f3n. El 27 de mayo de 2008 la Justicia consider\u00f3 que hab\u00eda cumplido con las condenas a 18 y 14 a\u00f1os, y lo dej\u00f3 en libertad. <strong>Tan solo seis d\u00edas despu\u00e9s, Ghirardi volver\u00eda a matar<\/strong>.<\/p>\n<\/div>\n<div class=\"sc-198be8ec-0 cynXbu image-embed  image-embed \"><picture class=\"sc-198be8ec-1 kOjRiQ\"><source media=\"(min-width: 975px)\" width=\"720\" height=\"480\" \/><img alt=\"En 2008, seis d\u00edas despu\u00e9s de salir en libertad, Ghirardi y un c\u00f3mplice asaltaron a dos custodios de una empresa de seguridad y mataron a uno de ellos.\" loading=\"lazy\" width=\"720\" height=\"480\" decoding=\"async\" data-nimg=\"1\" style=\"color:transparent\" src=\"https:\/\/13.com.ar\/wp-content\/uploads\/2025\/02\/1739078283_592_La-impactante-historia-de-un-criminal-que-volvio-a-matar.jpg\"\/><span class=\"epigraphe\">En 2008, seis d\u00edas despu\u00e9s de salir en libertad, Ghirardi y un c\u00f3mplice asaltaron a dos custodios de una empresa de seguridad y mataron a uno de ellos.<\/span><span class=\"bkg\"\/><span class=\"picture-open\"><button class=\"open-image\" aria-label=\"Open Image\"\/><\/span><\/picture><\/div>\n<div class=\"sc-80531b6b-0 chRIGJ container-text text-embed\">\n<p>De nuevo junto con un c\u00f3mplice, El \u201cLoco\u201d C\u00e9sar asalt\u00f3 a dos custodios de una empresa de seguridad que llevaban el dinero para pagar a los vigiladores de barrios cerrados de la zona norte. Entonces, mataron a Sergio Conti e hirieron al otro para robarles 86.000 pesos. Ambos escaparon, pero la Polic\u00eda detuvo a Ghirardi en Pablo Nogu\u00e9s. En 2010, un tribunal de San Isidro lo conden\u00f3 a <strong>prisi\u00f3n perpetua por este \u00faltimo asesinato<\/strong>.<\/p>\n<\/div>\n<div class=\"sc-80531b6b-0 chRIGJ container-text text-embed\">\n<p>Sin embargo, una estrategia del abogado y algunas cuestiones judiciales provocaron que sus penas fueran \u201clicuadas\u201d y a fines de 2015, El \u201cLoco\u201d C\u00e9sar recibi\u00f3 el beneficio de la <strong>libertad condicional<\/strong>.<\/p>\n<\/div>\n<div class=\"sc-80531b6b-0 chRIGJ container-text text-embed\">\n<p>De nuevo libre, Ghirardi <strong>le rob\u00f3 1,6 millones de pesos<\/strong> a una empleada de una estaci\u00f3n de servicio, en Don Torcuato. Detenido y juzgado, la pena, en este caso, fue a cuatro a\u00f1os que, unificada con los otros hechos, generan un total de 15 a\u00f1os.<\/p>\n<\/div>\n<\/div>\n<p><br \/>\n<br \/><a href=\"https:\/\/www.clarin.com\/informacion-general\/impactante-historia-criminal-volvio-matar-quedo-libre_0_b7gpGLR5R0.html\">Fuente Clarin.com <\/a><\/p>\n","protected":false},"excerpt":{"rendered":"<p>Esta es la historia de un criminal que, a pesar de haber sido condenado por cuatro homicidios, sali\u00f3 y entr\u00f3 de la c\u00e1rcel gracias a medidas de la Justicia que, muchas veces, favorecen al condenado. Incluso, durante una de esas excarcelaciones gracias al ya derogado \u201cdos por uno\u201d, volvi\u00f3 a matar. Lo hizo solo seis [&hellip;]<\/p>\n","protected":false},"author":1,"featured_media":3206,"comment_status":"open","ping_status":"open","sticky":false,"template":"","format":"standard","meta":{"footnotes":""},"categories":[2],"tags":[3958,677,1329,232,4117,1409,336,504],"class_list":["post-3205","post","type-post","status-publish","format-standard","has-post-thumbnail","hentry","category-ultimas-noticias","tag-criminal","tag-cuando","tag-historia","tag-impactante","tag-libre","tag-matar","tag-quedo","tag-volvio"],"_links":{"self":[{"href":"https:\/\/13.com.ar\/index.php\/wp-json\/wp\/v2\/posts\/3205","targetHints":{"allow":["GET"]}}],"collection":[{"href":"https:\/\/13.com.ar\/index.php\/wp-json\/wp\/v2\/posts"}],"about":[{"href":"https:\/\/13.com.ar\/index.php\/wp-json\/wp\/v2\/types\/post"}],"author":[{"embeddable":true,"href":"https:\/\/13.com.ar\/index.php\/wp-json\/wp\/v2\/users\/1"}],"replies":[{"embeddable":true,"href":"https:\/\/13.com.ar\/index.php\/wp-json\/wp\/v2\/comments?post=3205"}],"version-history":[{"count":0,"href":"https:\/\/13.com.ar\/index.php\/wp-json\/wp\/v2\/posts\/3205\/revisions"}],"wp:featuredmedia":[{"embeddable":true,"href":"https:\/\/13.com.ar\/index.php\/wp-json\/wp\/v2\/media\/3206"}],"wp:attachment":[{"href":"https:\/\/13.com.ar\/index.php\/wp-json\/wp\/v2\/media?parent=3205"}],"wp:term":[{"taxonomy":"category","embeddable":true,"href":"https:\/\/13.com.ar\/index.php\/wp-json\/wp\/v2\/categories?post=3205"},{"taxonomy":"post_tag","embeddable":true,"href":"https:\/\/13.com.ar\/index.php\/wp-json\/wp\/v2\/tags?post=3205"}],"curies":[{"name":"wp","href":"https:\/\/api.w.org\/{rel}","templated":true}]}}