{"id":3203,"date":"2025-02-09T01:28:46","date_gmt":"2025-02-09T04:28:46","guid":{"rendered":"https:\/\/13.com.ar\/index.php\/soy-lo-suficientemente-bueno-para-ganar-grand-slams-y-llegar-al-numero-1\/"},"modified":"2025-02-09T01:28:46","modified_gmt":"2025-02-09T04:28:46","slug":"soy-lo-suficientemente-bueno-para-ganar-grand-slams-y-llegar-al-numero-1","status":"publish","type":"post","link":"https:\/\/13.com.ar\/index.php\/soy-lo-suficientemente-bueno-para-ganar-grand-slams-y-llegar-al-numero-1\/","title":{"rendered":"Soy lo suficientemente bueno para ganar Grand Slams y llegar al n\u00famero 1"},"content":{"rendered":"<p> <br \/>\n<\/p>\n<div id=\"cuerpo\">\n<div class=\"sc-80531b6b-0 chRIGJ container-text text-embed\">\n<p>Las canchas de polvo de ladrillo del <em>Buenos Aires Lawn Tenis<\/em> ya empezaron a vibrar con los golpes de <strong>Alexander Zverev<\/strong>. El alem\u00e1n, m\u00e1ximo favorito del <strong>Argentina Open 2025<\/strong>, estuvo peloteando ayer en el club de Palermo, afinando su raqueta para el debut en el torneo. Y la gente que hab\u00eda llegado al predio para disfrutar de la qualy, no se quiso perder la chance de verlo de cerca.<\/p>\n<\/div>\n<div class=\"sc-80531b6b-0 chRIGJ container-text text-embed\">\n<p>Es que <em>Sascha <\/em>-que hab\u00eda venido a Argentina en 2019, para una exhibici\u00f3n con <strong>Roger Federer<\/strong>&#8211; es una de las grandes estrellas del circuito y uno de los favoritos de los fan\u00e1ticos. Por todo lo que consigui\u00f3 en su carrera: gan\u00f3 23 t\u00edtulos, entre ellos siete Masters 1000, dos ediciones de las <strong>ATP Finals<\/strong> y el oro ol\u00edmpico de Tokio, jug\u00f3 tres finales de Grand Slam &#8211;<strong>US Open 2020<\/strong>, <strong>Roland Garros 2024<\/strong> y <strong>Australian Open 2025<\/strong>&#8211; y es el n\u00famero dos del mundo. Pero tambi\u00e9n porque es un vivo ejemplo de que a pesar de los obst\u00e1culos que se crucen en el camino, los sue\u00f1os se puede hacer realidad.<\/p>\n<\/div>\n<div class=\"sc-80531b6b-0 chRIGJ container-text text-embed\">\n<p>El mayor reto que tuvo que enfrentar Zverev lleg\u00f3 muy temprano en su vida. A los 4 a\u00f1os le diagnosticaron diabetes tipo 1. Y los m\u00e9dicos le aconsejaron a su familia que lo convencieran de olvidarse del tenis, el deporte que hab\u00edan jugado sus padres y que tambi\u00e9n jugaba su hermano <strong>Mischa<\/strong>. Pero \u00e9l no les hizo caso.<\/p>\n<\/div>\n<div class=\"sc-80531b6b-0 chRIGJ container-text text-embed\">\n<p>\u201cComenzar a jugar al tenis fue quiz\u00e1s mi mayor desaf\u00edo. Soy diab\u00e9tico desde que era muy peque\u00f1o y no recuerdo la vida sin eso. Cuando ten\u00eda cuatro a\u00f1os no sab\u00eda qu\u00e9 significaba eso, sab\u00eda que ten\u00eda que chequearme siempre, pero no entend\u00eda por qu\u00e9. Creo que fue m\u00e1s dif\u00edcil para mis padres, porque fue un gran shock. Pero tuve suerte, porque mi mam\u00e1 sobre todo es muy testaruda y cuando los doctores le dec\u00edan <em>\u2018Tenis con diabetes es muy, muy dif\u00edcil, deber\u00eda elegir otra cosa\u2019<\/em>, ella les dec\u00eda<em> \u2018No, este es su sue\u00f1o y \u00e9l lo va a hacer\u2019<\/em>. Y ac\u00e1 estoy, haciendo mucho\u201d, record\u00f3 en charla con <strong>Clar\u00edn<\/strong>.<\/p>\n<\/div>\n<div class=\"sc-80531b6b-0 chRIGJ container-text text-embed\">\n<p>El alem\u00e1n, de 27 a\u00f1os, mantuvo su enfermedad en secreto durante mucho tiempo. La hizo p\u00fablica en 2022, cuando cre\u00f3 la fundaci\u00f3n que lleva su nombre y dedicada a ayudar a ni\u00f1os que tambi\u00e9n tienen diabetes, en especial, los de pa\u00edses en desarrollo. <\/p>\n<\/div>\n<div class=\"sc-198be8ec-0 cynXbu image-embed  image-embed \"><picture class=\"sc-198be8ec-1 kOjRiQ\"><source media=\"(min-width: 975px)\" width=\"720\" height=\"480\" \/><img alt=\"&quot;Ver que algunos ni\u00f1os se sienten c\u00f3modos porque saben que juego y soy diab\u00e9tico, me llena de orgullo&quot;, dijo Zverev. Fotos Emmanuel Fern\u00e1ndez\" loading=\"lazy\" width=\"720\" height=\"480\" decoding=\"async\" data-nimg=\"1\" style=\"color:transparent\" src=\"https:\/\/13.com.ar\/wp-content\/uploads\/2025\/02\/Soy-lo-suficientemente-bueno-para-ganar-Grand-Slams-y-llegar.jpg\"\/><span class=\"epigraphe\">&#8220;Ver que algunos ni\u00f1os se sienten c\u00f3modos porque saben que juego y soy diab\u00e9tico, me llena de orgullo&#8221;, dijo Zverev. Fotos Emmanuel Fern\u00e1ndez<\/span><span class=\"bkg\"\/><span class=\"picture-open\"><button class=\"open-image\" aria-label=\"Open Image\"\/><\/span><\/picture><\/div>\n<div class=\"sc-80531b6b-0 chRIGJ container-text text-embed\">\n<p>\u201cSiempre fui un poco inseguro de mi enfermedad y quer\u00eda esconderla. Si hoy algunos ni\u00f1os se sienten m\u00e1s c\u00f3modos porque saben que juego y soy diab\u00e9tico o me ven inyectarme en la cancha, eso me genera orgullo. Y me da otra raz\u00f3n y otra motivaci\u00f3n para continuar haciendo lo que estoy haciendo\u201d, reflexion\u00f3.<\/p>\n<\/div>\n<div class=\"sc-80531b6b-0 chRIGJ container-text text-embed\">\n<p>Y agreg\u00f3: \u201cCreo que es una enfermedad de la que no se habla mucho, porque en pa\u00edses ricos, vivir con diabetes no es realmente un gran problema ya que ten\u00e9s las medicinas necesarias. Y ah\u00ed hay una falta de entendimiento. Porque en pa\u00edses menos desarrollados, si ten\u00e9s diabetes no ten\u00e9s el equipo necesario para testearte ni insulina y a veces eso significa que no ten\u00e9s la chance de sobrevivir. El conocimiento y la ayuda es muy importante.Y ah\u00ed es donde mi fundaci\u00f3n quiere ayudar\u201d.<\/p>\n<\/div>\n<div class=\"sc-80531b6b-0 chRIGJ container-text text-embed\">\n<p><strong>-Tuviste una infancia diferente no solo por tu enfermedad. \u00bfC\u00f3mo fue crecer rodeado de la elite del tenis, acompa\u00f1ando en los viajes a tu hermano Mischa (ex 25\u00b0 del mundo y diez a\u00f1os mayor)?<\/strong><\/p>\n<\/div>\n<div class=\"sc-80531b6b-0 chRIGJ container-text text-embed\">\n<p>Fue genial. Cuando empec\u00e9 a competir en el circuito, nada era nuevo para m\u00ed. Conoc\u00eda el tour y a las personas, entonces no era que ve\u00eda a un jugador top y me pon\u00eda nervioso. Me sent\u00eda nervioso cuando juego con ellos, pero el ambiente era tan natural que hizo m\u00e1s f\u00e1cil el comienzo. Y \u00e9l fue una enorme ayuda, poder pelotear con un top 100 en el mundo cuando era tan chico fue genial.<\/p>\n<\/div>\n<div class=\"sc-80531b6b-0 chRIGJ container-text text-embed\">\n<p><strong>-Enfrentaste varios desaf\u00edos en tu carrera: la diabetes, varias lesiones, algunos problemas personas en los \u00faltimos a\u00f1os. \u00bfDe d\u00f3nde sacaste la fortaleza mental para superarlos?<\/strong><\/p>\n<\/div>\n<div class=\"sc-80531b6b-0 chRIGJ container-text text-embed\">\n<p>Al final del d\u00eda, cada uno tiene que encontrar c\u00f3mo manejarlo. Cada uno tiene que encontrar la manera de lidiar con cosas diferencias. Para algunos ser\u00e1 un psic\u00f3logo deportivo, para otros la meditaci\u00f3n, para otros la naturaleza. Pero cada uno tiene que figurar c\u00f3mo manejarlo. A m\u00ed me tom\u00f3 algunos a\u00f1os, pero ahora estoy en el buen camino y espero seguir as\u00ed.<\/p>\n<\/div>\n<div class=\"sc-80531b6b-0 chRIGJ container-text text-embed\">\n<p><strong>-Tras la final del Australian Open el mes pasado, se te vio muy golpeado. \u00bfCu\u00e1nto te cost\u00f3 levantarte?<\/strong><\/p>\n<\/div>\n<div class=\"sc-80531b6b-0 chRIGJ container-text text-embed\">\n<p>Perd\u00ed en tres sets y despu\u00e9s de una final como esa aparecen muchas emociones y a veces digo cosas de las que me arrepiento. Me arrepiento de haber dicho que no soy lo suficientemente bueno. Creo que s\u00ed soy lo suficientemente bueno para ganar Grand Slams y para llegar al n\u00famero uno, si sigo mejorando. Esa es mi mentalidad.<\/p>\n<\/div>\n<p><h2>&#8220;Es muy importante tener esta gira en Sudam\u00e9rica&#8221;<\/h2>\n<\/p>\n<div class=\"sc-80531b6b-0 chRIGJ container-text text-embed\">\n<p>Alexander Zverev jugar\u00e1 por primera vez el <strong>Argentina Open<\/strong>, una de las paradas m\u00e1s importante (y la que m\u00e1s ediciones lleva disputadas) de la gira sudamericana de polvo de ladrillo, que completan las citas de <strong>R\u00edo de Janeiro <\/strong>y <strong>Santiago de Chile<\/strong>. Hasta el a\u00f1o pasado, se jugaba tambi\u00e9n el torneo de <strong>C\u00f3rdoba<\/strong>, pero la <strong>ATP <\/strong>decidi\u00f3 borrarlo del calendario, un golpe duro para el tenis de la regi\u00f3n. Y el alem\u00e1n, en la previa a su debut, destac\u00f3 el valor de estos cert\u00e1menes. <\/p>\n<\/div>\n<div class=\"sc-198be8ec-0 cynXbu image-embed  image-embed \"><picture class=\"sc-198be8ec-1 kOjRiQ\"><source media=\"(min-width: 975px)\" width=\"720\" height=\"480\" \/><img alt=\"&quot;Estoy enfocado en ganar el t\u00edtulo&quot;, afirm\u00f3 Zverev. Foto Emmanuel Fern\u00e1ndez\" loading=\"lazy\" width=\"720\" height=\"480\" decoding=\"async\" data-nimg=\"1\" style=\"color:transparent\" src=\"https:\/\/13.com.ar\/wp-content\/uploads\/2025\/02\/1739075326_259_Soy-lo-suficientemente-bueno-para-ganar-Grand-Slams-y-llegar.jpg\"\/><span class=\"epigraphe\">&#8220;Estoy enfocado en ganar el t\u00edtulo&#8221;, afirm\u00f3 Zverev. Foto Emmanuel Fern\u00e1ndez<\/span><span class=\"bkg\"\/><span class=\"picture-open\"><button class=\"open-image\" aria-label=\"Open Image\"\/><\/span><\/picture><\/div>\n<div class=\"sc-80531b6b-0 chRIGJ container-text text-embed\">\n<p>&#8220;Este es el \u00fanico momento de la temporada en la que ten\u00e9s torneos profesionales en esta parte del mundo a nivel ATP. El tenis es un deporte global y muy importante en Sudam\u00e9rica, en especial en Argentina y Brasil, de los que hist\u00f3ricamente tiene siempre grandes jugadores. Tener esta gira de polvo de ladrillo es muy importante para el desarrollo del deporte ac\u00e1 y el circuito en general&#8221;, afirm\u00f3. <\/p>\n<\/div>\n<div class=\"sc-80531b6b-0 chRIGJ container-text text-embed\">\n<p>&#8220;Estoy muy contento por estar aqu\u00ed por primera vez de manera oficial. Vine con Roger hace cinco a\u00f1os y lo disfrut\u00e9 mucho. Espero que sea una semana muy divertida para todos&#8221;, agreg\u00f3 el n\u00famero dos del mundo y reciente finalista en Australia.<\/p>\n<\/div>\n<div class=\"sc-80531b6b-0 chRIGJ container-text text-embed\">\n<p>Como m\u00e1ximo favorito, Sascha quedar\u00e1 libre en la primera ronda y arrancar\u00e1 ante el ganador del choque entre el espa\u00f1ol <strong>Roberto Carballes Baena <\/strong>y el serbio <strong>Dusan Lajovic<\/strong>. Y dej\u00f3 en claro a qu\u00e9 vino a Buenos Aires: &#8220;Estoy 100 por ciento enfocado en prepararme y competir a mi m\u00e1ximo porque quiero ganar el t\u00edtulo&#8221;. <\/p>\n<\/div>\n<div class=\"sc-80531b6b-0 chRIGJ container-text text-embed\">\n<p>Y cont\u00f3 que una de las cosas que m\u00e1s ilusiona de jugar en el BALTC es la chance de experimentar en primera persona el calor del p\u00fablico argentino. <\/p>\n<\/div>\n<div class=\"sc-80531b6b-0 chRIGJ container-text text-embed\">\n<p>&#8220;S\u00e9 que los fan\u00e1ticos argentinos son muy apasionados. Espero que sea similar a la atm\u00f3sfera de cuando vine con Roger. Mucha pasi\u00f3n y un p\u00fablico ruidoso. Mientras la gente se involucre pasionalmente y realmente disfrute el deporte y los jugadores que vengan, me encanta ver la pasi\u00f3n de la gente, porque eso trae la emoci\u00f3n&#8221;, coment\u00f3.<\/p>\n<\/div>\n<div class=\"sc-80531b6b-0 chRIGJ container-text text-embed\">\n<p>Y cont\u00f3: &#8220;Es gracioso, porque mi pap\u00e1 jug\u00f3 en Argentina por la <strong>Copa Davis<\/strong> (<em>NdR: Fue parte del equipo ruso que se impuso en una eliminatoria en el BALTC en octubre de 1985<\/em>). Le gan\u00f3 al actuar director de este torneo (<strong>Mart\u00edn Jaite<\/strong>). Cuando se vieron, se dieron un abrazo y se pusieron a recordar los viejos tiempos. Mi padre me cont\u00f3 muchas historias sobre la gente en aquel duelo. Por supuesto que era Davis, entonces toda la gente hinchaba por argentina. Espero que esta vez sea diferente&#8221;. <\/p>\n<\/div>\n<\/div>\n<p><br \/>\n<br \/><a href=\"https:\/\/www.clarin.com\/deportes\/alexander-zverev-lucha-diabetes-gran-objetivo-suficientemente-bueno-ganar-grand-slams-llegar-numero-1_0_K7zxcnE3Fk.html\">Fuente Clarin.com <\/a><\/p>\n","protected":false},"excerpt":{"rendered":"<p>Las canchas de polvo de ladrillo del Buenos Aires Lawn Tenis ya empezaron a vibrar con los golpes de Alexander Zverev. El alem\u00e1n, m\u00e1ximo favorito del Argentina Open 2025, estuvo peloteando ayer en el club de Palermo, afinando su raqueta para el debut en el torneo. Y la gente que hab\u00eda llegado al predio para [&hellip;]<\/p>\n","protected":false},"author":1,"featured_media":3204,"comment_status":"open","ping_status":"open","sticky":false,"template":"","format":"standard","meta":{"footnotes":""},"categories":[2],"tags":[5213,2199,4436,1304,3570,16,5214,4008,5212],"class_list":["post-3203","post","type-post","status-publish","format-standard","has-post-thumbnail","hentry","category-ultimas-noticias","tag-bueno","tag-ganar","tag-grand","tag-llegar","tag-numero","tag-para","tag-slams","tag-soy","tag-suficientemente"],"_links":{"self":[{"href":"https:\/\/13.com.ar\/index.php\/wp-json\/wp\/v2\/posts\/3203","targetHints":{"allow":["GET"]}}],"collection":[{"href":"https:\/\/13.com.ar\/index.php\/wp-json\/wp\/v2\/posts"}],"about":[{"href":"https:\/\/13.com.ar\/index.php\/wp-json\/wp\/v2\/types\/post"}],"author":[{"embeddable":true,"href":"https:\/\/13.com.ar\/index.php\/wp-json\/wp\/v2\/users\/1"}],"replies":[{"embeddable":true,"href":"https:\/\/13.com.ar\/index.php\/wp-json\/wp\/v2\/comments?post=3203"}],"version-history":[{"count":0,"href":"https:\/\/13.com.ar\/index.php\/wp-json\/wp\/v2\/posts\/3203\/revisions"}],"wp:featuredmedia":[{"embeddable":true,"href":"https:\/\/13.com.ar\/index.php\/wp-json\/wp\/v2\/media\/3204"}],"wp:attachment":[{"href":"https:\/\/13.com.ar\/index.php\/wp-json\/wp\/v2\/media?parent=3203"}],"wp:term":[{"taxonomy":"category","embeddable":true,"href":"https:\/\/13.com.ar\/index.php\/wp-json\/wp\/v2\/categories?post=3203"},{"taxonomy":"post_tag","embeddable":true,"href":"https:\/\/13.com.ar\/index.php\/wp-json\/wp\/v2\/tags?post=3203"}],"curies":[{"name":"wp","href":"https:\/\/api.w.org\/{rel}","templated":true}]}}