{"id":3153,"date":"2025-02-08T18:42:11","date_gmt":"2025-02-08T21:42:11","guid":{"rendered":"https:\/\/13.com.ar\/index.php\/la-dispersion-del-peronismo-y-la-idea-de-maximo-kirchner-de-agudizar-la-pelea-contra-axel-kicillof\/"},"modified":"2025-02-08T18:42:11","modified_gmt":"2025-02-08T21:42:11","slug":"la-dispersion-del-peronismo-y-la-idea-de-maximo-kirchner-de-agudizar-la-pelea-contra-axel-kicillof","status":"publish","type":"post","link":"https:\/\/13.com.ar\/index.php\/la-dispersion-del-peronismo-y-la-idea-de-maximo-kirchner-de-agudizar-la-pelea-contra-axel-kicillof\/","title":{"rendered":"La dispersi\u00f3n del peronismo y la idea de M\u00e1ximo Kirchner de agudizar la pelea contra Axel Kicillof"},"content":{"rendered":"<p> <br \/>\n<br \/><img decoding=\"async\" src=\"https:\/\/13.com.ar\/wp-content\/uploads\/2025\/02\/La-dispersion-del-peronismo-y-la-idea-de-Maximo-Kirchner.jpg\" \/><\/p>\n<div id=\"cuerpo\">\n<div class=\"sc-80531b6b-0 chRIGJ container-text text-embed\">\n<p>La presidenta del Partido Justicialista, Cristina Kirchner, mare\u00f3 a los dirigentes de su espacio en un tema trascendental para las elecciones legislativas de este a\u00f1o: la suspensi\u00f3n de las PASO. En diciembre, ella <strong>repet\u00eda en privado que estaba a favor de que no se vote con ese sistema <\/strong>que su propio Gobierno hab\u00eda hecho ley. Pero en las \u00faltimas semanas cambi\u00f3 de opini\u00f3n e intent\u00f3 ordenar al bloque de legisladores del peronismo de la C\u00e1mara baja para que rechazaran el proyecto. No solo no lo logr\u00f3, si no que la votaci\u00f3n final en el recinto gener\u00f3 una fractura in\u00e9dita entre los diputados del PJ, o de Uni\u00f3n por la Patria, como se autoidentifican ahora.<\/p>\n<\/div>\n<div class=\"sc-80531b6b-0 chRIGJ container-text text-embed\">\n<p>Los \u00fanicos legisladores que cumplieron la orden de \u201cLa Jefa\u201d, alineados sin fisuras con ella,<strong> fueron los que militan en La C\u00e1mpora<\/strong>. Qued\u00f3 claro as\u00ed qu\u00e9 es lo que la ex vice pretend\u00eda que ocurriese.<\/p>\n<\/div>\n<div class=\"sc-80531b6b-0 chRIGJ container-text text-embed\">\n<p>El oficialismo festeja ahora lo que consideran una muestra de debilidad del liderazgo de Kirchner sobre el partido que preside.<\/p>\n<\/div>\n<div class=\"sc-80531b6b-0 chRIGJ container-text text-embed\">\n<p>El escenario se complejiz\u00f3 porque la suspensi\u00f3n de las PASO, si es que logra la media sanci\u00f3n en el Senado, le permitir\u00eda al principal rival interno de los Kirchner en el PJ, <strong>el gobernador de Buenos Aires, Axel Kicillof<\/strong>, desdoblar la fecha de votaci\u00f3n en su provincia.<\/p>\n<\/div>\n<div class=\"sc-80531b6b-0 chRIGJ container-text text-embed\">\n<p>El \u201caparato\u201d electoral del PJ de Buenos Aires, se supone que muy eficaz para movilizar votantes a su favor, <strong>solo trabajar\u00eda con verdadero ah\u00ednco para garantizar el poder de los intendentes<\/strong> y jefes territoriales en el d\u00eda en que se vote para ocupar puestos provinciales y municipales. A eso se suma que ya es ley la utilizaci\u00f3n de la boleta \u00fanica para el voto a nivel nacional.<\/p>\n<\/div>\n<div class=\"sc-80531b6b-0 chRIGJ container-text text-embed\">\n<p>Los Kirchner entraron en un laberinto complejo en el que se jugar\u00e1n parte de su verdadero poder como jefes reales de un peronismo nacional que vive una di\u00e1spora de modo diversos.<\/p>\n<\/div>\n<div class=\"sc-80531b6b-0 chRIGJ container-text text-embed\">\n<p>Varios gobernadores que llegaron a su cargo en listas del PJ est\u00e1n hoy <strong>colaborando con el Gobierno en el Congreso<\/strong>. Lo mismo pasa con la CGT.<\/p>\n<\/div>\n<div class=\"sc-80531b6b-0 chRIGJ container-text text-embed\">\n<p>El movimiento obrero peronista no apoya a la presidenta del PJ. <strong>Un acontecimiento extraordinario<\/strong> a\u00fan para el siempre extraordinario peronismo.<\/p>\n<\/div>\n<div class=\"sc-80531b6b-0 chRIGJ container-text text-embed\">\n<p>\u201cCristina me ha dicho una cosa hace unas semanas y ahora otra\u201d, se sincer\u00f3 un gobernador del PJ ante <strong>Clar\u00edn <\/strong>sobre la posici\u00f3n de Cristina respecto a las PASO.<\/p>\n<\/div>\n<div class=\"sc-80531b6b-0 chRIGJ container-text text-embed\">\n<p>Esa indecisi\u00f3n fue la puerta necesaria que encontraron varios mandatarios provinciales para acercarse m\u00e1s a\u00fan al oficialismo de Javier Milei. O para despegarse de los K.<\/p>\n<\/div>\n<div class=\"sc-80531b6b-0 chRIGJ container-text text-embed\">\n<p>Kiciloff dej\u00f3 trascender que existen altas chances de que la elecci\u00f3n en Buenos Aires se haga bajo el nuevo sistema con nuevo t\u00e9rmino para el l\u00e9xico pol\u00edtico nacional: \u201cdesdoblamiento\u201d. El bonaerense le ech\u00f3 la culpa de estos cambios a Milei por <strong>haber impulsado la Ley de boleta \u00fanica <\/strong>para sufragar cargos nacionales. Una excusa inofensiva. Pero no para los Kirchner, que estallan de furia. La rebeld\u00eda les nace justo en la Provincia que consideran \u201cpropia\u201d, y en la que hasta cogobiernan en el Gabinete con quien fue, hasta hace poco tiempo, uno de sus disc\u00edpulos ciegos.<\/p>\n<\/div>\n<div class=\"sc-80531b6b-0 chRIGJ container-text text-embed\">\n<p>\u201cCristina, <strong>ten\u00e9s que ir a una interna contra Axel o contra el candidato que \u00e9l ponga <\/strong>en la lista de Diputados\u201d, <strong>le habr\u00eda aconsejado M\u00e1ximo Kirchner <\/strong>a su madre Cristina, en uno de los tantos an\u00e1lisis que hicieron juntos para intentar vencer como sea el gobernador. Discutieron, dicen las fuentes que aseguran que ese planteo existi\u00f3.<\/p>\n<\/div>\n<div class=\"sc-80531b6b-0 chRIGJ container-text text-embed\">\n<p>Es un plan estramb\u00f3tico, que Kiciloff podr\u00eda evitar si quisiese, y que pondr\u00eda a Cristina en un nivel pol\u00edtico m\u00e1s bajo al que est\u00e1 habituada a transitar.<\/p>\n<\/div>\n<div class=\"sc-80531b6b-0 chRIGJ container-text text-embed\">\n<p>\u201cEl sue\u00f1o de la raz\u00f3n produce monstruos\u201d, escribi\u00f3 en uno de sus memorables dibujos el pintor espa\u00f1ol Goya.<\/p>\n<\/div>\n<div class=\"sc-80531b6b-0 chRIGJ container-text text-embed\">\n<p>Los Kirchner, aunque lideran el PJ Nacional, y tambi\u00e9n el PJ bonaerense, <strong>no logran demostrar que son los verdaderos jefes <\/strong>de su movimiento.<\/p>\n<\/div>\n<div class=\"sc-80531b6b-0 chRIGJ container-text text-embed\">\n<p>Con todo, la suspensi\u00f3n de las PASO no fue un tr\u00e1mite f\u00e1cil para el oficialismo.<strong> El proyecto casi zozobra en Diputados<\/strong>. Ocurri\u00f3 el martes pasado, cuando en el plenario de comisiones el oficialismo deb\u00eda conseguir 58 votos a favor de los dict\u00e1menes para que el tema se tratara en el recinto. Durante horas solo rubricaron el proyecto 53 diputados.<\/p>\n<\/div>\n<div class=\"sc-80531b6b-0 chRIGJ container-text text-embed\">\n<p>El presidente de la C\u00e1mara de Diputados, Martin Menem, se acord\u00f3 de una vieja charla que hab\u00eda tenido con el gobernador de Santiago del Este, Gerardo Zamora, seguidor hasta ahora fiel de los Kirchner: <strong>\u201cYo no los apoyar\u00e9 en nada, pero si alguna vez quieren terminar con las PASO, pues cuenten conmigo\u201d<\/strong>.<\/p>\n<\/div>\n<div class=\"sc-80531b6b-0 chRIGJ container-text text-embed\">\n<p>En febrero pasado, Zamora hab\u00eda repetido esa idea en una entrevista con el diario El Liberal.<\/p>\n<\/div>\n<div class=\"sc-80531b6b-0 chRIGJ container-text text-embed\">\n<p>Los operadores de La Libertad Avanza en el Congreso hicieron entonces varios <strong>llamados urgentes a los diputados que responden a ese gobernador<\/strong>. El cruce de comunicaciones bast\u00f3 para conseguir el aval de esos legisladores que firmaron uno de los dict\u00e1menes de minor\u00eda.<\/p>\n<\/div>\n<div class=\"sc-80531b6b-0 chRIGJ container-text text-embed\">\n<p>Despu\u00e9s llegaron las r\u00fabricas, en dictamen en disidencia, de los diputados que trabajaban bajo \u00f3rdenes del gobernador de Catamarca, el tambi\u00e9n peronista, pero cercano al oficialismo, Ra\u00fal Jalil.<\/p>\n<\/div>\n<div class=\"sc-80531b6b-0 chRIGJ container-text text-embed\">\n<p>El ministro de Econom\u00eda, Luis Caputo, <strong>se hab\u00eda reunido con el mandatario de la provincia <\/strong>del norte algunas horas antes.<\/p>\n<\/div>\n<div class=\"sc-80531b6b-0 chRIGJ container-text text-embed\">\n<p>El clima en el bloque del PJ de Diputados era muy malo. En una reuni\u00f3n, uno de los diputados \u201ccamporistas\u201d, el sindicalista \u201cPaco\u201d Manrique (SMATA) intent\u00f3 imponer la orden de los Kirchner para rechazar la suspensi\u00f3n de las PASO: <strong>\u201cEs lo que manda a hacer la superioridad\u201d<\/strong>, dijo. Le respondi\u00f3 azorado el jefe de todos los diputados de Uni\u00f3n por la Patria, Germ\u00e1n Mart\u00ednez: \u201cNadie me comunic\u00f3 nada. Si no libero a cada diputado para que vote a conciencia, no cuenten m\u00e1s conmigo\u201d, habr\u00eda respondido el santafesino.<\/p>\n<\/div>\n<div class=\"sc-80531b6b-0 chRIGJ container-text text-embed\">\n<p>\u00bfPor qu\u00e9 se produce la di\u00e1spora de gobernadores del PJ hacia el calor del poder de Las Fuerzas del Cielo de Milei?<\/p>\n<\/div>\n<div class=\"sc-80531b6b-0 chRIGJ container-text text-embed\">\n<p>No es amor, no es ideolog\u00eda. Es poder.<\/p>\n<\/div>\n<div class=\"sc-80531b6b-0 chRIGJ container-text text-embed\">\n<p>Los gobernadores del PJ, hasta la llegada de Milei a la Casa de Gobierno, <strong>le tem\u00edan a los Kirchner y ninguno se animaba a contradecirlos<\/strong>.<\/p>\n<\/div>\n<div class=\"sc-80531b6b-0 chRIGJ container-text text-embed\">\n<p>Priimero, porque Uni\u00f3n por la Patria<strong> hizo una muy mala gesti\u00f3n<\/strong> bi-presidencial entre Alberto Fern\u00e1ndez y Cristina Kirchner. Luego lleg\u00f3 la derrota electoral en las presidenciales del 2023.<\/p>\n<\/div>\n<div class=\"sc-80531b6b-0 chRIGJ container-text text-embed\">\n<p>Y ahora, pesan las encuestas y el humor social que cada uno palpa en sus distritos.<\/p>\n<\/div>\n<div class=\"sc-80531b6b-0 chRIGJ container-text text-embed\">\n<p><strong>Clar\u00edn<\/strong> pudo saber que buena parte de los mandatarios del PJ que colaboran con el oficialismo no solo est\u00e1n cansados de prestarse a las digitaciones de los Kirchner, sino que act\u00faan simplemente por pragmatismo.<\/p>\n<\/div>\n<div class=\"sc-80531b6b-0 chRIGJ container-text text-embed\">\n<p>Las encuestas les indican que buena parte de sus votantes avalan tambi\u00e9n al presidente Milei.<\/p>\n<\/div>\n<div class=\"sc-80531b6b-0 chRIGJ container-text text-embed\">\n<p><strong>Clar\u00edn<\/strong> accedi\u00f3 a uno de esos sondeos, realizado en una provincia del norte por una consultora de prestigio nacional que, entre otros resultados, concluye con que una amplia mayor\u00eda de los votantes <strong>considera de \u201cmayor importancia\u201d al \u201c\u00e1mbito nacional\u201d que al \u201cprovincial\u201d<\/strong>.<\/p>\n<\/div>\n<div class=\"sc-80531b6b-0 chRIGJ container-text text-embed\">\n<p>Eso, mientras en paralelo una mayor\u00eda tambi\u00e9n responde que votar\u00eda de nuevo al gobernador que actualmente est\u00e1 en el cargo.<\/p>\n<\/div>\n<div class=\"sc-80531b6b-0 chRIGJ container-text text-embed\">\n<p>Como resumi\u00f3 ese mismo mandatario a <strong>Clar\u00edn<\/strong>, pidiendo anonimato: \u201cHermanito, con Milei compartimos votantes. \u00bfC\u00f3mo no lo vamos a ayudar?\u201d.<\/p>\n<\/div>\n<div class=\"sc-80531b6b-0 chRIGJ container-text text-embed\">\n<p>Como se dijo, la suspensi\u00f3n final de las PASO depende ahora de la media sanci\u00f3n a la Ley que se de en el Senado.<\/p>\n<\/div>\n<div class=\"sc-80531b6b-0 chRIGJ container-text text-embed\">\n<p>Si el gobierno la consigue, ser\u00eda otro golpe para Cristina Kirchner.<\/p>\n<\/div>\n<div class=\"sc-80531b6b-0 chRIGJ container-text text-embed\">\n<p>\u00bfPero es la Jefa del Peronismo?<\/p>\n<\/div>\n<div class=\"sc-80531b6b-0 chRIGJ container-text text-embed\">\n<p>Por ahora, es las dos cosas, aunque su poder se debilita demasiado r\u00e1pido.<\/p>\n<\/div>\n<div class=\"sc-80531b6b-0 chRIGJ container-text text-embed\">\n<p>El d\u00eda que asumi\u00f3 al frente del partido, una estructura que siempre detest\u00f3, lo hizo prometiendo que pondr\u00eda &#8220;orden&#8221;, pero al pasar hizo un an\u00e1lisis que tal vez demuestre por qu\u00e9 el peronismo se fractura, se divide, se vuelve a juntar pero no del todo: &#8220;<strong>Hay una aceptaci\u00f3n de la sociedad a una suerte de ejercicio de ajuste violento<\/strong>. Eso no significa una cr\u00edtica social, sino una descripci\u00f3n de lo que estamos viviendo&#8221;.<\/p>\n<\/div>\n<\/div>\n<p><br \/>\n<br \/><a href=\"https:\/\/www.clarin.com\/politica\/dispersion-peronismo-idea-maximo-kirchner-agudizar-pelea-axel-kicillof_0_4IgugNfxl1.html\">Fuente Clarin.com <\/a><\/p>\n","protected":false},"excerpt":{"rendered":"<p>La presidenta del Partido Justicialista, Cristina Kirchner, mare\u00f3 a los dirigentes de su espacio en un tema trascendental para las elecciones legislativas de este a\u00f1o: la suspensi\u00f3n de las PASO. En diciembre, ella repet\u00eda en privado que estaba a favor de que no se vote con ese sistema que su propio Gobierno hab\u00eda hecho ley. [&hellip;]<\/p>\n","protected":false},"author":1,"featured_media":3154,"comment_status":"open","ping_status":"open","sticky":false,"template":"","format":"standard","meta":{"footnotes":""},"categories":[2],"tags":[1571,1687,835,100,5166,3212,488,1381,528,777,1455],"class_list":["post-3153","post","type-post","status-publish","format-standard","has-post-thumbnail","hentry","category-ultimas-noticias","tag-agudizar","tag-axel","tag-contra","tag-del","tag-dispersion","tag-idea","tag-kicillof","tag-kirchner","tag-maximo","tag-pelea","tag-peronismo"],"_links":{"self":[{"href":"https:\/\/13.com.ar\/index.php\/wp-json\/wp\/v2\/posts\/3153","targetHints":{"allow":["GET"]}}],"collection":[{"href":"https:\/\/13.com.ar\/index.php\/wp-json\/wp\/v2\/posts"}],"about":[{"href":"https:\/\/13.com.ar\/index.php\/wp-json\/wp\/v2\/types\/post"}],"author":[{"embeddable":true,"href":"https:\/\/13.com.ar\/index.php\/wp-json\/wp\/v2\/users\/1"}],"replies":[{"embeddable":true,"href":"https:\/\/13.com.ar\/index.php\/wp-json\/wp\/v2\/comments?post=3153"}],"version-history":[{"count":0,"href":"https:\/\/13.com.ar\/index.php\/wp-json\/wp\/v2\/posts\/3153\/revisions"}],"wp:featuredmedia":[{"embeddable":true,"href":"https:\/\/13.com.ar\/index.php\/wp-json\/wp\/v2\/media\/3154"}],"wp:attachment":[{"href":"https:\/\/13.com.ar\/index.php\/wp-json\/wp\/v2\/media?parent=3153"}],"wp:term":[{"taxonomy":"category","embeddable":true,"href":"https:\/\/13.com.ar\/index.php\/wp-json\/wp\/v2\/categories?post=3153"},{"taxonomy":"post_tag","embeddable":true,"href":"https:\/\/13.com.ar\/index.php\/wp-json\/wp\/v2\/tags?post=3153"}],"curies":[{"name":"wp","href":"https:\/\/api.w.org\/{rel}","templated":true}]}}