{"id":3148,"date":"2025-02-08T18:32:29","date_gmt":"2025-02-08T21:32:29","guid":{"rendered":"https:\/\/13.com.ar\/index.php\/a-que-hora-canta-kendrick-lamar-los-artistas-invitados-y-como-ver-en-vivo-el-espectaculo\/"},"modified":"2025-02-08T18:32:29","modified_gmt":"2025-02-08T21:32:29","slug":"a-que-hora-canta-kendrick-lamar-los-artistas-invitados-y-como-ver-en-vivo-el-espectaculo","status":"publish","type":"post","link":"https:\/\/13.com.ar\/index.php\/a-que-hora-canta-kendrick-lamar-los-artistas-invitados-y-como-ver-en-vivo-el-espectaculo\/","title":{"rendered":"a qu\u00e9 hora canta Kendrick Lamar, los artistas invitados y c\u00f3mo ver EN VIVO el espect\u00e1culo"},"content":{"rendered":"<p> <br \/>\n<\/p>\n<div id=\"cuerpo\">\n<div class=\"sc-80531b6b-0 chRIGJ container-text text-embed\">\n<p>El rapero estadounidense <strong>Kendrick Lamar<\/strong>, uno de los grandes triunfadores en los pasados premios <em>Grammy<\/em>, se comprometi\u00f3 el jueves a llevar su pasi\u00f3n y su esencia de contar historias al emblem\u00e1tico concierto del <strong>Super Bowl <\/strong>de la <strong>NFL <\/strong>del domingo.<\/p>\n<\/div>\n<div class=\"sc-80531b6b-0 chRIGJ container-text text-embed\">\n<p>&#8220;Siempre he sido claro sobre el hecho de contar historias en mi repertorio y la historia de mi m\u00fasica&#8230; Me gusta hacer que la gente escuche, pero tambi\u00e9n que piense&#8221;, dijo el artista californiano en una entrevista organizada en <strong>Nueva Orleans <\/strong>por el patrocinador del evento, <em>Apple Music<\/em>.<\/p>\n<\/div>\n<div class=\"sc-80531b6b-0 chRIGJ container-text text-embed\">\n<p>Lamar, de 37 a\u00f1os, fue elegido como el artista principal del &#8216;show&#8217; del entretiempo del partido entre los <strong>Kansas City Chiefs y los Philadelphia Eagles<\/strong>, para el que anunci\u00f3 a <strong>la cantante SZA <\/strong>como invitada especial.<\/p>\n<\/div>\n<div class=\"sc-80531b6b-0 chRIGJ container-text text-embed\">\n<p>El partido en Argentina comienza a las 20.30 horas por lo que el show de Kendrick Lamar deber\u00eda estar empezando no antes de las 21.15, dependiendo de c\u00f3mo se desarrolle el juego.<\/p>\n<\/div>\n<div class=\"sc-80531b6b-0 chRIGJ container-text text-embed\">\n<p>El rapero se subir\u00e1 al escenario del <strong>Caesars Superdome <\/strong>de Nueva Orleans con el impulso de su \u00e9xito en la gala de los Grammy del pasado domingo, en la que arras\u00f3 con cinco galardones.<\/p>\n<\/div>\n<div class=\"sc-198be8ec-0 cynXbu image-embed  image-embed \"><picture class=\"sc-198be8ec-1 kOjRiQ\"><source media=\"(min-width: 975px)\" width=\"720\" height=\"480\" \/><img alt=\"Kendrick Lamar, uno de los grandes ganadores en los Grammy 2025.\" loading=\"lazy\" width=\"720\" height=\"480\" decoding=\"async\" data-nimg=\"1\" style=\"color:transparent\" src=\"https:\/\/13.com.ar\/wp-content\/uploads\/2025\/02\/a-que-hora-canta-Kendrick-Lamar-los-artistas-invitados-y.jpg\"\/><span class=\"epigraphe\">Kendrick Lamar, uno de los grandes ganadores en los Grammy 2025.<\/span><span class=\"bkg\"\/><span class=\"picture-open\"><button class=\"open-image\" aria-label=\"Open Image\"\/><\/span><\/picture><\/div>\n<div class=\"sc-80531b6b-0 chRIGJ container-text text-embed\">\n<p>Uno de ellos fue el de Canci\u00f3n del A\u00f1o con <em>&#8220;Not Like Us&#8221;<\/em>, lanzada en mayo de 2024 y que supone un nuevo episodio en su batalla contra su gran rival Drake, que esta vez incluye acusaciones de <strong>pederastia<\/strong>.<\/p>\n<\/div>\n<div class=\"sc-80531b6b-0 chRIGJ container-text text-embed\">\n<p>&#13;<br \/>\n Los se\u00f1alamientos llevaron a que el cantante canadiense se querellara el mes pasado contra Universal Music Group, la discogr\u00e1fica que ambos comparten, denunciando que el lanzamiento y promoci\u00f3n de &#8220;Not Like Us&#8221; constituyen difamaci\u00f3n y acoso en su contra.<\/p>\n<\/div>\n<div class=\"sc-80531b6b-0 chRIGJ container-text text-embed\">\n<p>Una de las grandes inc\u00f3gnitas ser\u00e1 si Lamar interpretar\u00e1 esta canci\u00f3n en su espect\u00e1culo. El m\u00fasico no abord\u00f3 directamente la cuesti\u00f3n en la sesi\u00f3n del jueves <strong>y se\u00f1al\u00f3 que est\u00e1 &#8220;s\u00f3lo pensando en la cultura&#8221;<\/strong>.<\/p>\n<\/div>\n<div class=\"sc-80531b6b-0 chRIGJ container-text text-embed\">\n<p>&#8220;Cuando la gente habla de rap, lo hacen como si solo se tratara de rapear, no como si fuera <strong>una verdadera forma de arte<\/strong>&#8220;, advirti\u00f3.<\/p>\n<\/div>\n<div class=\"sc-80531b6b-0 chRIGJ container-text text-embed\">\n<p>Echando la mirada atr\u00e1s a sus inicios, el rapero afirm\u00f3 que nunca habr\u00eda imaginado que ser\u00eda el artista principal en un Super Bowl, si bien <strong>en 2022 ya fue parte del espect\u00e1culo <\/strong>junto a otros destacados artistas de hip hop.<\/p>\n<\/div>\n<div class=\"sc-80531b6b-0 chRIGJ container-text text-embed\">\n<p>&#13;<br \/>\n &#8220;Lo que s\u00e9 es que la pasi\u00f3n que tengo ahora sigue siendo la pasi\u00f3n que ten\u00eda entonces&#8221;, record\u00f3.<\/p>\n<\/div>\n<div class=\"sc-80531b6b-0 chRIGJ container-text text-embed\">\n<p>&#13;<br \/>\n Lamar es reconocido como uno de los compositores m\u00e1s impactantes de su generaci\u00f3n, con versos que abordan problemas sist\u00e9micos de la sociedad estadounidense como el racismo y la pobreza estructural.<\/p>\n<\/div>\n<\/div>\n<p><br \/>\n<br \/><a href=\"https:\/\/www.clarin.com\/deportes\/show-medio-tiempo-super-bowl-2025-hora-canta-kendrick-lamar-artistas-invitados-ver-vivo-espectaculo_0_8Y7beGW0Y8.html\">Fuente Clarin.com <\/a><\/p>\n","protected":false},"excerpt":{"rendered":"<p>El rapero estadounidense Kendrick Lamar, uno de los grandes triunfadores en los pasados premios Grammy, se comprometi\u00f3 el jueves a llevar su pasi\u00f3n y su esencia de contar historias al emblem\u00e1tico concierto del Super Bowl de la NFL del domingo. &#8220;Siempre he sido claro sobre el hecho de contar historias en mi repertorio y la [&hellip;]<\/p>\n","protected":false},"author":1,"featured_media":3149,"comment_status":"open","ping_status":"open","sticky":false,"template":"","format":"standard","meta":{"footnotes":""},"categories":[2],"tags":[702,5161,66,5164,713,2897,5162,5163,28,286,827,910],"class_list":["post-3148","post","type-post","status-publish","format-standard","has-post-thumbnail","hentry","category-ultimas-noticias","tag-artistas","tag-canta","tag-como","tag-espectaculo","tag-hora","tag-invitados","tag-kendrick","tag-lamar","tag-los","tag-que","tag-ver","tag-vivo"],"_links":{"self":[{"href":"https:\/\/13.com.ar\/index.php\/wp-json\/wp\/v2\/posts\/3148","targetHints":{"allow":["GET"]}}],"collection":[{"href":"https:\/\/13.com.ar\/index.php\/wp-json\/wp\/v2\/posts"}],"about":[{"href":"https:\/\/13.com.ar\/index.php\/wp-json\/wp\/v2\/types\/post"}],"author":[{"embeddable":true,"href":"https:\/\/13.com.ar\/index.php\/wp-json\/wp\/v2\/users\/1"}],"replies":[{"embeddable":true,"href":"https:\/\/13.com.ar\/index.php\/wp-json\/wp\/v2\/comments?post=3148"}],"version-history":[{"count":0,"href":"https:\/\/13.com.ar\/index.php\/wp-json\/wp\/v2\/posts\/3148\/revisions"}],"wp:featuredmedia":[{"embeddable":true,"href":"https:\/\/13.com.ar\/index.php\/wp-json\/wp\/v2\/media\/3149"}],"wp:attachment":[{"href":"https:\/\/13.com.ar\/index.php\/wp-json\/wp\/v2\/media?parent=3148"}],"wp:term":[{"taxonomy":"category","embeddable":true,"href":"https:\/\/13.com.ar\/index.php\/wp-json\/wp\/v2\/categories?post=3148"},{"taxonomy":"post_tag","embeddable":true,"href":"https:\/\/13.com.ar\/index.php\/wp-json\/wp\/v2\/tags?post=3148"}],"curies":[{"name":"wp","href":"https:\/\/api.w.org\/{rel}","templated":true}]}}