{"id":3144,"date":"2025-02-08T18:08:32","date_gmt":"2025-02-08T21:08:32","guid":{"rendered":"https:\/\/13.com.ar\/index.php\/la-crisis-de-la-seguridad-en-mar-del-plata-con-cuatro-jefes-de-policia-en-menos-de-un-ano-y-dos-muertos-en-una-semana\/"},"modified":"2025-02-08T18:08:32","modified_gmt":"2025-02-08T21:08:32","slug":"la-crisis-de-la-seguridad-en-mar-del-plata-con-cuatro-jefes-de-policia-en-menos-de-un-ano-y-dos-muertos-en-una-semana","status":"publish","type":"post","link":"https:\/\/13.com.ar\/index.php\/la-crisis-de-la-seguridad-en-mar-del-plata-con-cuatro-jefes-de-policia-en-menos-de-un-ano-y-dos-muertos-en-una-semana\/","title":{"rendered":"la crisis de la seguridad en Mar del Plata, con cuatro jefes de Polic\u00eda en menos de un a\u00f1o y dos muertos en una semana"},"content":{"rendered":"<p> <br \/>\n<\/p>\n<div id=\"cuerpo\">\n<div class=\"sc-80531b6b-0 chRIGJ container-text text-embed\">\n<p>Desde la imagen que muestra al comisario inspector Jos\u00e9 Luis Segovia bajando las escaleras rumbo a los calabozos de Tribunales, la cabeza gacha, para prestar declaraci\u00f3n por delitos de corrupci\u00f3n que le endilga la fiscal\u00eda general -por los que est\u00e1 preso desde mayo de 2024-, <strong>Mar del Plata ha tenido tres jefes de Polic\u00eda<\/strong>.<\/p>\n<\/div>\n<div class=\"sc-80531b6b-0 chRIGJ container-text text-embed\">\n<p>No es el retrato de un hombre acorralado por la Justicia: es el reflejo de una instituci\u00f3n con problemas que no son nuevos y cuya crisis <strong>ha sumido a Mar del Plata en la inseguridad<\/strong>.<\/p>\n<\/div>\n<div class=\"sc-80531b6b-0 chRIGJ container-text text-embed\">\n<p>Excepto Segovia, que permaneci\u00f3 tres a\u00f1os en el cargo, quienes lo sucedieron no terminaron de calentar la silla cuando tuvieron que irse. El \u00faltimo, el jefe actual, comisario mayor Edgardo Vulcano, <strong>asumi\u00f3 el lunes pasado y debut\u00f3 de la peor manera<\/strong>: sus agentes equivocaron el blanco y mataron a tiros a un inocente, a <strong>Mat\u00edas Paredes<\/strong>, un joven de 26 a\u00f1os que no ten\u00eda que ver con nada.<\/p>\n<\/div>\n<div class=\"sc-80531b6b-0 chRIGJ container-text text-embed\">\n<p>En medio hubo otros dos jefes: un superintendente regional de la Bonaerense, Miguel Ojeda, que estuvo a cargo de una intervenci\u00f3n de la Jefatura Departamental que dur\u00f3 menos de 2 meses; y el comisario inspector Luis Senra, que estuvo poco m\u00e1s de siete meses, hasta el lunes pasado, cuando desde el Ministerio de Seguridad resolvieron eyectarlo del cargo.<\/p>\n<\/div>\n<div class=\"sc-80531b6b-0 chRIGJ container-text text-embed\">\n<p>Fue el mismo d\u00eda que dos motochorros mataron al kiosquero Cristian Vel\u00e1zquez, que este martes hubiera cumplido 51 a\u00f1os, y fue <strong>asesinado de un disparo a la cabeza<\/strong> cuando intent\u00f3 resistirse al d\u00e9cimo asalto. &#8220;No cumpli\u00f3 con las expectativas&#8221;, confiaron desde el Ministerio de seguridad a medios locales, y Senra fue removido.<\/p>\n<\/div>\n<div class=\"sc-198be8ec-0 cynXbu image-embed  image-embed \"><picture class=\"sc-198be8ec-1 kOjRiQ\"><source media=\"(min-width: 975px)\" width=\"720\" height=\"480\" \/><img alt=\"Cristian Vel\u00e1zquez, el kiosquero asesinado en Mar del Plata. Foto Gentileza La Capital\" loading=\"lazy\" width=\"720\" height=\"480\" decoding=\"async\" data-nimg=\"1\" style=\"color:transparent\" src=\"https:\/\/13.com.ar\/wp-content\/uploads\/2025\/02\/la-crisis-de-la-seguridad-en-Mar-del-Plata-con.jpg\"\/><span class=\"epigraphe\">Cristian Vel\u00e1zquez, el kiosquero asesinado en Mar del Plata. Foto Gentileza La Capital<\/span><span class=\"bkg\"\/><span class=\"picture-open\"><button class=\"open-image\" aria-label=\"Open Image\"\/><\/span><\/picture><\/div>\n<div class=\"sc-80531b6b-0 chRIGJ container-text text-embed\">\n<p>El crimen del comerciante, filmado por sus propias c\u00e1maras de seguridad, fue <strong>el corolario de una larga de saga de delitos<\/strong> que &#8220;vienen en escalada&#8221;, seg\u00fan reconocen las autoridades locales.<\/p>\n<\/div>\n<div class=\"sc-80531b6b-0 chRIGJ container-text text-embed\">\n<p>A Segovia lo acusan de haber liderado <strong>una asociaci\u00f3n il\u00edcita mixta<\/strong> conformada entre uniformados y delincuentes, una organizaci\u00f3n que -seg\u00fan el fiscal general adjunto Marcos Pagella- <strong>hac\u00eda &#8220;caja&#8221; con diferentes delitos<\/strong>, como el control de los arbolitos y la compra-venta de moneda extranjera, el armado de causas y la exigencia de dinero a delincuentes para asegurarles impunidad. El juez de Garant\u00edas Gast\u00f3n De Marco consider\u00f3 que hab\u00eda pruebas &#8220;suficientes y probables&#8221; para dictarle la prisi\u00f3n preventiva.<\/p>\n<\/div>\n<div class=\"sc-80531b6b-0 chRIGJ container-text text-embed\">\n<p>Pero en medio del esc\u00e1ndalo del comisario Segovia, otra investigaci\u00f3n judicial avanzaba y pocos d\u00edas despu\u00e9s, a mediados de julio pasado, terminaba por robustecer el desbarajuste existente en la Polic\u00eda Bonaerense en Mar del Plata: <strong>fue preso tambi\u00e9n el jefe de la Delegaci\u00f3n de Drogas Il\u00edcitas<\/strong>, el \u00e1rea que se encarga justamente del narcomenudeo, uno de los problemas que atraviesan a la ciudad.<\/p>\n<\/div>\n<div class=\"sc-80531b6b-0 chRIGJ container-text text-embed\">\n<p>Ocurr\u00eda que los jefes y el grupo de sus colaboradores m\u00e1s cercanos les quitaban a los polic\u00edas parte de las horas Cores, extras que hacen los agentes y paga el ministerio. Adem\u00e1s <strong>se quedaban con plata y drogas<\/strong> cuando iban a ejecutar \u00f3rdenes de allanamiento. Tambi\u00e9n les probaron que &#8220;plantaban sustancias ilegales&#8221; en registros domiciliarios en los que interven\u00edan.<\/p>\n<\/div>\n<div class=\"sc-80531b6b-0 chRIGJ container-text text-embed\">\n<p>Con los cr\u00edmenes de Mat\u00edas Paredes, asesinado por polic\u00edas de civil el jueves, y del comerciante Vel\u00e1zquez, <strong>suman ocho los homicidios en la ciudad desde mediados de diciembre<\/strong>. En ese escenario, la ministra de Seguridad de la Naci\u00f3n, Patricia Bullrich, estuvo aqu\u00ed ese mismo jueves para anunciar la puesta en marcha de un plan de \u201cacci\u00f3n inmediata en las zonas cr\u00edticas\u201d e \u201cintervenciones focalizadas en los municipios con mayor incidencia de homicidios\u201d. <strong>Enviar\u00e1n fuerzas federales<\/strong>, en marzo; no se precis\u00f3 el n\u00famero.<\/p>\n<\/div>\n<div class=\"sc-198be8ec-0 cynXbu image-embed  image-embed \"><picture class=\"sc-198be8ec-1 kOjRiQ\"><source media=\"(min-width: 975px)\" width=\"720\" height=\"480\" \/><img alt=\"Mat\u00edas Paredes, el joven asesinado en una persecuci\u00f3n policial.\" loading=\"lazy\" width=\"720\" height=\"480\" decoding=\"async\" data-nimg=\"1\" style=\"color:transparent\" src=\"https:\/\/13.com.ar\/wp-content\/uploads\/2025\/02\/1738893852_438_tenia-una-condena-y-era-buscado-por-otros-dos-asaltos.jpg\"\/><span class=\"epigraphe\">Mat\u00edas Paredes, el joven asesinado en una persecuci\u00f3n policial.<\/span><span class=\"bkg\"\/><span class=\"picture-open\"><button class=\"open-image\" aria-label=\"Open Image\"\/><\/span><\/picture><\/div>\n<div class=\"sc-80531b6b-0 chRIGJ container-text text-embed\">\n<p>El intendente de Mar del Plata, Guillermo Montenegro, que acompa\u00f1\u00f3 a Bullrich en el anuncio, lleva adelante una fuerte pol\u00edtica de orden p\u00fablico que profundiz\u00f3 con la llegada de la temporada de verano, compartiendo desde sus redes sociales videos en los que se muestran diferentes tareas de las fuerzas de seguridad municipales, los que desde hace diez d\u00edas portan armas no letales; de momento, ning\u00fan agente las us\u00f3 durante los operativos.<\/p>\n<\/div>\n<div class=\"sc-80531b6b-0 chRIGJ container-text text-embed\">\n<p>La pelea es con trapitos y limpiavidrios, y le ha valido <strong>un nivel de exposici\u00f3n in\u00e9dito<\/strong>, as\u00ed como cruces con la oposici\u00f3n (los que mantiene con el dirigente social Juan Grabois, casi un cl\u00e1sico) y denuncias penales.<\/p>\n<\/div>\n<div class=\"sc-80531b6b-0 chRIGJ container-text text-embed\">\n<p>\u201cAntes de la temporada <strong>viene gente de otros lugares para generar caos<\/strong> y hacerse due\u00f1a de la calle, eso no lo voy a permitir. No solamente es un delito, sino que tambi\u00e9n est\u00e1 la situaci\u00f3n de extorsi\u00f3n permanente en el espacio p\u00fablico. As\u00ed como en su momento fue el Marquesado, donde hubo tomas, est\u00e1 claro que hay muchas de estas cuestiones que son <strong>organizadas por algunos sectores de la pol\u00edtica<\/strong>\u201d, sostiene Montenegro.<\/p>\n<\/div>\n<div class=\"sc-80531b6b-0 chRIGJ container-text text-embed\">\n<p>Con lo de El Marquesado, un campo camino a Miramar, frente al mar, cedido al MTE de Grabois durante el gobierno de Alberto Fern\u00e1ndez, mete a jugar a la pol\u00edtica, y de all\u00ed la figura que utiliza para decir que a la ciudad &#8220;traen gente en camiones&#8221; para cometer delitos. Lo cierto es que un buen n\u00famero de los identificados por los agentes municipales en distintas contravenciones <strong>no son de la ciudad y algunos de ellos ten\u00edan pedido de captura activos por delitos previos<\/strong>.<\/p>\n<\/div>\n<div class=\"sc-80531b6b-0 chRIGJ container-text text-embed\">\n<p>Como fuera, Mar del Plata atraviesa <strong>una situaci\u00f3n &#8220;complicada&#8221; en materia de seguridad<\/strong>. Aumentaron los homicidios, los robos de autos y motos, hay bandas dedicadas al narcomenudeo consolidadas en los barrios que vuelven a resurgir aun despu\u00e9s de cada intervenci\u00f3n policial, robos y hurtos en comercios que se pueden ver todo el tiempo a partir de la difusi\u00f3n de videos p\u00fablicos o privados, y vecinos hastiados.<\/p>\n<\/div>\n<div class=\"sc-198be8ec-0 cynXbu image-embed  image-embed \"><picture class=\"sc-198be8ec-1 kOjRiQ\"><source media=\"(min-width: 975px)\" width=\"720\" height=\"480\" \/><img alt=\"Marcha de vecinos en reclamo de  seguridad, despu\u00e9s del crimen del kiosquero Cristian Vel\u00e1zquez. Foto Diego Izquierdo\" loading=\"lazy\" width=\"720\" height=\"480\" decoding=\"async\" data-nimg=\"1\" style=\"color:transparent\" src=\"https:\/\/13.com.ar\/wp-content\/uploads\/2025\/02\/1739048912_991_la-crisis-de-la-seguridad-en-Mar-del-Plata-con.jpg\"\/><span class=\"epigraphe\">Marcha de vecinos en reclamo de  seguridad, despu\u00e9s del crimen del kiosquero Cristian Vel\u00e1zquez. Foto Diego Izquierdo<\/span><span class=\"bkg\"\/><span class=\"picture-open\"><button class=\"open-image\" aria-label=\"Open Image\"\/><\/span><\/picture><\/div>\n<div class=\"sc-80531b6b-0 chRIGJ container-text text-embed\">\n<p>Luego de Segovia, Ojeda y Senra, el jefe de la Jefatura Departamental de Mar del Plata es <strong>el comisario mayor Edgardo Vulcano<\/strong>, que adem\u00e1s es abogado. Aqu\u00ed ya fue jefe de la Comisar\u00eda Primera, del Departamento de Asuntos Extranjeros, Migraciones y Culto, y de la Polic\u00eda Comunal de General Alvarado, de donde fue desplazado en diciembre de 2021 para &#8220;facilitar la investigaci\u00f3n&#8221; del <strong>asesinato de Luciano Olivera<\/strong>, un adolescente de 16 a\u00f1os baleado en el pecho por un agente de la Polic\u00eda Bonaerense en Miramar.<\/p>\n<\/div>\n<div class=\"sc-80531b6b-0 chRIGJ container-text text-embed\">\n<p>Un caso similar marc\u00f3 el inicio de su gesti\u00f3n como jefe en Mar del Plata, el asesinato a mano de polic\u00edas (hay cinco detenidos) de Mat\u00edas Paredes. El desaf\u00edo que enfrenta es enorme, no solo debe restaurar la credibilidad de una instituci\u00f3n corro\u00edda por la corrupci\u00f3n, sino tambi\u00e9n <strong>darle a Mar del Plata respuestas, y seguridad<\/strong>.<\/p>\n<\/div>\n<\/div>\n<p><br \/>\n<br \/><a href=\"https:\/\/www.clarin.com\/sociedad\/verano-politica-crisis-seguridad-mar-plata-jefes-policia-ano-muertos-semana_0_doyCGPtvvf.html\">Fuente Clarin.com <\/a><\/p>\n","protected":false},"excerpt":{"rendered":"<p>Desde la imagen que muestra al comisario inspector Jos\u00e9 Luis Segovia bajando las escaleras rumbo a los calabozos de Tribunales, la cabeza gacha, para prestar declaraci\u00f3n por delitos de corrupci\u00f3n que le endilga la fiscal\u00eda general -por los que est\u00e1 preso desde mayo de 2024-, Mar del Plata ha tenido tres jefes de Polic\u00eda. No [&hellip;]<\/p>\n","protected":false},"author":1,"featured_media":3145,"comment_status":"open","ping_status":"open","sticky":false,"template":"","format":"standard","meta":{"footnotes":""},"categories":[2],"tags":[530,18,625,1932,100,59,5159,537,263,435,255,1726,316,982,73],"class_list":["post-3144","post","type-post","status-publish","format-standard","has-post-thumbnail","hentry","category-ultimas-noticias","tag-ano","tag-con","tag-crisis","tag-cuatro","tag-del","tag-dos","tag-jefes","tag-mar","tag-menos","tag-muertos","tag-plata","tag-policia","tag-seguridad","tag-semana","tag-una"],"_links":{"self":[{"href":"https:\/\/13.com.ar\/index.php\/wp-json\/wp\/v2\/posts\/3144","targetHints":{"allow":["GET"]}}],"collection":[{"href":"https:\/\/13.com.ar\/index.php\/wp-json\/wp\/v2\/posts"}],"about":[{"href":"https:\/\/13.com.ar\/index.php\/wp-json\/wp\/v2\/types\/post"}],"author":[{"embeddable":true,"href":"https:\/\/13.com.ar\/index.php\/wp-json\/wp\/v2\/users\/1"}],"replies":[{"embeddable":true,"href":"https:\/\/13.com.ar\/index.php\/wp-json\/wp\/v2\/comments?post=3144"}],"version-history":[{"count":0,"href":"https:\/\/13.com.ar\/index.php\/wp-json\/wp\/v2\/posts\/3144\/revisions"}],"wp:featuredmedia":[{"embeddable":true,"href":"https:\/\/13.com.ar\/index.php\/wp-json\/wp\/v2\/media\/3145"}],"wp:attachment":[{"href":"https:\/\/13.com.ar\/index.php\/wp-json\/wp\/v2\/media?parent=3144"}],"wp:term":[{"taxonomy":"category","embeddable":true,"href":"https:\/\/13.com.ar\/index.php\/wp-json\/wp\/v2\/categories?post=3144"},{"taxonomy":"post_tag","embeddable":true,"href":"https:\/\/13.com.ar\/index.php\/wp-json\/wp\/v2\/tags?post=3144"}],"curies":[{"name":"wp","href":"https:\/\/api.w.org\/{rel}","templated":true}]}}