{"id":3141,"date":"2025-02-08T18:01:19","date_gmt":"2025-02-08T21:01:19","guid":{"rendered":"https:\/\/13.com.ar\/index.php\/con-el-oficialismo-confiado-y-el-peronismo-dividido-el-senado-discute-la-suspension-de-las-paso\/"},"modified":"2025-02-08T18:01:19","modified_gmt":"2025-02-08T21:01:19","slug":"con-el-oficialismo-confiado-y-el-peronismo-dividido-el-senado-discute-la-suspension-de-las-paso","status":"publish","type":"post","link":"https:\/\/13.com.ar\/index.php\/con-el-oficialismo-confiado-y-el-peronismo-dividido-el-senado-discute-la-suspension-de-las-paso\/","title":{"rendered":"Con el oficialismo confiado y el peronismo dividido, el Senado discute la suspensi\u00f3n de las PASO"},"content":{"rendered":"<p> <br \/>\n<br \/><img decoding=\"async\" src=\"https:\/\/13.com.ar\/wp-content\/uploads\/2025\/02\/Con-el-oficialismo-confiado-y-el-peronismo-dividido-el-Senado.jpg\" \/><\/p>\n<div id=\"cuerpo\">\n<div class=\"sc-80531b6b-0 chRIGJ container-text text-embed\">\n<p>Tras la media sanci\u00f3n de Diputados, el proyecto de suspensi\u00f3n de las PASO ser\u00e1 debatido en el Senado, donde <strong>el oficialismo se muestra confiado que tendr\u00e1 los 37 votos que se requieren para aprobarlo<\/strong>, por tratarse de una reforma electoral, mientras el bloque de <strong>Uni\u00f3n por la Patria<\/strong> se expone a un debate que puede dejar expuestas sus divisiones.<\/p>\n<\/div>\n<div class=\"sc-80531b6b-0 chRIGJ container-text text-embed\">\n<p>El martes arrancar\u00e1n las reuniones entre los bloques y comenzar\u00e1 a definirse la fecha de <strong>la sesi\u00f3n que ser\u00eda convocada el 19 o 20 de febrero<\/strong>, tal como hab\u00eda anticipado en su momento <strong>Clar\u00edn<\/strong>. Pero, previamente la vicepresidenta\u00a0<strong>Victoria Villarruel<\/strong>, quien est\u00e1 en medio de una fuerte interna con el Gobierno, deber\u00e1 trabajar contrarreloj para conformar una mayor\u00eda que incluya al peronismo, ya que entre los dialoguistas hay sectores que son cr\u00edticos de la reforma y no est\u00e1 garantizado que vayan a darle el voto.<\/p>\n<\/div>\n<div class=\"sc-80531b6b-0 chRIGJ container-text text-embed\">\n<p>Dentro del oficialismo hay optimismo sobre todo luego del abrumador triunfo que la propuesta tuvo en la C\u00e1mara Baja, donde cosech\u00f3 162 votos positivos contra tan s\u00f3lo 55 de rechazo. &#8220;El martes comenzamos a juntar voluntades, pero muchos senadores que en sus provincias tienen eliminadas las PASO no pueden hacer otra cosa&#8221;, reflexion\u00f3 una importante fuente del Senado.<\/p>\n<\/div>\n<p><h2>El oficialismo tendr\u00eda los votos para aprobar la suspensi\u00f3n de las PASO<\/h2>\n<\/p>\n<div class=\"sc-80531b6b-0 chRIGJ container-text text-embed\">\n<p>En principio, el Gobierno cuenta con los 6 votos propios porque el expulsado <strong>Francisco Paoltroni rechaza la propuesta de la Casa Rosada<\/strong>. Adem\u00e1s suma el apoyo del PRO, que pas\u00f3 a ser conducido por Alfredo De Angeli luego de la renuncia del cordob\u00e9s Luis Juez. Aunque en este punto <strong>no est\u00e1 definido c\u00f3mo votar\u00e1 Guadalupe Tagliaferri<\/strong>, quien el a\u00f1o pasado fue cr\u00edtica de los modos en que el Gobierno impuso sus propuestas y sabe de la importancia que las primarias tienen para definir la oferta electoral de espacios como el macrismo.<\/p>\n<\/div>\n<div class=\"sc-80531b6b-0 chRIGJ container-text text-embed\">\n<p>El bloque de la UCR tambi\u00e9n enfrenta la dif\u00edcil disyuntiva, que al igual que en Diputados ya genera opiniones enfrentadas. Uno de los casos referenciales es el de <strong>Carolina Losada<\/strong>, quien sabe que no hubiera llegado a ser senadora por Santa Fe de no haber existido las PASO.<\/p>\n<\/div>\n<div class=\"sc-80531b6b-0 chRIGJ container-text text-embed\">\n<p>Los radicales a\u00fan no se reunieron para tratar el tema y seguramente el fin de semana servir\u00e1 para ir afinando las posiciones. Por ahora Losada y Pablo Blanco, el senador de Tierra del Fuego, defienden la continuidad de las PASO. A ellos se sumar\u00eda Maximiliano Abad, ya que en Diputados, Karina Banfi, quien pertenece a su misma l\u00ednea, se abstuvo. Sin embargo, el correntino Eduardo Vischi, quien comanda la bancada responde al gobernador <strong>Gustavo Vald\u00e9s,<\/strong> seguramente propondr\u00e1 la suspensi\u00f3n de las primarias.<\/p>\n<\/div>\n<div class=\"sc-80531b6b-0 chRIGJ container-text text-embed\">\n<p>Sin embargo, el cambio de la suspensi\u00f3n por la eliminaci\u00f3n de las PASO, que era el objetivo original del Gobierno, trajo un poco de alivio al bloque de la UCR ya que podr\u00edan alinearse los 13 si la medida s\u00f3lo se aplica en esta elecci\u00f3n legislativa, atendiendo s\u00f3lo a la emergencia econ\u00f3mica y pensando en debatir<strong> una reforma pol\u00edtica m\u00e1s amplia para el pr\u00f3ximo ya con miras a las presidenciales de 2027<\/strong>.<\/p>\n<\/div>\n<div class=\"sc-80531b6b-0 chRIGJ container-text text-embed\">\n<p>En el oficialismo cuentan con los votos del salte\u00f1o <strong>Juan Carlos Romero<\/strong>, uno de los aliados del Gobierno, la chubutense Edith Terenzi y la rionegrina M\u00f3nica Silva, quienes responden a los gobernadores <strong>Ignacio &#8220;Nacho&#8221; Torres<\/strong> y <strong>Alberto Weretilneck<\/strong>, respectivamente. Los misioneros Carlos Arce y Sonia Rojas Decut tambi\u00e9n acompa\u00f1ar\u00e1n la propuesta, ya que en Diputados los legisladores del mismo espacio que controla Carlos Rovira votaron por la afirmativa.<\/p>\n<\/div>\n<div class=\"sc-80531b6b-0 chRIGJ container-text text-embed\">\n<p>Otra de las senadoras que se inclinar\u00e1 por la suspensi\u00f3n ser\u00e1 la tucumana Beatriz Avila, quien tiene su bloque Por la Justicia Social, pero suele acompa\u00f1ar las decisiones del macrismo. Mientras que\u00a0a\u00fan no est\u00e1 claro qu\u00e9 posici\u00f3n adoptar\u00e1 la neuquina Lucila Crexell, quien viene jugando con el gobernador <strong>Rolando Figueroa<\/strong>. En la C\u00e1mara Baja, su representante Osvaldo Llancafilo vot\u00f3 con el oficialismo por lo que se especula que se replicar\u00e1 en el Senado.<\/p>\n<\/div>\n<div class=\"sc-80531b6b-0 chRIGJ container-text text-embed\">\n<p>A ellos se suman los dos representantes de Unidad Federal, el correntino Carlos &#8220;Camau&#8221; Esp\u00ednola y la cordobesa Alejandra Vigo. Es una verdadera inc\u00f3gnita c\u00f3mo se posicionar\u00e1n los santacruce\u00f1os Jos\u00e9 Carambia y Natalia Gadano, aunque los diputados que pertenecen al mismo frente electoral del gobernador Claudio Vidal votaron por la suspensi\u00f3n de las primarias.<\/p>\n<\/div>\n<div class=\"sc-80531b6b-0 chRIGJ container-text text-embed\">\n<p><strong>Si todos los dialoguistas se alinean, el oficialismo estar\u00eda justo en los 37 senadores,<\/strong> pero hay que tener en cuenta que varios legisladores\u00a0calificaron de oportunista a la maniobra del Gobierno. <strong>&#8220;Es sabido que a los oficialismo no les gustan las PASO, pero esto que est\u00e1n haciendo es lo m\u00e1s casta que he visto&#8221;<\/strong>, desliz\u00f3 una senadora.<\/p>\n<\/div>\n<div class=\"sc-80531b6b-0 chRIGJ container-text text-embed\">\n<p>Adem\u00e1s, hay que tener en cuenta que dentro de lo que fue Juntos por el Cambio tambi\u00e9n defienden las primarias porque hacen a la democratizaci\u00f3n de los partidos.\u00a0&#8220;La gente no entiende eso porque la pol\u00edtica no supo explicar por qu\u00e9 nos hace mejores las PASO&#8221;, puntualizaron\u00a0desde la oposici\u00f3n.<\/p>\n<\/div>\n<p><h2>El peronismo fragmentado por la suspensi\u00f3n de las PASO<\/h2>\n<\/p>\n<div class=\"sc-80531b6b-0 chRIGJ container-text text-embed\">\n<p>M\u00e1s all\u00e1 de c\u00f3mo terminen de posicionarse los dialoguistas, Villarruel tambi\u00e9n deber\u00e1 captar el voto de Uni\u00f3n por la Patria, que pasar\u00e1 a contar con 34 bancas por el ingreso de Stefan\u00eda Cora en lugar del expulsado Edgardo Kueider. El peronismo llega atravesado por la propia interna partidaria y Jos\u00e9 Mayans deber\u00e1 trabajar para reducir los da\u00f1os que deje esta votaci\u00f3n.<\/p>\n<\/div>\n<div class=\"sc-80531b6b-0 chRIGJ container-text text-embed\">\n<p>Por ahora, en el bloque peronista no hubo una discusi\u00f3n sobre la reforma, pero en Diputados los legisladores que responden a los gobernadores <strong>Ra\u00fal Jalil<\/strong> (Catamarca) y <strong>Gerardo Zamora<\/strong> (Santiago del Estero) votaron con el Gobierno por lo que se espera que esas posiciones se repliquen en el Senado. Lo mismo podr\u00eda pasar con los tucumanos <strong>Juan Manzur<\/strong> y <strong>Sandra Mendoza<\/strong>, ya que Pablo Yedlin, que responde al ex gobernador, vot\u00f3 por la suspensi\u00f3n. Y el sanjuanino Sergio U\u00f1ac ya se expres\u00f3 a favor de la suspensi\u00f3n de las primarias.<\/p>\n<\/div>\n<div class=\"sc-80531b6b-0 chRIGJ container-text text-embed\">\n<p>En ese mismo sentido lo hizo la riojana <strong>Florencia L\u00f3pez<\/strong>, quien se quej\u00f3 porque el Gobierno instala esta agenda electoral cuando &#8220;lo fundamental es el presupuesto porque se redujeron los env\u00edos a las provincias en un 97 o 98 %&#8221;. Pero para la senadora las PASO<strong> &#8220;son una p\u00e9rdida de tiempo y de recursos&#8221;<\/strong>.<\/p>\n<\/div>\n<div class=\"sc-80531b6b-0 chRIGJ container-text text-embed\">\n<p>En s\u00edntesis, los senadores cristinistas buscar\u00e1n evitar el triunfo del Gobierno mientras que los m\u00e1s pegados a los gobernadores ir\u00e1n por la suspensi\u00f3n o la abstenci\u00f3n, como se dio en la C\u00e1mara baja con Luis Basterra, ex ministro del formose\u00f1o <strong>Gildo Insfr\u00e1n<\/strong>.<\/p>\n<\/div>\n<div class=\"sc-80531b6b-0 chRIGJ container-text text-embed\">\n<p>La situaci\u00f3n interna en el peronismo es tensa ya que hay senadores que exploran la posibilidad de armar un bloque propio. Entre ellos est\u00e1n el riojano Fernando Rejal, el catamarque\u00f1o Guillermo Andrada y el santafesino Marcelo Lewandoski, tal como inform\u00f3 este diario.<\/p>\n<\/div>\n<div class=\"sc-80531b6b-0 chRIGJ container-text text-embed\">\n<p>A diferencia de lo ocurrido en Diputados, en el Senado s\u00f3lo fue habilitada para tratar la propuesta la comisi\u00f3n de Asuntos Constitucionales, que qued\u00f3 bajo la presidencia de Sandra Mendoza tras la expulsi\u00f3n de Kueider. La intenci\u00f3n del Gobierno es conseguir dictaminar y una semana despu\u00e9s llevarlo al recinto.<\/p>\n<\/div>\n<\/div>\n<p><br \/>\n<br \/><a href=\"https:\/\/www.clarin.com\/politica\/oficialismo-confiado-peronismo-dividido-senado-discute-suspension-paso_0_dRDHzpjKt2.html\">Fuente Clarin.com <\/a><\/p>\n","protected":false},"excerpt":{"rendered":"<p>Tras la media sanci\u00f3n de Diputados, el proyecto de suspensi\u00f3n de las PASO ser\u00e1 debatido en el Senado, donde el oficialismo se muestra confiado que tendr\u00e1 los 37 votos que se requieren para aprobarlo, por tratarse de una reforma electoral, mientras el bloque de Uni\u00f3n por la Patria se expone a un debate que puede [&hellip;]<\/p>\n","protected":false},"author":1,"featured_media":3142,"comment_status":"open","ping_status":"open","sticky":false,"template":"","format":"standard","meta":{"footnotes":""},"categories":[2],"tags":[18,5151,3327,5152,48,3658,158,1455,5153,1217],"class_list":["post-3141","post","type-post","status-publish","format-standard","has-post-thumbnail","hentry","category-ultimas-noticias","tag-con","tag-confiado","tag-discute","tag-dividido","tag-las","tag-oficialismo","tag-paso","tag-peronismo","tag-senado","tag-suspension"],"_links":{"self":[{"href":"https:\/\/13.com.ar\/index.php\/wp-json\/wp\/v2\/posts\/3141","targetHints":{"allow":["GET"]}}],"collection":[{"href":"https:\/\/13.com.ar\/index.php\/wp-json\/wp\/v2\/posts"}],"about":[{"href":"https:\/\/13.com.ar\/index.php\/wp-json\/wp\/v2\/types\/post"}],"author":[{"embeddable":true,"href":"https:\/\/13.com.ar\/index.php\/wp-json\/wp\/v2\/users\/1"}],"replies":[{"embeddable":true,"href":"https:\/\/13.com.ar\/index.php\/wp-json\/wp\/v2\/comments?post=3141"}],"version-history":[{"count":0,"href":"https:\/\/13.com.ar\/index.php\/wp-json\/wp\/v2\/posts\/3141\/revisions"}],"wp:featuredmedia":[{"embeddable":true,"href":"https:\/\/13.com.ar\/index.php\/wp-json\/wp\/v2\/media\/3142"}],"wp:attachment":[{"href":"https:\/\/13.com.ar\/index.php\/wp-json\/wp\/v2\/media?parent=3141"}],"wp:term":[{"taxonomy":"category","embeddable":true,"href":"https:\/\/13.com.ar\/index.php\/wp-json\/wp\/v2\/categories?post=3141"},{"taxonomy":"post_tag","embeddable":true,"href":"https:\/\/13.com.ar\/index.php\/wp-json\/wp\/v2\/tags?post=3141"}],"curies":[{"name":"wp","href":"https:\/\/api.w.org\/{rel}","templated":true}]}}