{"id":3134,"date":"2025-02-08T17:10:08","date_gmt":"2025-02-08T20:10:08","guid":{"rendered":"https:\/\/13.com.ar\/index.php\/son-una-secta-enferma-de-poder\/"},"modified":"2025-02-08T17:10:08","modified_gmt":"2025-02-08T20:10:08","slug":"son-una-secta-enferma-de-poder","status":"publish","type":"post","link":"https:\/\/13.com.ar\/index.php\/son-una-secta-enferma-de-poder\/","title":{"rendered":"Son una secta enferma de poder"},"content":{"rendered":"<p> <br \/>\n<br \/><img decoding=\"async\" src=\"https:\/\/13.com.ar\/wp-content\/uploads\/2025\/02\/recibio-una-camiseta-firmada-por-Messi.jpg\" \/><\/p>\n<div>\n<p>Javier Milei hizo este s\u00e1bado una<strong> furiosa defensa de Lionel Messi<\/strong> despu\u00e9s de que el periodista K Diego Brancatelli amenazara al capit\u00e1n de la Selecci\u00f3n Argentina por su supuesto apoyo al gobierno y le recriminara haber firmado una camiseta de Inter Miami para el mandatario. &#8220;Esto es el kirchnerismo, una secta enferma de poder&#8221;, dijo el Presidente.<\/p>\n<\/div>\n<div>\n<p>Milei se volc\u00f3, como de costumbre, a X para compartir un fragmento del programa de TV en el que participa Brancatelli en C5N y lo cruz\u00f3: &#8220;Ac\u00e1 podemos observar c\u00f3mo <strong>la basura de Brancatelli<\/strong> amenaza a Lionel Messi, el mejor jugador de f\u00fatbol de la historia, que tenemos la bendici\u00f3n de que sea argentino, y que nos ha dado infinidad de alegr\u00edas a los argentinos, solo por el hecho de que recib\u00ed una camiseta firmada por \u00e9l&#8221;.<\/p>\n<\/div>\n<div>\n<p>Enseguida, el Presidente apel\u00f3 a la generalizaci\u00f3n para advertir que &#8220;el kirchnerismo&#8221; es como Brancatelli. &#8220;<strong>Una secta enferma de poder que llegan al punto de amenazar<\/strong> a nuestros m\u00e1ximos \u00eddolos de la historia s\u00f3lo porque no se suman a su pelea enfermiza por el poder&#8221;, apunt\u00f3. <\/p>\n<\/div>\n<div>\n<p>Milei insisti\u00f3 con sus cr\u00edticas y sostuvo que &#8220;<strong>no pueden aceptar que los argentinos les dieron la espalda<\/strong>. No pueden aceptar que perdieron sus privilegios&#8221;. <\/p>\n<\/div>\n<div>\n<p>Fiel a su estilo, redobl\u00f3 la apuesta como d\u00edas atr\u00e1s contra la izquierda: &#8220;<strong>Est\u00e1n enfermos de poder<\/strong>, de odio, de resentimiento y de envidia, caracter\u00edsticas propias de todos los <strong>zurdos hijos de puta&#8221;.<\/strong><\/p>\n<\/div>\n<div>\n<p>En el final de su descargo, Milei celebr\u00f3 que &#8220;afortunadamente la era en la que personajes como este conduc\u00edan los destinos del pa\u00eds se ha terminado. La libertad avanza y no hay nada que puedan hacer para frenarlo&#8221;.<\/p>\n<\/div>\n<div>\n<p>Brancatelli hab\u00eda encendido la pol\u00e9mica en la pantalla de C5N al sostener que la Selecci\u00f3n tiene <strong>&#8220;un t\u00e9cnico gorila como Scaloni <\/strong>y un grupo de desclasados&#8221;, en referencia a los jugadores.<\/p>\n<\/div>\n<div>\n<p>&#8220;Son una verg\u00fcenza, ninguno se la juega (&#8230;) nadie se preocupa por el pueblo que la est\u00e1 pasando mal. <strong>Diego te extra\u00f1amos<\/strong>&#8220;, apunt\u00f3 Brancatelli contra los futbolistas y deslizando que Maradona estar\u00eda en la vereda de enfrente de Milei.<\/p>\n<\/div>\n<div>\n<p>Puntualmente sobre Messi, lanz\u00f3: &#8220;Banc\u00e1s a este Presidente, cuando esto explote, cuando esto caiga, <strong>vamos a ir a buscarte, eh&#8221;.<\/strong><\/p>\n<\/div>\n<p><br \/>\n<br \/><a href=\"https:\/\/www.clarin.com\/politica\/furiosa-defensa-milei-messi-amenaza-periodista-k-secta-enferma-poder_0_wrhji1bwRY.html\">Fuente Clarin.com <\/a><\/p>\n","protected":false},"excerpt":{"rendered":"<p>Javier Milei hizo este s\u00e1bado una furiosa defensa de Lionel Messi despu\u00e9s de que el periodista K Diego Brancatelli amenazara al capit\u00e1n de la Selecci\u00f3n Argentina por su supuesto apoyo al gobierno y le recriminara haber firmado una camiseta de Inter Miami para el mandatario. &#8220;Esto es el kirchnerismo, una secta enferma de poder&#8221;, dijo [&hellip;]<\/p>\n","protected":false},"author":1,"featured_media":2681,"comment_status":"open","ping_status":"open","sticky":false,"template":"","format":"standard","meta":{"footnotes":""},"categories":[2],"tags":[5146,2140,5145,406,73],"class_list":["post-3134","post","type-post","status-publish","format-standard","has-post-thumbnail","hentry","category-ultimas-noticias","tag-enferma","tag-poder","tag-secta","tag-son","tag-una"],"_links":{"self":[{"href":"https:\/\/13.com.ar\/index.php\/wp-json\/wp\/v2\/posts\/3134","targetHints":{"allow":["GET"]}}],"collection":[{"href":"https:\/\/13.com.ar\/index.php\/wp-json\/wp\/v2\/posts"}],"about":[{"href":"https:\/\/13.com.ar\/index.php\/wp-json\/wp\/v2\/types\/post"}],"author":[{"embeddable":true,"href":"https:\/\/13.com.ar\/index.php\/wp-json\/wp\/v2\/users\/1"}],"replies":[{"embeddable":true,"href":"https:\/\/13.com.ar\/index.php\/wp-json\/wp\/v2\/comments?post=3134"}],"version-history":[{"count":0,"href":"https:\/\/13.com.ar\/index.php\/wp-json\/wp\/v2\/posts\/3134\/revisions"}],"wp:featuredmedia":[{"embeddable":true,"href":"https:\/\/13.com.ar\/index.php\/wp-json\/wp\/v2\/media\/2681"}],"wp:attachment":[{"href":"https:\/\/13.com.ar\/index.php\/wp-json\/wp\/v2\/media?parent=3134"}],"wp:term":[{"taxonomy":"category","embeddable":true,"href":"https:\/\/13.com.ar\/index.php\/wp-json\/wp\/v2\/categories?post=3134"},{"taxonomy":"post_tag","embeddable":true,"href":"https:\/\/13.com.ar\/index.php\/wp-json\/wp\/v2\/tags?post=3134"}],"curies":[{"name":"wp","href":"https:\/\/api.w.org\/{rel}","templated":true}]}}