{"id":30909,"date":"2025-06-04T14:25:31","date_gmt":"2025-06-04T17:25:31","guid":{"rendered":"https:\/\/13.com.ar\/index.php\/las-consultoras-ajustan-la-inflacion-de-mayo-a-la-baja-y-coinciden-en-que-sera-menor-al-2\/"},"modified":"2025-06-04T14:25:31","modified_gmt":"2025-06-04T17:25:31","slug":"las-consultoras-ajustan-la-inflacion-de-mayo-a-la-baja-y-coinciden-en-que-sera-menor-al-2","status":"publish","type":"post","link":"https:\/\/13.com.ar\/index.php\/las-consultoras-ajustan-la-inflacion-de-mayo-a-la-baja-y-coinciden-en-que-sera-menor-al-2\/","title":{"rendered":"Las consultoras ajustan la inflaci\u00f3n de mayo a la baja y coinciden en que ser\u00e1 menor al 2%"},"content":{"rendered":"<p> <br \/>\n<br \/><img decoding=\"async\" src=\"https:\/\/13.com.ar\/wp-content\/uploads\/2025\/06\/Las-consultoras-ajustan-la-inflacion-de-mayo-a-la-baja.jpg\" \/><\/p>\n<div id=\"cuerpo\">\n<div class=\"sc-45461e9c-0 eqiBeF container-text text-embed \" id=\"element-body-0\">\n<p>Con el cierre de mayo, las consultoras privadas fueron achicando las proyecciones de inflaci\u00f3n para el mes. Hasta hace dos semanas, se repart\u00edan entre las que ve\u00edan<strong> la inflaci\u00f3n empezando con 1% y los que la ubicaban en 2%, p<\/strong>ero advert\u00edan que la tendencia era bajista.<\/p>\n<\/div>\n<div class=\"sc-45461e9c-0 eqiBeF container-text text-embed \" id=\"element-body-1\">\n<p>Ahora el consenso del mercado ve el Indice de Precios al Consumidor (IPC) de mayo<strong> entre 1,8% y 1,9%<\/strong>, en l\u00ednea con las expectativas del Gobierno. S\u00ed los planetas se alinean como todos esperan <strong>est\u00e1 ser\u00e1 la inflaci\u00f3n m\u00e1s baja de la era Milei, sino tambi\u00e9n de los \u00faltimos cinco a\u00f1os.<\/strong><\/p>\n<\/div>\n<div class=\"sc-45461e9c-0 eqiBeF container-text text-embed \" id=\"element-body-2\">\n<p>Los \u00faltimos registros del INDEC con inflaci\u00f3n empezando con 1% se registraron son de 2020. En plena pandemia el organismo marc\u00f3 <strong>1,5% en abril y en mayo, mientras que en julio hab\u00eda sido de 1,9%. <\/strong><\/p>\n<\/div>\n<div class=\"sc-45461e9c-0 eqiBeF container-text text-embed \" id=\"element-body-3\">\n<p>EcoGo, Consultores, dirigida por Marina Dal Poggetto, corrigi\u00f3 el pron\u00f3stico del 2,2% que ten\u00eda hace 15 d\u00edas a 1,9%. &#8220;En mayo, la inflaci\u00f3n registr\u00f3 una desaceleraci\u00f3n luego del dato de abril (2,8% INDEC) y<strong> rompiendo, al fin, la tan buscada \u201cbarrera del 2%<\/strong>\u201d, indicaron.<\/p>\n<\/div>\n<div class=\"sc-45461e9c-0 eqiBeF container-text text-embed \" id=\"element-body-4\">\n<p>&#8220;El relevamiento de precios minoristas de C&amp;T para la regi\u00f3n GBA tuvo<strong> un incremento mensual de 1,8%<\/strong> en mayo. Se trata de la menor tasa desde mayo de 2020, en plena pandemia&#8221;, apunta la consultora C&amp;T.<\/p>\n<\/div>\n<div class=\"sc-45461e9c-0 eqiBeF container-text text-embed \" id=\"element-body-5\">\n<p>A su vez, para C&amp;T <strong>la variaci\u00f3n de doce meses se ubic\u00f3 en 42,5%,<\/strong> en este caso, la m\u00e1s baja desde marzo de 2021.<\/p>\n<\/div>\n<div class=\"sc-45461e9c-0 eqiBeF container-text text-embed \" id=\"element-body-6\">\n<p>&#8220;La din\u00e1mica del mes estuvo atravesada por diversos factores: la estabilidad cambiaria, la reducci\u00f3n de impuestos, el \u201cHot Sale\u201d y las menores lluvias, sobre todo en la primera parte del mes&#8221;, se\u00f1alaron.<\/p>\n<\/div>\n<div class=\"sc-45461e9c-0 eqiBeF container-text text-embed \" id=\"element-body-7\">\n<p><strong>&#8220;Las menores lluvias repercutieron en una fuerte baja de las verduras y, en menor medida, las frutas, lo que ayud\u00f3 a la reducci\u00f3n del rubro de alimentos<\/strong>. A ello tambi\u00e9n contribuy\u00f3 la moderaci\u00f3n en panificados, aceites y grasas, y l\u00e1cteos. En las bebidas, las alcoh\u00f3licas tendieron a la baja pero las no alcoh\u00f3licas volvieron a subir a ritmo elevado. En el neto,<strong> el rubro de alimentos y bebidas apenas aument\u00f3 0,4% en el mes&#8221;<\/strong>, indic\u00f3 C&amp;T.<\/p>\n<\/div>\n<div class=\"sc-45461e9c-0 eqiBeF container-text text-embed \" id=\"element-body-8\">\n<p>Econom\u00e9trica registr\u00f3 un alza de precios de 1,9% en mayo. &#8220;Nuestro relevamiento de precios (de tres supermercados del GBA y m\u00e1s de 30.000 precios) capt\u00f3 <strong>un incremento del 1,5% en mayo en el rubro alimentos y bebidas<\/strong>, frente al 2,9% que registr\u00f3 el INDEC el mes previo&#8221;, se\u00f1alaron.<\/p>\n<\/div>\n<div class=\"sc-45461e9c-0 eqiBeF container-text text-embed \" id=\"element-body-9\">\n<p>De acuerdo con el IPC-OJF (GBA), <strong>la inflaci\u00f3n de mayo fue de 1,8%<\/strong> y registr\u00f3 un crecimiento interanual de 41,9%. As\u00ed, la inflaci\u00f3n general acumulada fue de 12,9%, y la inflaci\u00f3n n\u00facleo acumul\u00f3 11,8% en mayo.<\/p>\n<\/div>\n<div class=\"sc-45461e9c-0 eqiBeF container-text text-embed \" id=\"element-body-10\">\n<p>El IPC de Libertad y Progreso (LyP) tuvo<strong> un incremento del 1,8% en mayo, <\/strong>lo que representa una desaceleraci\u00f3n de 1,0 punto porcentual respecto al dato oficial de abril. &#8220;Ser\u00eda el IPC mensual m\u00e1s bajo desde mayo 2020, aunque si se excluyen los a\u00f1os de la pandemia, <strong>ser\u00eda la menor desde noviembre de 2017<\/strong>&#8220;, explicaron.<\/p>\n<\/div>\n<div class=\"sc-45461e9c-0 eqiBeF container-text text-embed \" id=\"element-body-11\">\n<p>&#8220;Estos datos sugieren que,<strong> tras la unificaci\u00f3n cambiaria, la inflaci\u00f3n retom\u00f3 su sendero de desaceleraci\u00f3n<\/strong>. Un sendero que podr\u00e1 continuar en base a una menor incertidumbre, un Banco Central con un balance m\u00e1s sano, y un Tesoro que mantiene el super\u00e1vit fiscal&#8221;, marcaron desde LyP.<\/p>\n<\/div>\n<div class=\"sc-45461e9c-0 eqiBeF container-text text-embed \" id=\"element-body-12\">\n<p>Solo dos consultoras mantienen a la inflaci\u00f3n de mayo arrancando con 2%. &#8220;Seg\u00fan nuestras estimaciones del IPC Nacional (85% del \u00edndice a trav\u00e9s de relevamientos de 130.000 precios y el 15% restante mediante modelos econom\u00e9tricos), en mayo del 2025 el<strong> IPC Nivel General subi\u00f3 2,0% y el IPC N\u00facleo 2,5%&#8221;,<\/strong> sostiene Equilibra.<\/p>\n<\/div>\n<div class=\"sc-45461e9c-0 eqiBeF container-text text-embed \" id=\"element-body-13\">\n<p>La otra consultora es Analytica, que estima<strong> la inflaci\u00f3n del mes pasado en 2,1% <\/strong>&#8220;con cierto margen de error&#8221;. Incluso si se cumpliera este pron\u00f3stico, ser\u00eda la menor variaci\u00f3n de la era Milei, mejorando el 2,2% de enero de este a\u00f1o. <\/p>\n<\/div>\n<div class=\"sc-45461e9c-0 eqiBeF container-text text-embed \" id=\"element-body-14\">\n<p>El INDEC difundir\u00e1 el dato oficial de la inflaci\u00f3n de mayo el <strong>12 de junio.<\/strong><\/p>\n<\/div>\n<\/div>\n<p><br \/>\n<br \/><a href=\"https:\/\/www.clarin.com\/economia\/consultoras-ajustan-inflacion-mayo-baja-coinciden-menor-2_0_A1qvYSP9Pz.html\">Fuente Clarin.com <\/a><\/p>\n","protected":false},"excerpt":{"rendered":"<p>Con el cierre de mayo, las consultoras privadas fueron achicando las proyecciones de inflaci\u00f3n para el mes. Hasta hace dos semanas, se repart\u00edan entre las que ve\u00edan la inflaci\u00f3n empezando con 1% y los que la ubicaban en 2%, pero advert\u00edan que la tendencia era bajista. Ahora el consenso del mercado ve el Indice de [&hellip;]<\/p>\n","protected":false},"author":1,"featured_media":30910,"comment_status":"open","ping_status":"open","sticky":false,"template":"","format":"standard","meta":{"footnotes":""},"categories":[2],"tags":[6718,524,4741,2256,1544,48,9811,2250,153],"class_list":["post-30909","post","type-post","status-publish","format-standard","has-post-thumbnail","hentry","category-ultimas-noticias","tag-ajustan","tag-baja","tag-coinciden","tag-consultoras","tag-inflacion","tag-las","tag-mayo","tag-menor","tag-sera"],"_links":{"self":[{"href":"https:\/\/13.com.ar\/index.php\/wp-json\/wp\/v2\/posts\/30909","targetHints":{"allow":["GET"]}}],"collection":[{"href":"https:\/\/13.com.ar\/index.php\/wp-json\/wp\/v2\/posts"}],"about":[{"href":"https:\/\/13.com.ar\/index.php\/wp-json\/wp\/v2\/types\/post"}],"author":[{"embeddable":true,"href":"https:\/\/13.com.ar\/index.php\/wp-json\/wp\/v2\/users\/1"}],"replies":[{"embeddable":true,"href":"https:\/\/13.com.ar\/index.php\/wp-json\/wp\/v2\/comments?post=30909"}],"version-history":[{"count":0,"href":"https:\/\/13.com.ar\/index.php\/wp-json\/wp\/v2\/posts\/30909\/revisions"}],"wp:featuredmedia":[{"embeddable":true,"href":"https:\/\/13.com.ar\/index.php\/wp-json\/wp\/v2\/media\/30910"}],"wp:attachment":[{"href":"https:\/\/13.com.ar\/index.php\/wp-json\/wp\/v2\/media?parent=30909"}],"wp:term":[{"taxonomy":"category","embeddable":true,"href":"https:\/\/13.com.ar\/index.php\/wp-json\/wp\/v2\/categories?post=30909"},{"taxonomy":"post_tag","embeddable":true,"href":"https:\/\/13.com.ar\/index.php\/wp-json\/wp\/v2\/tags?post=30909"}],"curies":[{"name":"wp","href":"https:\/\/api.w.org\/{rel}","templated":true}]}}