{"id":30871,"date":"2025-06-04T13:01:37","date_gmt":"2025-06-04T16:01:37","guid":{"rendered":"https:\/\/13.com.ar\/index.php\/que-famosos-nacieron-hoy-4-de-junio-y-de-que-signo-son\/"},"modified":"2025-06-04T13:01:37","modified_gmt":"2025-06-04T16:01:37","slug":"que-famosos-nacieron-hoy-4-de-junio-y-de-que-signo-son","status":"publish","type":"post","link":"https:\/\/13.com.ar\/index.php\/que-famosos-nacieron-hoy-4-de-junio-y-de-que-signo-son\/","title":{"rendered":"\u00bfQu\u00e9 famosos nacieron hoy, 4 de junio, y de qu\u00e9 signo son?"},"content":{"rendered":"<p> <br \/>\n<br \/><img decoding=\"async\" src=\"https:\/\/13.com.ar\/wp-content\/uploads\/2025\/06\/\u00bfQue-famosos-nacieron-hoy-4-de-junio-y-de-que.jpg\" \/><\/p>\n<div id=\"element-body-0\">\n<p>Este mi\u00e9rcoles, 4 de junio, adem\u00e1s del <strong>tr\u00e1nsito del d\u00eda<\/strong> protagonizado por Venus y J\u00fapiter hay <strong>cinco celebridades que festejan su cumplea\u00f1os<\/strong> desde distintas partes del mundo.<\/p>\n<\/div>\n<div id=\"element-body-1\">\n<p>Seg\u00fan se puede ver en su carta natal, todos son geminianos; es decir que tienen el <strong>Sol en G\u00e9minis<\/strong>. La astrolog\u00eda precisa que se trata del primer signo de aire y se\u00f1ala, entre sus atributos, la facilidad de palabra, la curiosidad, la capacidad innata de tender puentes entre personas muy distintas.<\/p>\n<\/div>\n<div id=\"element-body-2\">\n<p>Fijate qui\u00e9nes son estas cinco personalidades de Hollywood, el espect\u00e1culo, las artes o el deporte que nacieron un 4 de junio y comparten Sol en G\u00e9minis.<\/p>\n<\/div>\n<div id=\"element-body-5\">\n<p>Nacida en Los \u00c1ngeles, California, esta actriz vino al mundo el <strong>4 de junio de 1975<\/strong>; lo que indica que hoy cumple <strong>50 a\u00f1os<\/strong>. Angelina Jolie Voight es reconocida tanto por su trabajo en la pantalla grande como por su vida personal. Se consagr\u00f3 como una revelaci\u00f3n con papeles como el de Lisa, en <em>Inocencia Interrumpida<\/em>(1999), que le vali\u00f3 un \u00d3scar. Las generaciones m\u00e1s chicas la conocen por su interpretaci\u00f3n en la saga de <em>Mal\u00e9fica. <\/em>Su matrimonio y, cinco a\u00f1os m\u00e1s tarde, su <strong>divorcio del actor Brad Pitt<\/strong> acapararon titulares en todo el mundo. Hasta entonces, fueron considerados una de las parejas m\u00e1s poderosas y queridas de Hollywood.<\/p>\n<\/div>\n<div id=\"element-body-8\">\n<p>Nacido el<strong> 4 de junio de 1971 <\/strong>en Los \u00c1ngeles, California, este actor y productor geminiano alcanz\u00f3 fama en la d\u00e9cada de los noventa por su papel como el novato doctor <strong>John Carter en la serie de televisi\u00f3n <em>E.R.<\/em><\/strong>(1994) y su participaci\u00f3n en la pel\u00edcula <em>Cuesti\u00f3n de honor (<\/em>1992). Durante dos d\u00e9cadas realiz\u00f3 varios papeles secundarios, pero este 2025 volvi\u00f3 a cosechar elogios con el protag\u00f3nico en el nuevo drama m\u00e9dico de HBO Max <em>The Pitt<\/em>, en el que interpreta al jefe del servicio de emergencias Michael Robinavitch en un hospital de Pittsburgh.<em> <\/em><\/p>\n<\/div>\n<div id=\"element-body-11\">\n<p>La actriz argentina <strong>Ang\u00e9lica L\u00f3pez Gamio<\/strong>, famosa por su papel de Matilde en la telenovela de Nen\u00e9 Cascallar <em>El amor tiene cara de mujer<\/em>, naci\u00f3 el 4 de junio de 1922\u200b. A lo largo de su carrera tambi\u00e9n se destac\u00f3 por su participaci\u00f3n en numerosas producciones teatrales y por su afici\u00f3n a la radiofon\u00eda. En los noventa, cuando se hizo un <em>remake <\/em>de la telenovela que la hizo famosa, particip\u00f3 en un nuevo papel. Falleci\u00f3 el 17 de julio de 2011, a los 89 a\u00f1os.<\/p>\n<\/div>\n<div id=\"element-body-14\">\n<p>El futbolista Hern\u00e1n Pellerano naci\u00f3 el <strong>4 de junio de 1984 <\/strong>y cumple 41 a\u00f1os. Ahora desde el banco como asistente t\u00e9cnico, este defensa central debut\u00f3 con el club V\u00e9lez Sarsfield en 2003. Desde entonces y hasta su retiro el a\u00f1o pasado, Pellerano jug\u00f3 en varios equipos de primera divisi\u00f3n dentro y fuera de Argentina. En el pa\u00eds, visti\u00f3 la camiseta de Newell&#8217;s, Independiente y Gimnasia y Esgrima, equipo donde se retir\u00f3 en agosto pasado.<\/p>\n<\/div>\n<div id=\"element-body-17\">\n<p>El futbolista argentino Lucas Pratto naci\u00f3 el<strong> 4 de junio de 1988<\/strong>, en La Plata y hoy cumple 37 a\u00f1os. El delantero, que pas\u00f3 por varios clubes de primera divisi\u00f3n a lo largo de su carrera, incluyendo Boca, Uni\u00f3n de Santa Fe, V\u00e9lez Sarsfield y River; hoy juega con la camiseta del Club Olimpia, en Asunci\u00f3n, Paraguay.<\/p>\n<\/div>\n<div id=\"element-body-19\">\n<p>La astr\u00f3loga Beatriz Leveratto describe a G\u00e9minis como &#8220;el comunicador&#8221; del zodiaco, por su facilidad para trazar puentes, hacer conexiones y buscar siempre nuevos conocimientos. Este signo est\u00e1 regido por el planeta Mercurio, es del elemento aire y su modalidad es mutable.<\/p>\n<\/div>\n<div id=\"element-body-20\">\n<div class=\"sc-c2c2a3c6-1 kQhBlc videoText videoText\">\n<h2>Video<\/h2>\n<p>La astr\u00f3loga Beatriz Leveratto (@bealeveratto) explica qu\u00e9 significa tener Sol, Luna y Ascendente en el signo de los gemelos.<\/p>\n<\/div>\n<\/div>\n<div id=\"element-body-21\">\n<p>La astr\u00f3loga indica que quienes tienen al Sol en G\u00e9minis, como es el caso de las cinco celebridades citadas antes, se distinguen por una forma abierta de ver la vida y un don innato por querer descubrir nuevas formas de vivir y habitar en el mundo. Entre sus m\u00faltiples talentos, el signo de G\u00e9minis es flexible, curioso, adaptable y elocuente. <\/p>\n<\/div>\n<div id=\"element-body-22\">\n<p>Quienes tengan Luna en G\u00e9minis seguramente se sientan muy a gusto en ambientes donde los reconforten usando las palabras y escuch\u00e1ndolos atentamente sin juzgar sus incursiones.<\/p>\n<\/div>\n<div id=\"element-body-23\">\n<p>Si, en cambio, el signo ascendente est\u00e1 en G\u00e9minis, las personas deber\u00e1n incorporar e integrar esas cualidades sin miedo. Dispuestos a saltar hacia lo desconocido de vez en cuando sin estar atados a un plan. Leveratto agrega que, en este caso, es probable que el v\u00ednculo con su(s) hermanos(as) tenga much\u00edsima importancia en su vida.<\/p>\n<\/div>\n<div id=\"element-body-24\">\n<p>Si quer\u00e9s saber m\u00e1s sobre los tr\u00e1nsitos m\u00e1s importantes de la semana y el perfil que caracteriza a las personas con Sol en G\u00e9minis, hac\u00e9 clic en los enlaces.<\/p>\n<\/div>\n<p><br \/>\n<br \/><a href=\"https:\/\/www.clarin.com\/astrologia\/famosos-nacieron-hoy-4-junio-signo_0_WNUeaIgeEv.html\">Fuente Clarin.com <\/a><\/p>\n","protected":false},"excerpt":{"rendered":"<p>Este mi\u00e9rcoles, 4 de junio, adem\u00e1s del tr\u00e1nsito del d\u00eda protagonizado por Venus y J\u00fapiter hay cinco celebridades que festejan su cumplea\u00f1os desde distintas partes del mundo. Seg\u00fan se puede ver en su carta natal, todos son geminianos; es decir que tienen el Sol en G\u00e9minis. La astrolog\u00eda precisa que se trata del primer signo [&hellip;]<\/p>\n","protected":false},"author":1,"featured_media":30872,"comment_status":"open","ping_status":"open","sticky":false,"template":"","format":"standard","meta":{"footnotes":""},"categories":[2],"tags":[2390,147,16525,11633,286,400,406],"class_list":["post-30871","post","type-post","status-publish","format-standard","has-post-thumbnail","hentry","category-ultimas-noticias","tag-famosos","tag-hoy","tag-junio","tag-nacieron","tag-que","tag-signo","tag-son"],"_links":{"self":[{"href":"https:\/\/13.com.ar\/index.php\/wp-json\/wp\/v2\/posts\/30871","targetHints":{"allow":["GET"]}}],"collection":[{"href":"https:\/\/13.com.ar\/index.php\/wp-json\/wp\/v2\/posts"}],"about":[{"href":"https:\/\/13.com.ar\/index.php\/wp-json\/wp\/v2\/types\/post"}],"author":[{"embeddable":true,"href":"https:\/\/13.com.ar\/index.php\/wp-json\/wp\/v2\/users\/1"}],"replies":[{"embeddable":true,"href":"https:\/\/13.com.ar\/index.php\/wp-json\/wp\/v2\/comments?post=30871"}],"version-history":[{"count":0,"href":"https:\/\/13.com.ar\/index.php\/wp-json\/wp\/v2\/posts\/30871\/revisions"}],"wp:featuredmedia":[{"embeddable":true,"href":"https:\/\/13.com.ar\/index.php\/wp-json\/wp\/v2\/media\/30872"}],"wp:attachment":[{"href":"https:\/\/13.com.ar\/index.php\/wp-json\/wp\/v2\/media?parent=30871"}],"wp:term":[{"taxonomy":"category","embeddable":true,"href":"https:\/\/13.com.ar\/index.php\/wp-json\/wp\/v2\/categories?post=30871"},{"taxonomy":"post_tag","embeddable":true,"href":"https:\/\/13.com.ar\/index.php\/wp-json\/wp\/v2\/tags?post=30871"}],"curies":[{"name":"wp","href":"https:\/\/api.w.org\/{rel}","templated":true}]}}