{"id":30869,"date":"2025-06-04T12:58:30","date_gmt":"2025-06-04T15:58:30","guid":{"rendered":"https:\/\/13.com.ar\/index.php\/obtuvo-un-record-guinness-como-la-adolescente-mas-peluda-del-mundo-y-le-decian-mujer-lobo-hoy-luce-muy-diferente\/"},"modified":"2025-06-04T12:58:30","modified_gmt":"2025-06-04T15:58:30","slug":"obtuvo-un-record-guinness-como-la-adolescente-mas-peluda-del-mundo-y-le-decian-mujer-lobo-hoy-luce-muy-diferente","status":"publish","type":"post","link":"https:\/\/13.com.ar\/index.php\/obtuvo-un-record-guinness-como-la-adolescente-mas-peluda-del-mundo-y-le-decian-mujer-lobo-hoy-luce-muy-diferente\/","title":{"rendered":"Obtuvo un r\u00e9cord Guinness como &#8220;la adolescente m\u00e1s peluda del mundo&#8221; y le dec\u00edan &#8220;mujer lobo&#8221;: hoy luce muy diferente"},"content":{"rendered":"<p> <br \/>\n<br \/><img decoding=\"async\" src=\"https:\/\/13.com.ar\/wp-content\/uploads\/2025\/06\/Obtuvo-un-record-Guinness-como-la-adolescente-mas-peluda-del.jpg\" \/><\/p>\n<div id=\"element-body-0\">\n<p>En 2010 una ni\u00f1a tailandesa de 11 a\u00f1os llamada<strong> Supatra Sasuphan <\/strong>se hizo famosa a nivel mundial cuando obtuvo el r\u00e9cord <strong>Guinness <\/strong>de &#8220;l<strong>a adolescente m\u00e1s peluda del mundo<\/strong>&#8220;. En aquel entonces dio a conocer la <strong>condici\u00f3n gen\u00e9tica <\/strong>con la que naci\u00f3, y aunque ahora luce muy diferente, mantiene su esencia y se define de la misma manera, como &#8220;una chica muy alegre&#8221;.<\/p>\n<\/div>\n<div id=\"element-body-1\">\n<p>Tambi\u00e9n conocida como <strong>Nat Sasuphan, <\/strong>hab\u00eda participado del programa de televisi\u00f3n <em>Guinness World Records: Lo Show Dei Record<\/em> en Italia, y durante la emisi\u00f3n le otorgaron la distinci\u00f3n.<\/p>\n<\/div>\n<div id=\"element-body-3\">\n<p>&#8220;<strong>No me siento diferente a nadie m\u00e1s<\/strong>, y tengo muchos amigos en la escuela&#8221;, dec\u00eda en su presentaci\u00f3n. &#8220;Ser peluda me hace especial. \u00a1Este es el d\u00eda m\u00e1s feliz de mi vida!&#8221;, dijo en aquel entonces frente a las c\u00e1maras, acompa\u00f1ada por su padre.<\/p>\n<\/div>\n<div id=\"element-body-4\">\n<p>Supatra tiene una condici\u00f3n gen\u00e9tica extremadamente rara, llamada <strong>S\u00edndrome de Ambras<\/strong>, una forma de <strong>hipertricosis <\/strong>que causa un <strong>crecimiento excesivo de vello corporal<\/strong>,<strong> <\/strong>con propensi\u00f3n a tener pelo grueso en toda la cara, las orejas, los brazos, las piernas y la espalda.<\/p>\n<\/div>\n<div id=\"element-body-6\">\n<p>Seg\u00fan informa el per\u00edodo <em>Daily Mail<\/em>, solo se conocen 50 casos desde la Edad Media. Y cuando particip\u00f3 de aquel programa italiano, analizaron y cuantificaron el caso de Nat seg\u00fan el m\u00e9todo <em>Ferriman Gallwey<\/em>, que eval\u00faa y cuantifica el grado de <strong>hirsutismo <\/strong>en las mujeres.<\/p>\n<\/div>\n<div id=\"element-body-7\">\n<p>&#8220;Estoy muy acostumbrada a esta condici\u00f3n, ya no siento el pelo sobre mi cara porque siempre ha sido as\u00ed; pero a veces me cuesta ver cuando se hace muy largo, y <strong>espero curarme alg\u00fan d\u00eda<\/strong>&#8220;, expres\u00f3 Sasuphan cuando obtuvo el r\u00e9cord Guinness.<\/p>\n<\/div>\n<div id=\"element-body-9\">\n<p>A pesar de su actitud positiva y su sonrisa, algo que siempre la caracteriz\u00f3, tambi\u00e9n sufri\u00f3 <strong><em>bullying <\/em><\/strong>en la escuela. &#8220;<strong>Hab\u00eda algunas personas que sol\u00edan burlarse de m\u00ed y llamarme &#8216;mujer lobo&#8217; o &#8216;cara de mono&#8217;<\/strong>, pero ya no lo hacen, y mi familia y amigos siempre me apoyaron&#8221;, indic\u00f3 la joven de ahora 25 a\u00f1os en entrevistas posteriores.<\/p>\n<\/div>\n<div id=\"element-body-11\">\n<p>Natty Sausuphan <strong>ahora tiene 25 a\u00f1os<\/strong>, vive en la capital de <strong>Tailandia<\/strong>, Bangkok, y tiene una cuenta de Facebook donde publica diariamente. <\/p>\n<\/div>\n<div id=\"element-body-13\">\n<p>En 2018 cont\u00f3 que el tratamiento con l\u00e1ser no detuvo por completo el crecimiento del vello corporal, pero decidi\u00f3 empezar a afeitarse y cambiar por completo su apariencia.<\/p>\n<\/div>\n<div id=\"element-body-14\">\n<p>A los 17 a\u00f1os anunciaba su casamiento con un hombre con el que se hab\u00eda mostrado en varias fotos, pero al poco tiempo confirm\u00f3 su separaci\u00f3n.<\/p>\n<\/div>\n<div id=\"element-body-16\">\n<p>Fiel a su personalidad optimista, dijo que era hora de ser &#8220;libre como el oc\u00e9ano&#8221;, y de un &#8220;nuevo comienzo. En septiembre de 2024 cont\u00f3 que hab\u00eda encontrado &#8220;el amor verdadero&#8221;, y que estaba nuevamente en pareja. Ya llevan ocho meses juntos y se muestran muy enamorados en las redes sociales.  <\/p>\n<\/div>\n<p><br \/>\n<br \/><a href=\"https:\/\/www.clarin.com\/internacional\/obtuvo-record-guinness-adolescente-peluda-mundo-decian-mujer-lobo-hoy-luce-diferente_0_0qKnOIU7t8.html\">Fuente Clarin.com <\/a><\/p>\n","protected":false},"excerpt":{"rendered":"<p>En 2010 una ni\u00f1a tailandesa de 11 a\u00f1os llamada Supatra Sasuphan se hizo famosa a nivel mundial cuando obtuvo el r\u00e9cord Guinness de &#8220;la adolescente m\u00e1s peluda del mundo&#8220;. En aquel entonces dio a conocer la condici\u00f3n gen\u00e9tica con la que naci\u00f3, y aunque ahora luce muy diferente, mantiene su esencia y se define de [&hellip;]<\/p>\n","protected":false},"author":1,"featured_media":30870,"comment_status":"open","ping_status":"open","sticky":false,"template":"","format":"standard","meta":{"footnotes":""},"categories":[2],"tags":[3223,66,6962,100,4069,5814,147,3688,6963,155,138,143,188,11871,15198,562],"class_list":["post-30869","post","type-post","status-publish","format-standard","has-post-thumbnail","hentry","category-ultimas-noticias","tag-adolescente","tag-como","tag-decian","tag-del","tag-diferente","tag-guinness","tag-hoy","tag-lobo","tag-luce","tag-mas","tag-mujer","tag-mundo","tag-muy","tag-obtuvo","tag-peluda","tag-record"],"_links":{"self":[{"href":"https:\/\/13.com.ar\/index.php\/wp-json\/wp\/v2\/posts\/30869","targetHints":{"allow":["GET"]}}],"collection":[{"href":"https:\/\/13.com.ar\/index.php\/wp-json\/wp\/v2\/posts"}],"about":[{"href":"https:\/\/13.com.ar\/index.php\/wp-json\/wp\/v2\/types\/post"}],"author":[{"embeddable":true,"href":"https:\/\/13.com.ar\/index.php\/wp-json\/wp\/v2\/users\/1"}],"replies":[{"embeddable":true,"href":"https:\/\/13.com.ar\/index.php\/wp-json\/wp\/v2\/comments?post=30869"}],"version-history":[{"count":0,"href":"https:\/\/13.com.ar\/index.php\/wp-json\/wp\/v2\/posts\/30869\/revisions"}],"wp:featuredmedia":[{"embeddable":true,"href":"https:\/\/13.com.ar\/index.php\/wp-json\/wp\/v2\/media\/30870"}],"wp:attachment":[{"href":"https:\/\/13.com.ar\/index.php\/wp-json\/wp\/v2\/media?parent=30869"}],"wp:term":[{"taxonomy":"category","embeddable":true,"href":"https:\/\/13.com.ar\/index.php\/wp-json\/wp\/v2\/categories?post=30869"},{"taxonomy":"post_tag","embeddable":true,"href":"https:\/\/13.com.ar\/index.php\/wp-json\/wp\/v2\/tags?post=30869"}],"curies":[{"name":"wp","href":"https:\/\/api.w.org\/{rel}","templated":true}]}}